{"id":1467,"date":"2012-12-17T07:41:00","date_gmt":"2012-12-17T06:41:00","guid":{"rendered":"https:\/\/lavoiedessansvoix.fr\/lavoie\/2012\/12\/17\/archive-les-abo-minables\/"},"modified":"2012-12-17T07:41:00","modified_gmt":"2012-12-17T06:41:00","slug":"archive-les-abo-minables","status":"publish","type":"post","link":"https:\/\/lavoiedessansvoix.fr\/lavoie\/2012\/12\/17\/archive-les-abo-minables\/","title":{"rendered":"LES ABO\u2026MINABLES."},"content":{"rendered":"<p>LES ABO\u2026MINABLES.  Cet homme veut sauver le produit de ce qu\u2019il consid\u00e8re \u00eatre les justes \u00e9moluments de son talent. Il ne s\u2019est manifestement pas pos\u00e9 la question de la justification \u00e9conomique du niveau de sa r\u00e9tribution et de ce que cela sous-tend du point de vue de la justice sociale. Ce ne sera d\u2019ailleurs pas notre propos, nous ne la poserons pas non plus. Depardieu veut payer moins d\u2019imp\u00f4ts. Soit, il va s\u2019abriter juste derri\u00e8re la fronti\u00e8re belge d\u2019o\u00f9 il peut encore avec des longues vues, regarder nostalgique le village gaulois auquel il doit une partie du pr\u00e9cieux contenu de sa cassette.Premier ministre en t\u00eate une bande d\u2019alouates se lance \u00e0 ses trousses, dans un concert de casseroles m\u00e9diatiques, l\u2019injurie, l\u2019humilie, le tance. Minable Depardieu ? C\u2019est possible. M\u00eame les plus grands ont leurs petites bassesses. Mais qui sont-ils eux qui vocif\u00e8rent, pour juger un homme et ass\u00e9ner des sentences ?G\u00e9rard Depardieu lui est un acteur. Le voil\u00e0 certes, pr\u00e9sentement en Arpagon, et ce n\u2019est pas un r\u00f4le de composition. Mais Depardieu c\u2019est aussi Cyrano, la gueule plus que le nez. Ceux que d\u2019autre font en catimini lui le manifeste, le d\u00e9clame bruyamment, comme \u00e0 la sc\u00e8ne, comme \u00e0 la repr\u00e9sentation :Les autres, bien plus nombreux quoique plus discrets, n\u2019abritent-ils pas leurs avoirs dans des paradis fiscaux, au Luxembourg, au Liechtenstein, au Lib\u00e9ria ou au Qatar, ou ailleurs ?. Pour accro\u00eetre leurs dividendes, satisfaire leurs app\u00e9tits pantagru\u00e9liques de profits, certains m\u00eame ne vont-ils pas beaucoup plus loin, jusqu\u2019\u00e0 expatrier plus que les revenus, les usines elles-m\u00eames et les capitaux, ne rechignant pas \u00e0 pr\u00e9cipiter dans la mis\u00e8re des milliers de travailleurs ?Or, tout cela est permis, autoris\u00e9, parfaitement l\u00e9gal ? Cette r\u00e9alit\u00e9 bien plus spoliatrice pour la France et douloureuse pour ses ressortissants, que les manigances d\u2019un acteur, nos gouvernants, de \u00ab Droite \u00bb hier, \u00ab auto labellis\u00e9s de Gauche \u00bb \u00e0 pr\u00e9sent, ne l\u2019avalisent-ils pas ? Plus m\u00eame, par leurs discours ils la justifient, l\u2019assument pleinement : \u00ab C\u2019est la dure loi \u00e9conomique, la modernit\u00e9, la mondialisation contre laquelle ils ne peuvent rien, ou seulement brimer davantage les masses salari\u00e9es, le petit peuple tout entier afin d\u2019am\u00e9liorer la \u00ab comp\u00e9titivit\u00e9 \u00bb pour figurer en bonne place parmi les lions de l\u2019industrie, et les requins de la finance ? \u00bbLeurs impr\u00e9cations contre un \u00ab petit cr\u00e9sus \u00bb trop c\u00e9l\u00e8bre n\u2019ont-elles pas pour objet de dissimuler cette v\u00e9rit\u00e9 ? De la sorte, n\u2019ont-ils pas l\u2019intention de donner \u00e0 croire aux \u00e2mes simples, que pr\u00e9tendument \u00ab de gauche \u00bb, ils entendent brimer les riches, eux qui ne sont en v\u00e9rit\u00e9 que les serviteurs z\u00e9l\u00e9s du capital et de la banque ?Ils hurlent comme des chiens de meute \u00e0 la cur\u00e9e quand passe la caravane de l\u2019acteur honni, parce qu\u2019adul\u00e9, mais se couchent comme des chiens apeur\u00e9s et dociles devant leurs ma\u00eetres, les grands acteurs de l\u2019\u00e9conomie et de la finance.Ceux-l\u00e0 ne sont pas seulement \u00ab minables \u00bb, ils sont abominables.<\/p>\n","protected":false},"excerpt":{"rendered":"<p>LES ABO\u2026MINABLES. Cet homme veut sauver le produit de ce qu\u2019il consid\u00e8re \u00eatre les justes \u00e9moluments de son talent. Il [&hellip;]<\/p>\n","protected":false},"author":1,"featured_media":0,"comment_status":"open","ping_status":"open","sticky":false,"template":"","format":"standard","meta":{"sfsi_plus_gutenberg_text_before_share":"","sfsi_plus_gutenberg_show_text_before_share":"","sfsi_plus_gutenberg_icon_type":"","sfsi_plus_gutenberg_icon_alignemt":"","sfsi_plus_gutenburg_max_per_row":"","site-sidebar-layout":"default","site-content-layout":"","ast-site-content-layout":"default","site-content-style":"default","site-sidebar-style":"default","ast-global-header-display":"","ast-banner-title-visibility":"","ast-main-header-display":"","ast-hfb-above-header-display":"","ast-hfb-below-header-display":"","ast-hfb-mobile-header-display":"","site-post-title":"","ast-breadcrumbs-content":"","ast-featured-img":"","footer-sml-layout":"","ast-disable-related-posts":"","theme-transparent-header-meta":"","adv-header-id-meta":"","stick-header-meta":"","header-above-stick-meta":"","header-main-stick-meta":"","header-below-stick-meta":"","astra-migrate-meta-layouts":"default","ast-page-background-enabled":"default","ast-page-background-meta":{"desktop":{"background-color":"var(--ast-global-color-4)","background-image":"","background-repeat":"repeat","background-position":"center center","background-size":"auto","background-attachment":"scroll","background-type":"","background-media":"","overlay-type":"","overlay-color":"","overlay-opacity":"","overlay-gradient":""},"tablet":{"background-color":"","background-image":"","background-repeat":"repeat","background-position":"center center","background-size":"auto","background-attachment":"scroll","background-type":"","background-media":"","overlay-type":"","overlay-color":"","overlay-opacity":"","overlay-gradient":""},"mobile":{"background-color":"","background-image":"","background-repeat":"repeat","background-position":"center center","background-size":"auto","background-attachment":"scroll","background-type":"","background-media":"","overlay-type":"","overlay-color":"","overlay-opacity":"","overlay-gradient":""}},"ast-content-background-meta":{"desktop":{"background-color":"var(--ast-global-color-5)","background-image":"","background-repeat":"repeat","background-position":"center center","background-size":"auto","background-attachment":"scroll","background-type":"","background-media":"","overlay-type":"","overlay-color":"","overlay-opacity":"","overlay-gradient":""},"tablet":{"background-color":"var(--ast-global-color-5)","background-image":"","background-repeat":"repeat","background-position":"center center","background-size":"auto","background-attachment":"scroll","background-type":"","background-media":"","overlay-type":"","overlay-color":"","overlay-opacity":"","overlay-gradient":""},"mobile":{"background-color":"var(--ast-global-color-5)","background-image":"","background-repeat":"repeat","background-position":"center center","background-size":"auto","background-attachment":"scroll","background-type":"","background-media":"","overlay-type":"","overlay-color":"","overlay-opacity":"","overlay-gradient":""}},"footnotes":""},"categories":[16],"tags":[],"class_list":["post-1467","post","type-post","status-publish","format-standard","hentry","category-archives-cms"],"_links":{"self":[{"href":"https:\/\/lavoiedessansvoix.fr\/lavoie\/wp-json\/wp\/v2\/posts\/1467","targetHints":{"allow":["GET"]}}],"collection":[{"href":"https:\/\/lavoiedessansvoix.fr\/lavoie\/wp-json\/wp\/v2\/posts"}],"about":[{"href":"https:\/\/lavoiedessansvoix.fr\/lavoie\/wp-json\/wp\/v2\/types\/post"}],"author":[{"embeddable":true,"href":"https:\/\/lavoiedessansvoix.fr\/lavoie\/wp-json\/wp\/v2\/users\/1"}],"replies":[{"embeddable":true,"href":"https:\/\/lavoiedessansvoix.fr\/lavoie\/wp-json\/wp\/v2\/comments?post=1467"}],"version-history":[{"count":0,"href":"https:\/\/lavoiedessansvoix.fr\/lavoie\/wp-json\/wp\/v2\/posts\/1467\/revisions"}],"wp:attachment":[{"href":"https:\/\/lavoiedessansvoix.fr\/lavoie\/wp-json\/wp\/v2\/media?parent=1467"}],"wp:term":[{"taxonomy":"category","embeddable":true,"href":"https:\/\/lavoiedessansvoix.fr\/lavoie\/wp-json\/wp\/v2\/categories?post=1467"},{"taxonomy":"post_tag","embeddable":true,"href":"https:\/\/lavoiedessansvoix.fr\/lavoie\/wp-json\/wp\/v2\/tags?post=1467"}],"curies":[{"name":"wp","href":"https:\/\/api.w.org\/{rel}","templated":true}]}}