{"id":1465,"date":"2013-01-11T03:10:00","date_gmt":"2013-01-11T02:10:00","guid":{"rendered":"https:\/\/lavoiedessansvoix.fr\/lavoie\/2013\/01\/11\/archive-je-suis-contre\/"},"modified":"2013-01-11T03:10:00","modified_gmt":"2013-01-11T02:10:00","slug":"archive-je-suis-contre","status":"publish","type":"post","link":"https:\/\/lavoiedessansvoix.fr\/lavoie\/2013\/01\/11\/archive-je-suis-contre\/","title":{"rendered":"JE SUIS CONTRE"},"content":{"rendered":"<p>JE SUIS CONTRECe d\u00e9bat d\u00e9rivatif des questions de soci\u00e9t\u00e9 essentielles eut m\u00e9rit\u00e9 qu\u2019on le d\u00e9daigne. Mais impos\u00e9 par la machine m\u00e9diatique on ne peut plus y \u00e9chapper. Je suis de \u00ab gauche \u00bb ? Non je ne suis pas de gauche. Ce concept politique est une tromperie. Je suis \u00ab de gauche r\u00e9volutionnaire \u00bb, ou, pour \u00eatre tout \u00e0 fait pr\u00e9cis, je suis un militant ouvrier marxiste r\u00e9volutionnaire. Les libert\u00e9s individuelles, je suis pour. Mais permissivit\u00e9 n\u2019est pas libert\u00e9. L\u2019homosexualit\u00e9, je n\u2019ai rien contre. Mais je suis contre le mariage \u00ab gay \u00bb, contre l\u2019adoption homoparentale et bien entendu contre la procr\u00e9ation m\u00e9dicalement assist\u00e9e (PMA) pour les couples homosexuels.Sur la toile certaines araign\u00e9es venimeuses ont d\u00e9j\u00e0 sugg\u00e9r\u00e9 \u00ab que le Patrick Seignon sentait le rouge brun. Alors, je ne doute pas que cette derni\u00e8re prise de position ne leur offre le loisir de s\u2019en donner \u00e0 c\u0153ur joie. C\u2019est le sort de ceux qui osent s\u2019insurger contre l\u2019opinion officielle en ces temps de pens\u00e9e unique. Je me battrais si les al\u00e9as de l\u2019histoire l\u2019exigeaient, au c\u00f4t\u00e9 de juifs agress\u00e9s pour des raisons racistes, religieuses, philosophiques ou communautaristes, mais je sais, parce que je condamne la politique de l\u2019\u00c9tat d\u2019Isra\u00ebl et que je combats le sionisme, que certains me classifient \u00ab antis\u00e9mite \u00bb tout de m\u00eame. Je serai le premier \u00e0 d\u00e9fendre les homosexuels humili\u00e9s, insult\u00e9s ou agress\u00e9s, \u00e0 d\u00e9fendre leur libert\u00e9 individuelle, dont le droit aux orientations sexuelles qui leur agr\u00e9e. Mais dans le temps qui cours, je sais que me voil\u00e0 assimil\u00e9 par certain en un sale homophobe ringard et r\u00e9trograde, parce que je me prononce contre le mariage, l\u2019adoption et la PMA pour les homosexuels.Je ne suis pas de ceux qu\u2019impressionnent les cris de la meute. Je suis contre et je le dis tout haut.Il y a la procr\u00e9ation. Ce n\u2019est ni la faute de l\u2019\u00e9glise ni celle de la soci\u00e9t\u00e9, rien \u00e0 voir avec les tabous jud\u00e9o-chr\u00e9tiens, mais tout simplement avec le fait de nature, celui de la diff\u00e9renciation des sexes. Pour concevoir un enfant il faut, la rencontre d\u2019un ut\u00e9rus, attribut f\u00e9minin, d\u2019un ovule s\u00e9cr\u00e9tion f\u00e9minine et des spermatozo\u00efdes, s\u00e9cr\u00e9tion masculine. De cette astuce de l\u2019\u00e9volution qui est, soit dit en passant un outil de la s\u00e9lection des esp\u00e8ces, d\u00e9coule la cellule familiale, fond\u00e9e sur cette trilogie : la m\u00e8re, le p\u00e8re et leur prog\u00e9niture. Les soci\u00e9t\u00e9s, les religions, n\u2019ont fait que prendre acte, l\u00e9gif\u00e9rer ou sacraliser cette r\u00e9alit\u00e9. Ce n\u2019est pas l\u2019amour qu\u2019encadrent les soci\u00e9t\u00e9s ou les religions, c\u2019est la filiation et le projet de perp\u00e9tuation de l\u2019esp\u00e8ce que contractualisent deux individus qui r\u00e9pondent aux caract\u00e9ristiques n\u00e9cessaires pour honorer un tel contrat. Il va de soi que les homosexuels peuvent s\u2019aimer autant qu\u2019ils veulent, je leur en reconnais bien volontiers le droit absolu et je suis m\u00eame dispos\u00e9 \u00e0 me laisser \u00e9mouvoir par leur tendresse, mais ils ne peuvent en aucun cas satisfaire aux exigences d\u2019un pareil contrat.Il y a l\u2019institution du mariage. Deux \u00eatres, se rencontre, s\u2019aiment, un homme et une femme, ils souhaitent avoir des enfants ensembles, ils le d\u00e9cident librement, entre eux, sans l\u2019intercession d&rsquo;aucunes autorit\u00e9 civile ou religieuse. Ils le d\u00e9cident librement parce qu\u2019ils en ont les aptitudes physiques que leur conf\u00e8rent leurs conformations respectives. Cette r\u00e9alit\u00e9 libre, les religions d\u2019abord, parce qu\u2019elles \u00e9taient l\u2019autorit\u00e9 sociale du temps, les autorit\u00e9s civiles ensuite, ont jug\u00e9 bon de l\u2019encadrer sous la forme d\u2019un sacre ou d\u2019un contrat. On aurait pu tout aussi bien s\u2019en passer. Le mariage n\u2019est pas \u00ab une libert\u00e9 \u00bb, s\u2019en est m\u00eame le contraire. C\u2019est l\u2019ali\u00e9nation des destins de deux individus. Dans la tradition socialiste, r\u00e9volutionnaire, anarchiste, et m\u00eame pour une part r\u00e9publicaine, le mariage a plut\u00f4t une image de contrainte sociale. La libert\u00e9 c\u2019est l\u2019amour libre. Alors, il faut \u00e0 cet aune juger du chemin parcouru dans la r\u00e9gression des id\u00e9es sociales quand l\u2019institution coercitive du mariage devient une pr\u00e9tendue libert\u00e9 revendiqu\u00e9e par les homosexuels, et quand ceux qui s\u2019inscrivent en faux se font traiter de \u00ab ringards \u00bb et de \u00ab liberticides \u00bbIl y a les pratiques sexuelles. Elles sont du domaine de la vie priv\u00e9e et des individus. Elles doivent \u00eatre libres et tol\u00e9r\u00e9es pour autant qu\u2019elles ne constituent pas des agressions contre autrui. Il n\u2019appartient pas, ni \u00e0 la religion ni aux autorit\u00e9s civiles d\u2019interf\u00e9rer dans celles-ci. Or le mariage de deux personnes de m\u00eame sexe est \u00e0 l\u2019\u00e9vidence une intrusion dans un domaine r\u00e9serv\u00e9 de la vie priv\u00e9e des individus puisque celui-ci est fond\u00e9 non sur la procr\u00e9ation et le projet familial, mais sur le particularisme des pratiques sexuelles des \u00e9poux ici pressentis. Il est donc d\u2019une certaine fa\u00e7on discriminatoire et contraire \u00e0 tous les fondements de notre droit.Mais n\u2019est-ce pas pr\u00e9cis\u00e9ment pour cela, \u00e0 cause de cela, que les porteurs du projet de loi ont voulu associer \u00ab le mariage gay avec la question de l\u2019homoparentalit\u00e9 \u00bb ? Les homosexuels, quel que soit leur statut dans leur couple sont physiquement des m\u00e2les et \u00e0 se titre apte \u00e0 se reproduire. Les lesbiennes, quand bien m\u00eame elles pr\u00e9f\u00e8rent la compagnie de leurs s\u0153urs \u00e0 celle des gar\u00e7ons, n\u2019en sont pas moins des femmes, avec dans la plupart des cas, toutes les aptitudes \u00e0 procr\u00e9er. Quand un homo ou une Lesbienne sont parents par les voies de la nature, c\u2019est qu\u2019ils ont eu des rapports sexuels avec un individu de sexe oppos\u00e9. Le papa ou la maman du nouveau-n\u00e9 sont en ce cas la m\u00e8re naturelle ou le m\u00e2le reproducteur, ce ne sont pas les conjoints de leur parent homosexuel. Et il convient que cette filiation soit pleinement assum\u00e9e.Quant \u00e0 l\u2019adoption et \u00e0 la PMA, ne sont-ce pas des fuites en avant pour donner dans le \u00ab concept aberrant d\u2019homoparentalit\u00e9 \u00bb un fondement familial au mariage gay, pendant du projet familial que fonde le mariage traditionnel ?Des c\u00e9libataires peuvent adopter des enfants. Pourquoi pas des homosexuels ? Mais non en leur qualit\u00e9 d\u2019homosexuels, \u00e0 quoi les autorit\u00e9s civiles n\u2019ont th\u00e9oriquement rien \u00e0 voir et rien \u00e0 dire, mais en tant qu\u2019homme ou femme ayant les qualit\u00e9s et aptitudes requises pour \u00e9lever, \u00e9duquer un enfant et le pr\u00e9parer \u00e0 son a venir d\u2019adulte. L\u2019adoption d\u2019enfant, par des homosexuels, n\u2019a pas plus \u00e0 \u00eatre proscrite que prescrite. Il y a d\u00e9j\u00e0 des enfants d\u2019homosexuels, ceux que ceux-ci ont engendr\u00e9s par les voies de nature et dont nul ne saurait leur contester \u00ab la parentalit\u00e9 \u00bb. Mais celle-ci nous l\u2019avons dit rel\u00e8ve de l\u2019exercice de leur sexualit\u00e9 fondamentale et non de leurs orientations particuli\u00e8res. L\u2019adoption dans le cadre que nous venons de d\u00e9finir rel\u00e8ve du droit g\u00e9n\u00e9ral et ne saurait se fonder sur aucune sp\u00e9cificit\u00e9 particuli\u00e8re des pratiques sexuelles des candidats \u00e0 l\u2019adoption.Reste la PMA, \u00ab Procr\u00e9ation m\u00e9dicalement assist\u00e9e \u00bb. L\u2019\u00e9thique commande que celle-ci, qui ne rel\u00e8ve nullement de la libert\u00e9 individuelle, mais de l\u2019intervention des autorit\u00e9s sociales et sanitaires, soit r\u00e9serv\u00e9e aux couples ayant form\u00e9 par leur union un projet familial, et dont l\u2019alt\u00e9ration des aptitudes physiques de l\u2019un ou l\u2019autre emp\u00eache d\u2019acc\u00e9der aux joies de la parentalit\u00e9. Le choix de ne pas procr\u00e9er par les voies de la nature appartient \u00e0 chacun, mais il ne saurait \u00eatre pr\u00e9sent\u00e9 comme une alt\u00e9ration des aptitudes physiques \u00e0 la procr\u00e9ation ouvrant droit \u00e0 l\u2019assistance m\u00e9dicale. Pire m\u00eame, l\u2019ouverture d\u2019un tel droit renvoyant \u00e0 une approche \u00ab m\u00e9dicale \u00bb de l\u2019homosexualit\u00e9 ne risque-t-elle pas de poser les bases \u00ab scientistes \u00bb d\u2019une nouvelle homophobie ? Ce qui est vrai de l\u2019acc\u00e8s des lesbiennes \u00e0 \u00ab l\u2019ins\u00e9mination artificielle \u00bb, est pire encore dans le cas des \u00ab homos m\u00e2les\u00bb devant faire appel aux \u00ab ventres \u00e0 louer \u00bb c&rsquo;est-\u00e0-dire \u00e0 la marchandisation du corps humain et des enfants. Pareille option repr\u00e9senterait une d\u00e9rive grave pour nos soci\u00e9t\u00e9s conduisant \u00e0 leur d\u00e9structuration, \u00e0 la perte de tous les rep\u00e8res et \u00e0 et leur putr\u00e9faction morale.Quelqu\u2019un que j\u2019appr\u00e9cie, f\u00e2ch\u00e9 de ma position, m\u2019a conseill\u00e9 hier de lire, dans le nouvel observateur \u00bb, l\u2019article de Boris Cyrulnik pour lequel j\u2019affiche couramment quelque estime \u00ab Tout enfant a besoin d\u2019une niche affective pour ne pas mourir, mais cette enveloppe est structur\u00e9 de mani\u00e8re diff\u00e9rente selon la culture et les accidents de la vie \u00bb.La culture a des fondements dans la r\u00e9alit\u00e9 des rapports humains eux-m\u00eames sous-tendus par des r\u00e9alit\u00e9s physiques, physiologiques et \u00e9conomiques. Sortie de ces cadres elle n\u2019est plus culture, mais d\u00e9cadence. Quant aux accidents de la vie, ils sont bien assez nombreux, produits des contingences, sans que le l\u00e9gislateur s\u2019emploie \u00e0 en inventer d\u2019autres. Vous voyez, l\u2019ai lu et, d\u00e9sol\u00e9, je maintien, je ne suis pas d\u2019accord. Mais un autre article suivait, celui du proph\u00e8te de la r\u00e9silience, une interview de Sylviane Agacinski, philosophe, identifi\u00e9e \u00e0 \u00ab gauche \u00bb. \u00ab le mariage gay ne peut donc pas construire la filiation \u00bb. \u00ab \u00eatre m\u00e8re ou p\u00e8re d\u00e9pend du sexe, non de l\u2019orientation sexuelle. Nombre d\u2019homosexuels ont d\u2019ailleurs des enfants depuis toujours, avec un ou une partenaire de l\u2019autre sexe. En excluant \u00e0 priori de la filiation soit le p\u00e8re soit la m\u00e8re, l\u2019homoparentalit\u00e9 cr\u00e9erait une in\u00e9galit\u00e9 institutionnelle entre les enfants \u00bb. Et l\u00e0 j\u2019ai partag\u00e9.Nos soci\u00e9t\u00e9s modernes sont de plus en plus coercitives et liberticides. Elles s\u2019efforcent d\u2019occulter cette r\u00e9alit\u00e9 par une permissivit\u00e9 d\u00e9brid\u00e9e. C\u2019est de ce stratag\u00e8me que rel\u00e8ve la loi en pr\u00e9paration sur le \u00ab mariage pour tous \u00bb, dont le nom m\u00eame ressemble \u00e0 une douce plaisanterie. Depuis l\u2019avant-sc\u00e8ne on amuse la galerie avec ces gesticulations, on se pr\u00e9tend \u00ab de gauche \u00bb et les d\u00e9fenseurs jaloux des libert\u00e9s, alors que dans la cour et le jardin, on fait la pire besogne de droite, on trucide les libert\u00e9s r\u00e9elles et l\u2019on asservit le peuple indigent. Si elle est adopt\u00e9e, cette loi contribuera \u00e0 d\u00e9structurer un peu plus notre soci\u00e9t\u00e9, mais elle n\u2019y introduira pas le moindre iota de libert\u00e9 ou de bonheur suppl\u00e9mentaire. Le probl\u00e8me de la libert\u00e9 est ailleurs, dans l\u2019injustice sociale et dans l\u2019asservissement du travail salari\u00e9.<\/p>\n","protected":false},"excerpt":{"rendered":"<p>JE SUIS CONTRECe d\u00e9bat d\u00e9rivatif des questions de soci\u00e9t\u00e9 essentielles eut m\u00e9rit\u00e9 qu\u2019on le d\u00e9daigne. Mais impos\u00e9 par la machine [&hellip;]<\/p>\n","protected":false},"author":1,"featured_media":0,"comment_status":"open","ping_status":"open","sticky":false,"template":"","format":"standard","meta":{"sfsi_plus_gutenberg_text_before_share":"","sfsi_plus_gutenberg_show_text_before_share":"","sfsi_plus_gutenberg_icon_type":"","sfsi_plus_gutenberg_icon_alignemt":"","sfsi_plus_gutenburg_max_per_row":"","site-sidebar-layout":"default","site-content-layout":"","ast-site-content-layout":"default","site-content-style":"default","site-sidebar-style":"default","ast-global-header-display":"","ast-banner-title-visibility":"","ast-main-header-display":"","ast-hfb-above-header-display":"","ast-hfb-below-header-display":"","ast-hfb-mobile-header-display":"","site-post-title":"","ast-breadcrumbs-content":"","ast-featured-img":"","footer-sml-layout":"","ast-disable-related-posts":"","theme-transparent-header-meta":"","adv-header-id-meta":"","stick-header-meta":"","header-above-stick-meta":"","header-main-stick-meta":"","header-below-stick-meta":"","astra-migrate-meta-layouts":"default","ast-page-background-enabled":"default","ast-page-background-meta":{"desktop":{"background-color":"var(--ast-global-color-4)","background-image":"","background-repeat":"repeat","background-position":"center center","background-size":"auto","background-attachment":"scroll","background-type":"","background-media":"","overlay-type":"","overlay-color":"","overlay-opacity":"","overlay-gradient":""},"tablet":{"background-color":"","background-image":"","background-repeat":"repeat","background-position":"center center","background-size":"auto","background-attachment":"scroll","background-type":"","background-media":"","overlay-type":"","overlay-color":"","overlay-opacity":"","overlay-gradient":""},"mobile":{"background-color":"","background-image":"","background-repeat":"repeat","background-position":"center center","background-size":"auto","background-attachment":"scroll","background-type":"","background-media":"","overlay-type":"","overlay-color":"","overlay-opacity":"","overlay-gradient":""}},"ast-content-background-meta":{"desktop":{"background-color":"var(--ast-global-color-5)","background-image":"","background-repeat":"repeat","background-position":"center center","background-size":"auto","background-attachment":"scroll","background-type":"","background-media":"","overlay-type":"","overlay-color":"","overlay-opacity":"","overlay-gradient":""},"tablet":{"background-color":"var(--ast-global-color-5)","background-image":"","background-repeat":"repeat","background-position":"center center","background-size":"auto","background-attachment":"scroll","background-type":"","background-media":"","overlay-type":"","overlay-color":"","overlay-opacity":"","overlay-gradient":""},"mobile":{"background-color":"var(--ast-global-color-5)","background-image":"","background-repeat":"repeat","background-position":"center center","background-size":"auto","background-attachment":"scroll","background-type":"","background-media":"","overlay-type":"","overlay-color":"","overlay-opacity":"","overlay-gradient":""}},"footnotes":""},"categories":[16],"tags":[],"class_list":["post-1465","post","type-post","status-publish","format-standard","hentry","category-archives-cms"],"_links":{"self":[{"href":"https:\/\/lavoiedessansvoix.fr\/lavoie\/wp-json\/wp\/v2\/posts\/1465","targetHints":{"allow":["GET"]}}],"collection":[{"href":"https:\/\/lavoiedessansvoix.fr\/lavoie\/wp-json\/wp\/v2\/posts"}],"about":[{"href":"https:\/\/lavoiedessansvoix.fr\/lavoie\/wp-json\/wp\/v2\/types\/post"}],"author":[{"embeddable":true,"href":"https:\/\/lavoiedessansvoix.fr\/lavoie\/wp-json\/wp\/v2\/users\/1"}],"replies":[{"embeddable":true,"href":"https:\/\/lavoiedessansvoix.fr\/lavoie\/wp-json\/wp\/v2\/comments?post=1465"}],"version-history":[{"count":0,"href":"https:\/\/lavoiedessansvoix.fr\/lavoie\/wp-json\/wp\/v2\/posts\/1465\/revisions"}],"wp:attachment":[{"href":"https:\/\/lavoiedessansvoix.fr\/lavoie\/wp-json\/wp\/v2\/media?parent=1465"}],"wp:term":[{"taxonomy":"category","embeddable":true,"href":"https:\/\/lavoiedessansvoix.fr\/lavoie\/wp-json\/wp\/v2\/categories?post=1465"},{"taxonomy":"post_tag","embeddable":true,"href":"https:\/\/lavoiedessansvoix.fr\/lavoie\/wp-json\/wp\/v2\/tags?post=1465"}],"curies":[{"name":"wp","href":"https:\/\/api.w.org\/{rel}","templated":true}]}}