{"id":1457,"date":"2013-03-16T10:02:00","date_gmt":"2013-03-16T09:02:00","guid":{"rendered":"https:\/\/lavoiedessansvoix.fr\/lavoie\/2013\/03\/16\/archive-alerte-a-la-censure\/"},"modified":"2013-03-16T10:02:00","modified_gmt":"2013-03-16T09:02:00","slug":"archive-alerte-a-la-censure","status":"publish","type":"post","link":"https:\/\/lavoiedessansvoix.fr\/lavoie\/2013\/03\/16\/archive-alerte-a-la-censure\/","title":{"rendered":"ALERTE \u00c0 LA CENSURE"},"content":{"rendered":"<p>ALERTE \u00c0 LA CENSURE Le mercredi 13 mars en d\u00e9but d\u2019apr\u00e8s-midi, nous avons publi\u00e9 un article intitul\u00e9 \u00ab Peut-\u00eatre \u00ab BELLE et B\u00caTE \u00bb surement \u00bb, \u00e0 propos de l\u2019entretien que Marcela Iacub, l\u2019auteur du livre susdit a accord\u00e9 au \u00ab Nouvel Observateur \u00bb (n\u00ba du 21 au 27 f\u00e9vrier). Le lendemain soir, s\u2019agit-il d\u2019un simple hasard, notre Site web \u00ab lavoiedessansvoix.fr \u00bb \u00e9tait inaccessible ? Alors, attaque ou pas ? Censure ou non ? Allons, allons braves gens, pas de parano\u00efa. Renseignement pris il s\u2019agirait d\u2019un simple probl\u00e8me de \u00ab redirection \u00bb. Et de fait, dispositions techniques r\u00e9alis\u00e9es, d\u00e9lais d\u2019attente n\u00e9cessaires, ce matin, samedi 16 mars, \u00ab lavoiedessans voix est \u00e0 nouveau en ligne.Ah ! Mais que\u2026..Trois articles ont disparu, effac\u00e9s, de la page accueil, mais aussi de la m\u00e9moire du Site.  Il s\u2019agit, outre celui concernant \u00ab Belle et B\u00eate \u00bb, le livre de Marcela Iacub, des deux autres articles suivants : 1 \u2013 \u00ab Quel hommage \u00e0 St\u00e9phane Hessel \u00bb publi\u00e9 le 7 mars au matin, 2 \u2013 \u00ab Hugo Chavez est mort, le monde retient son souffle \u00bb, publi\u00e9 lui le 7 mars au soir.La panne apparente se produisant le 14 mars au lendemain de la publication de \u00ab Peut-\u00eatre \u00ab Belle.etc. \u00bb, il nous apparait que les deux autres articles ont \u00e9t\u00e9 victimes d\u2019une volont\u00e9 de diversion. Et de fait, ayant consult\u00e9 nos statistiques de fr\u00e9quentation le 14, nous avons constat\u00e9 qu\u2019apr\u00e8s plusieurs centaines de visites de 1 au 6 mars, il n\u2019y en avait plus aucune \u00e0 cette date. A l\u2019\u00e9vidence nos agresseurs ont voulu faire croire \u00e0 un probl\u00e8me ant\u00e9rieur \u00e0 la publication de cet article afin d\u2019\u00e9garer les soup\u00e7ons.CETTE FOIS, L\u2019ATTAQUE CONTRE \u00ab LA VOIE DES SANS VOIX \u00bb N\u2019EST PLUS UNE SIMPLE SUPPUTATION, ELLE EST AV\u00c9R\u00c9E.Bien s\u00fbr nous allons publier \u00e0 nouveau dans les heures qui viennent les trois articles effac\u00e9s. Nous ne doutons pas que les internautes, chatouilleux sur la question de la libert\u00e9 d\u2019expression, viendrons plus nombreux encore prendre connaissance de ceux-ci.Merci \u00e0 vous.Patrick Seignon. Samedi 16 mars 2013 15 heures.<\/p>\n","protected":false},"excerpt":{"rendered":"<p>ALERTE \u00c0 LA CENSURE Le mercredi 13 mars en d\u00e9but d\u2019apr\u00e8s-midi, nous avons publi\u00e9 un article intitul\u00e9 \u00ab Peut-\u00eatre \u00ab [&hellip;]<\/p>\n","protected":false},"author":1,"featured_media":0,"comment_status":"open","ping_status":"open","sticky":false,"template":"","format":"standard","meta":{"sfsi_plus_gutenberg_text_before_share":"","sfsi_plus_gutenberg_show_text_before_share":"","sfsi_plus_gutenberg_icon_type":"","sfsi_plus_gutenberg_icon_alignemt":"","sfsi_plus_gutenburg_max_per_row":"","site-sidebar-layout":"default","site-content-layout":"","ast-site-content-layout":"default","site-content-style":"default","site-sidebar-style":"default","ast-global-header-display":"","ast-banner-title-visibility":"","ast-main-header-display":"","ast-hfb-above-header-display":"","ast-hfb-below-header-display":"","ast-hfb-mobile-header-display":"","site-post-title":"","ast-breadcrumbs-content":"","ast-featured-img":"","footer-sml-layout":"","ast-disable-related-posts":"","theme-transparent-header-meta":"","adv-header-id-meta":"","stick-header-meta":"","header-above-stick-meta":"","header-main-stick-meta":"","header-below-stick-meta":"","astra-migrate-meta-layouts":"default","ast-page-background-enabled":"default","ast-page-background-meta":{"desktop":{"background-color":"var(--ast-global-color-4)","background-image":"","background-repeat":"repeat","background-position":"center center","background-size":"auto","background-attachment":"scroll","background-type":"","background-media":"","overlay-type":"","overlay-color":"","overlay-opacity":"","overlay-gradient":""},"tablet":{"background-color":"","background-image":"","background-repeat":"repeat","background-position":"center center","background-size":"auto","background-attachment":"scroll","background-type":"","background-media":"","overlay-type":"","overlay-color":"","overlay-opacity":"","overlay-gradient":""},"mobile":{"background-color":"","background-image":"","background-repeat":"repeat","background-position":"center center","background-size":"auto","background-attachment":"scroll","background-type":"","background-media":"","overlay-type":"","overlay-color":"","overlay-opacity":"","overlay-gradient":""}},"ast-content-background-meta":{"desktop":{"background-color":"var(--ast-global-color-5)","background-image":"","background-repeat":"repeat","background-position":"center center","background-size":"auto","background-attachment":"scroll","background-type":"","background-media":"","overlay-type":"","overlay-color":"","overlay-opacity":"","overlay-gradient":""},"tablet":{"background-color":"var(--ast-global-color-5)","background-image":"","background-repeat":"repeat","background-position":"center center","background-size":"auto","background-attachment":"scroll","background-type":"","background-media":"","overlay-type":"","overlay-color":"","overlay-opacity":"","overlay-gradient":""},"mobile":{"background-color":"var(--ast-global-color-5)","background-image":"","background-repeat":"repeat","background-position":"center center","background-size":"auto","background-attachment":"scroll","background-type":"","background-media":"","overlay-type":"","overlay-color":"","overlay-opacity":"","overlay-gradient":""}},"footnotes":""},"categories":[16],"tags":[],"class_list":["post-1457","post","type-post","status-publish","format-standard","hentry","category-archives-cms"],"_links":{"self":[{"href":"https:\/\/lavoiedessansvoix.fr\/lavoie\/wp-json\/wp\/v2\/posts\/1457","targetHints":{"allow":["GET"]}}],"collection":[{"href":"https:\/\/lavoiedessansvoix.fr\/lavoie\/wp-json\/wp\/v2\/posts"}],"about":[{"href":"https:\/\/lavoiedessansvoix.fr\/lavoie\/wp-json\/wp\/v2\/types\/post"}],"author":[{"embeddable":true,"href":"https:\/\/lavoiedessansvoix.fr\/lavoie\/wp-json\/wp\/v2\/users\/1"}],"replies":[{"embeddable":true,"href":"https:\/\/lavoiedessansvoix.fr\/lavoie\/wp-json\/wp\/v2\/comments?post=1457"}],"version-history":[{"count":0,"href":"https:\/\/lavoiedessansvoix.fr\/lavoie\/wp-json\/wp\/v2\/posts\/1457\/revisions"}],"wp:attachment":[{"href":"https:\/\/lavoiedessansvoix.fr\/lavoie\/wp-json\/wp\/v2\/media?parent=1457"}],"wp:term":[{"taxonomy":"category","embeddable":true,"href":"https:\/\/lavoiedessansvoix.fr\/lavoie\/wp-json\/wp\/v2\/categories?post=1457"},{"taxonomy":"post_tag","embeddable":true,"href":"https:\/\/lavoiedessansvoix.fr\/lavoie\/wp-json\/wp\/v2\/tags?post=1457"}],"curies":[{"name":"wp","href":"https:\/\/api.w.org\/{rel}","templated":true}]}}