{"id":1456,"date":"2013-03-16T18:17:00","date_gmt":"2013-03-16T17:17:00","guid":{"rendered":"https:\/\/lavoiedessansvoix.fr\/lavoie\/2013\/03\/16\/archive-quel-hommage-a-stephane-hessel\/"},"modified":"2013-03-16T18:17:00","modified_gmt":"2013-03-16T17:17:00","slug":"archive-quel-hommage-a-stephane-hessel","status":"publish","type":"post","link":"https:\/\/lavoiedessansvoix.fr\/lavoie\/2013\/03\/16\/archive-quel-hommage-a-stephane-hessel\/","title":{"rendered":"QUEL HOMMAGE A ST\u00c9PHANE HESSEL ?"},"content":{"rendered":"<p>QUEL HOMMAGE A ST\u00c9PHANE HESSEL ?Cet article d\u00e9j\u00e0 publi\u00e9 le 7 mars, a disparu de nos \u00e9crans le 14 \u00e0 la suite d\u2019une attaque contre \u00ab lavoiedessansvoie.fr \u00bb. Ceci est une nouvelle publication (16\/3\/2013 apr\u00e8s 23 heures)QUEL HOMMAGE A ST\u00c9PHANE HESSEL ?\u00ab Les morts sont tous des braves types \u00bb a dit Georges Brassens. Voil\u00e0 t-y pas que la mort ferait tout \u00e0 coup de St\u00e9phane Hessel une figure embl\u00e9matique de la r\u00e9publique, de celles fort rares qui m\u00e9rite de \u00ab s\u00e9journer \u00bb au Panth\u00e9on ?St\u00e9phane Hessel, le vieil homme qui lance un cri en direction de la jeunesse : \u00ab indignez-vous ! \u00bb dans cette \u00e9poque de r\u00e9signation, nous sommes de ceux qui ont appr\u00e9ci\u00e9. Mais il faut savoir garder la mesure des choses. Le succ\u00e8s de librairie de son modeste ouvrage ne tient-il pas pr\u00e9cis\u00e9ment \u00e0 ceci qu\u2019il appelait \u00e0 s\u2019indigner des populations qui ont moult raisons de le faire, et m\u00eame d\u2019avantages ? L\u2019\u0153uvre qui l\u2019a rendu c\u00e9l\u00e8bre ne m\u00e9rite tout de m\u00eame pas de quoi se p\u00e2mer ainsi. Il s\u2019agit juste d\u2019un opuscule qui entrait en r\u00e9sonnance avec un sentiment grandissant. Nonobstant cette contingence favorable, il faut bien admettre que St\u00e9phane Hessel n\u2019a pas, en le commettant, fait \u0153uvre de penseur, ni de philosophe ni m\u00eame de proph\u00e8te. Par del\u00e0 le succ\u00e8s r\u00e9cent de l\u2019auteur, il y avait l\u2019homme. Et l\u2019homme de toute \u00e9vidence m\u00e9ritait quelques sympathies. R\u00e9sistant, il avait rejoint \u00ab les forces fran\u00e7aises libres \u00e0 Londres \u00bb et travaill\u00e9 comme agent de renseignements, diplomate il a contribu\u00e9 \u00e0 la r\u00e9daction de la d\u00e9claration universelle des droits de l\u2019homme de 1948. Politiquement engag\u00e9 \u00e0 \u00ab Gauche \u00bb, militant pro palestinien et antisioniste, po\u00e8te de surcro\u00eet, il avait plusieurs de ces m\u00e9rites et qualit\u00e9s que nous appr\u00e9cions fort. C\u2019est pour toutes ces raisons que nous honorons sa m\u00e9moire.Mais de l\u00e0 \u00e0 \u00ab l\u2019empanth\u00e9onner \u00bb n\u2019y a-t-il pas l\u00e0 un manque de discernement ?\u2013    \u00ab Politiquement engag\u00e9 \u00e0 \u00ab gauche \u00bb. Si cette inclination pr\u00e9sage de l\u2019adh\u00e9sion \u00e0 quelques valeurs, que nous ne pouvons qu\u2019approuver, ce n\u2019est pas tout de m\u00eame suffisamment pr\u00e9cis. Quand on voit ce qu\u2019est v\u00e9ritablement \u00ab la gauche \u00bb, auxiliaire patent\u00e9e du pouvoir du capital, la r\u00e9f\u00e9rence \u00e0 celle-ci ne parait pas devoir \u00eatre la bonne formule cabalistique pour ouvrir les portes du grand temple national\u2013    La qualit\u00e9 de Po\u00e8te, si elle rend l\u2019homme fort sympathique, parait \u00eatre bien insuffisante aussi pour lui revendiquer une place aupr\u00e8s de Victor Hugo.\u2013    La \u00ab D\u00e9claration universelle des droits de l\u2019homme \u00bb ? Il en fut un des scribes et multiples contributeurs, pas vraiment un auteur. Au demeurant, celle-ci, comme arme id\u00e9ologique de la guerre froide que l\u2019Occident allait entreprendre contre l\u2019esp\u00e9rance socialiste des peuples, n\u2019a pas \u00e0 son actif que des lettres de gloire. L\u2019une de ses ambitions premi\u00e8res n\u2019a-t-elle pas \u00e9t\u00e9 de sacraliser en le gravant dans \u00ab le marbre des tables de la loi lib\u00e9rale \u00bb le droit de \u00ab propri\u00e9t\u00e9 priv\u00e9e des moyens de production \u00bb que le bon sens r\u00e9prouve et qui est la cause, aujourd\u2019hui, des malheurs qui s\u2019accumulent et accablent l\u2019humanit\u00e9 ? Trop peu pour que cette contribution soit un s\u00e9same apte \u00e0 lui ouvrir les portes du grand mausol\u00e9e de la R\u00e9publique.\u2013    Quand \u00e0 la \u00ab R\u00e9sistance \u00bb, St\u00e9phane Hessel fut au nombre de ceux qui rejoignirent \u00e0 Londres, les forces fran\u00e7aises libres du G\u00e9n\u00e9ral de Gaulle. Cela \u00e9tait fort bien \u00e0 l\u2019heure o\u00f9 un grand nombre collaboraient avec les forces occupantes quand \u00e9taient majoritaires ceux qui \u00ab se r\u00e9signaient \u00bb au nouvel \u00e9tat des choses. C\u2019est donc avec respect que nous nous inclinons devant son courage et son engagement. Mais ceux pour lesquels cette raison justifie son entr\u00e9e au Panth\u00e9on, ont, je le crains une grande ignorance de cette page noire de notre histoire presque r\u00e9cente. Ont-ils seulement song\u00e9 aux cons\u00e9quences perverses de leur revendication ? Jean Moulin, qui dors au Panth\u00e9on repr\u00e9sente cette partie de la r\u00e9sistance fran\u00e7aise \u00e0 l\u2019occupation allemande, qui travailla sous la direction du G\u00e9n\u00e9ral de Gaulle, en \u00e9troite collaboration avec les forces alli\u00e9es et dont l\u2019action consista, pour l\u2019essentiel, jusqu\u2019au d\u00e9barquement du 6 juin 1944, a faire du renseignement. Or une autre partie de la r\u00e9sistance est de plus en plus, totalement occult\u00e9e de la m\u00e9moire collective. N\u2019est-il pas paradoxal, que la filmographie fran\u00e7aise qui \u00e9voque cette p\u00e9riode, ce soit surtout cantonn\u00e9 dans la farce ou le conte moralisateur, \u00ab la travers\u00e9e de Paris \u00bb,  \u00ab Le mur de l\u2019Atlantique \u00bb, \u00ab Papi fait de la r\u00e9sistance \u00bb ou \u00ab Monsieur Batignolles \u00bb et que l\u2019une des rares oeuvres ambitionnant de rendre compte de la r\u00e9alit\u00e9 historique fusse \u00ab R\u00e9sistance fer \u00bb, un film am\u00e9ricain d\u00e9j\u00e0 ancien. L\u2019histoire de la R\u00e9sistance en France souffre d\u2019une vaste entreprise de falsification, qui voudrait la r\u00e9duire \u00e0 la seule action du G\u00e9n\u00e9ral de Gaulle et des forces fran\u00e7aises libres et \u00e0 son r\u00f4le d\u2019auxiliaire du renseignement des forces alli\u00e9es. Si bien que vouloir ouvrir au Panth\u00e9on, une place \u00e0 St\u00e9phane Hessel, figure, certes sympathique, mais de deuxi\u00e8me importance, d\u2019une des formes de la r\u00e9sistance, n\u2019est-ce pas vouloir faire une place trop grande \u00e0 celle-ci au d\u00e9triment de l\u2019autre la r\u00e9sistance populaire, active, de terrain, celle des francs-tireurs et partisans. N\u2019est-ce pas apporter, consciemment ou non, sa pierre \u00e0 l\u2019\u0153uvre de falsification qui veut discr\u00e9diter, ou mieux, effacer la r\u00e9sistance populaire ? Celle-ci en effet a deux d\u00e9fauts intrins\u00e8ques et r\u00e9dhibitoires aux yeux des classes dirigeantes et du syst\u00e8me. 1) \u00c9manation du peuple, \u00e0 l\u2019heure o\u00f9 les classes dirigeantes du pays, guid\u00e9es par le sentiment dominant d\u2019alors : \u00ab mieux vaut Hitler que le Front populaire \u00bb, faisaient dans la collaboration ou adh\u00e9raient \u00e0 Vichy, son souvenir qui les accuse leur est insupportable. 2) \u00c9manation du peuple, n\u2019est-elle pas pour les g\u00e9n\u00e9rations une le\u00e7on de r\u00e9volte et de refus de la r\u00e9signation. Pr\u00e9cis\u00e9ment le message que St\u00e9phane Hessel a voulu transmettre au cr\u00e9puscule de son existence. Les r\u00e9sistants combattants, les grands, les vrais, s\u2019appelaient Albin Durand, Pierre S\u00e9mard, Missak Manouchian, Charles Tillon, et des milliers d\u2019autres, anonymes ou revenus \u00e0 l\u2019anonymat. S\u2019il en est un, parmi ceux-ci, qui m\u00e9rite de reposer au Panth\u00e9on, parce qu\u2019il incarne l\u2019esprit de combat des peuples, parce que ce fut un grand homme, marin r\u00e9volt\u00e9 de la mer Noire en 1919, combattant des brigades internationales en Espagne contre Franco et ses alli\u00e9s Hitler et Mussolini, militant syndical et cadre de la CGTU, organisateur et chef d\u2019\u00c9tat major des \u00ab Francs Tireurs et Partisans \u00bb en France, ministre du gouvernement provisoire du G\u00e9n\u00e9ral de Gaulle, \u00e9crivain, c\u2019est bien celui-ci,Charles Tillon, d\u00e9c\u00e9d\u00e9 en 1993, lui aussi \u00e0 l\u2019\u00e2ge de quatre-vingt-quinze ans. Quelques-uns qui militaient pour ce transfert de la d\u00e9pouille de St\u00e9phane Hessel, prendrez probablement ombrage de notre propos. Pourtant, nous osons croire, nous, que celui-ci, homme r\u00e9serv\u00e9, conscient de l\u2019iniquit\u00e9 dont est coupable l\u2019histoire \u00e0 l\u2019\u00e9gard de ces indign\u00e9s qui vers\u00e8rent leur sang au nom sacr\u00e9 de la justice et de la libert\u00e9, aurait milit\u00e9 lui-m\u00eame pour c\u00e9der la place \u00e0 l\u2019un de leurs repr\u00e9sentants. Il eut compris \u00e0 quel point notre propos prolongeait son message ultime : \u00ab Indignez-vous ! \u00bb, bien plus que la proposition bien futile de sa propre admission au Panth\u00e9on.Quant \u00e0 St\u00e9phane Hessel, lui le Juif antisioniste, en militant pour la reconnaissance des droits nationaux du peuple palestinien, ne s\u2019est-il pas acquis une autre place, dans un autre Panth\u00e9on class\u00e9 au patrimoine immat\u00e9riel, celui de la Justice humaine ?<\/p>\n","protected":false},"excerpt":{"rendered":"<p>QUEL HOMMAGE A ST\u00c9PHANE HESSEL ?Cet article d\u00e9j\u00e0 publi\u00e9 le 7 mars, a disparu de nos \u00e9crans le 14 \u00e0 [&hellip;]<\/p>\n","protected":false},"author":1,"featured_media":0,"comment_status":"open","ping_status":"open","sticky":false,"template":"","format":"standard","meta":{"sfsi_plus_gutenberg_text_before_share":"","sfsi_plus_gutenberg_show_text_before_share":"","sfsi_plus_gutenberg_icon_type":"","sfsi_plus_gutenberg_icon_alignemt":"","sfsi_plus_gutenburg_max_per_row":"","site-sidebar-layout":"default","site-content-layout":"","ast-site-content-layout":"default","site-content-style":"default","site-sidebar-style":"default","ast-global-header-display":"","ast-banner-title-visibility":"","ast-main-header-display":"","ast-hfb-above-header-display":"","ast-hfb-below-header-display":"","ast-hfb-mobile-header-display":"","site-post-title":"","ast-breadcrumbs-content":"","ast-featured-img":"","footer-sml-layout":"","ast-disable-related-posts":"","theme-transparent-header-meta":"","adv-header-id-meta":"","stick-header-meta":"","header-above-stick-meta":"","header-main-stick-meta":"","header-below-stick-meta":"","astra-migrate-meta-layouts":"default","ast-page-background-enabled":"default","ast-page-background-meta":{"desktop":{"background-color":"var(--ast-global-color-4)","background-image":"","background-repeat":"repeat","background-position":"center center","background-size":"auto","background-attachment":"scroll","background-type":"","background-media":"","overlay-type":"","overlay-color":"","overlay-opacity":"","overlay-gradient":""},"tablet":{"background-color":"","background-image":"","background-repeat":"repeat","background-position":"center center","background-size":"auto","background-attachment":"scroll","background-type":"","background-media":"","overlay-type":"","overlay-color":"","overlay-opacity":"","overlay-gradient":""},"mobile":{"background-color":"","background-image":"","background-repeat":"repeat","background-position":"center center","background-size":"auto","background-attachment":"scroll","background-type":"","background-media":"","overlay-type":"","overlay-color":"","overlay-opacity":"","overlay-gradient":""}},"ast-content-background-meta":{"desktop":{"background-color":"var(--ast-global-color-5)","background-image":"","background-repeat":"repeat","background-position":"center center","background-size":"auto","background-attachment":"scroll","background-type":"","background-media":"","overlay-type":"","overlay-color":"","overlay-opacity":"","overlay-gradient":""},"tablet":{"background-color":"var(--ast-global-color-5)","background-image":"","background-repeat":"repeat","background-position":"center center","background-size":"auto","background-attachment":"scroll","background-type":"","background-media":"","overlay-type":"","overlay-color":"","overlay-opacity":"","overlay-gradient":""},"mobile":{"background-color":"var(--ast-global-color-5)","background-image":"","background-repeat":"repeat","background-position":"center center","background-size":"auto","background-attachment":"scroll","background-type":"","background-media":"","overlay-type":"","overlay-color":"","overlay-opacity":"","overlay-gradient":""}},"footnotes":""},"categories":[16],"tags":[],"class_list":["post-1456","post","type-post","status-publish","format-standard","hentry","category-archives-cms"],"_links":{"self":[{"href":"https:\/\/lavoiedessansvoix.fr\/lavoie\/wp-json\/wp\/v2\/posts\/1456","targetHints":{"allow":["GET"]}}],"collection":[{"href":"https:\/\/lavoiedessansvoix.fr\/lavoie\/wp-json\/wp\/v2\/posts"}],"about":[{"href":"https:\/\/lavoiedessansvoix.fr\/lavoie\/wp-json\/wp\/v2\/types\/post"}],"author":[{"embeddable":true,"href":"https:\/\/lavoiedessansvoix.fr\/lavoie\/wp-json\/wp\/v2\/users\/1"}],"replies":[{"embeddable":true,"href":"https:\/\/lavoiedessansvoix.fr\/lavoie\/wp-json\/wp\/v2\/comments?post=1456"}],"version-history":[{"count":0,"href":"https:\/\/lavoiedessansvoix.fr\/lavoie\/wp-json\/wp\/v2\/posts\/1456\/revisions"}],"wp:attachment":[{"href":"https:\/\/lavoiedessansvoix.fr\/lavoie\/wp-json\/wp\/v2\/media?parent=1456"}],"wp:term":[{"taxonomy":"category","embeddable":true,"href":"https:\/\/lavoiedessansvoix.fr\/lavoie\/wp-json\/wp\/v2\/categories?post=1456"},{"taxonomy":"post_tag","embeddable":true,"href":"https:\/\/lavoiedessansvoix.fr\/lavoie\/wp-json\/wp\/v2\/tags?post=1456"}],"curies":[{"name":"wp","href":"https:\/\/api.w.org\/{rel}","templated":true}]}}