{"id":1451,"date":"2013-03-25T04:51:00","date_gmt":"2013-03-25T03:51:00","guid":{"rendered":"https:\/\/lavoiedessansvoix.fr\/lavoie\/2013\/03\/25\/archive-il-faut-congedier-pierre-moscovici-laurent-fabius-et-les-autres\/"},"modified":"2013-03-25T04:51:00","modified_gmt":"2013-03-25T03:51:00","slug":"archive-il-faut-congedier-pierre-moscovici-laurent-fabius-et-les-autres","status":"publish","type":"post","link":"https:\/\/lavoiedessansvoix.fr\/lavoie\/2013\/03\/25\/archive-il-faut-congedier-pierre-moscovici-laurent-fabius-et-les-autres\/","title":{"rendered":"IL FAUT CONG\u00c9DIER PIERRE MOSCOVICI, LAURENT FABIUS ET LES AUTRES\u2026\u2026\u2026"},"content":{"rendered":"<p>IL FAUT CONG\u00c9DIER PIERRE MOSCOVICI,LAURENT FABIUS ET LES AUTRES\u2026\u2026\u2026\u00c0 la tribune du 3\u00e8me congr\u00e8s du \u00ab Parti de gauche \u00bb \u00e0 Bordeaux, samedi 23 mars, son pr\u00e9sident, Fran\u00e7ois Delapierre, a apostroph\u00e9 \u00ab les douze salopards \u00bb de \u00ab l\u2019Eurogroupe \u00bb, il voulait parler des douze ministres des finances de l\u2019Union europ\u00e9ennes, qui ont d\u00e9cid\u00e9 de mettre Chypre \u00e0 genoux en rackettant les d\u00e9p\u00f4ts bancaires des Chypriotes. Puis il a pr\u00e9cis\u00e9 que parmi ceux-l\u00e0 il y avait un Fran\u00e7ais qui avait nom Pierre Moscovici. Les mots sont durs, nous en convenons, l\u2019\u00e9pith\u00e8te dont il les a gratifi\u00e9s est sans nul doute injurieuse. Pour autant, est-elle injustifi\u00e9e ? Qui n\u2019interdira jamais \u00e0 la victime d\u2019un braquage de traiter de salaud le malandrin qui le d\u00e9pouille ? Dans le cas d\u2019esp\u00e8ce, \u00ab salopard \u00bb est sans nul doute une injure \u00e0 l\u2019endroit des petites frappes qui font, en bande organis\u00e9e, les poches des Chypriotes. Il faudrait avoir l\u2019esprit bien tordu pour chercher l\u00e0 la moindre intention antis\u00e9mite.Puis Jean-Luc M\u00e9lenchon a dit que Pierre Moscovici \u00ab \u00e9tait un petit intelligent qui a fait l\u2019ENA \u00bb \u2026 \u00ab Qu\u2019il ne pensait pas fran\u00e7ais, mais finance internationale \u00bb. Voil\u00e0 que les cercles du pouvoir, certains du PS, et toute une bande de journalistes impliqu\u00e9s, se mettent \u00e0 hurler comme des loups \u00e0 \u00ab l\u2019antis\u00e9mitisme \u00bb. Mais o\u00f9 est donc, dites-moi, l\u2019antis\u00e9mitisme dans le propos de Jean-Luc M\u00e9lenchon ? Il n\u2019est pas dans les paroles, mais dans le fait que Moscovici est Juif, ce qui n\u2019avait m\u00eame pas effleur\u00e9 jusque-l\u00e0 la grande majorit\u00e9 des Fran\u00e7ais ? Il est dans le fait d\u2019accuser le ministre fran\u00e7ais des finances, grand ami de Dominique Strauss kahn, d\u2019\u00eatre le serviteur de la finance internationale plus que de la France, et que les mots \u00ab finance \u00bb et \u00ab international \u00bb doivent selon certains \u00ab malades \u00bb, n\u00e9cessairement renvoyer \u00e0 la relation des juifs et de l\u2019argent, ou au \u00ab Protocole des sages de Sion \u00bb ? Mais, si tout cela est possiblement dans les t\u00eates de ceux qui ont re\u00e7u le propos de la sorte, on n\u2019en voit nulle trace dans le propos lui-m\u00eame.Il y en a auxquels vous dites, parce que vous \u00eates en col\u00e8re, \u00ab monsieur je vous emmerde \u00bb et qui vous accuse d\u2019insultes antis\u00e9mites au pr\u00e9texte qu\u2019il s\u2019appelle L\u00e9vi, ce que vous ne saviez m\u00eame pas, vu que vous le rencontriez pour la premi\u00e8re fois dans ce bureau de Poste o\u00f9 il vous est pass\u00e9 devant ce qui a provoqu\u00e9 votre indignation. Il s\u2019agit l\u00e0 de ce que j\u2019appellerai \u00ab l\u2019antis\u00e9mitisme miroir \u00bb, qui n\u2019est pas dans les faits, mais dans la t\u00eate de celui qui se croit insult\u00e9. Il s\u2019agit en v\u00e9rit\u00e9 de la projection obsessionnelle que se font certains individus qui vivent apparemment mal leur \u00ab juda\u00eft\u00e9 \u00bb. Ce genre de d\u00e9rive n\u00e9vrotique n\u2019est d\u2019ailleurs pas propre \u00e0 l\u2019\u00e9tat de \u00ab Juda\u00eft\u00e9 \u00bb. J\u2019ai fait la rencontre d\u2019un Africain, un jour de t\u00f4les froiss\u00e9es, qui me traita de raciste parce que j\u2019insistai pour faire un constat \u00e0 l\u2019amiable. Un \u00ab fr\u00e8re \u00bb qui me traita d\u2019islamophobe parce que je lui offrais \u00e0 boire une journ\u00e9e chaude, aux heures de jeune, alors que le m\u00e9cr\u00e9ant que je suis ignorait totalement que nous \u00e9tions en plein Ramadan. Plus fort encore, j\u2019en ai connu un qui se figeait chaque fois qu\u2019on lui disait, s&rsquo;\u00e9tait son patronyme, \u00ab bonjour Legrand ! \u00bb,  parce qu\u2019il ne l\u2019\u00e9tait pas et qu\u2019il se demandait \u00e0 chaque fois si l\u2019intention de son interlocuteur \u00e9tait vraiment vierge de tout sous-entendu.Toute cette petite digression pour dire que la mani\u00e8re dont certains auditeurs re\u00e7oivent ou interpr\u00e8tent un propos, au filtre de leurs propres cultures, personnalit\u00e9s, caract\u00e8res ou n\u00e9vroses, ne r\u00e9pond en rien de la teneur r\u00e9elle des propos d\u2019autrui.Nous sommes habitu\u00e9s depuis belle lurette que toute critique contre la politique d\u2019Isra\u00ebl soit assimil\u00e9e \u00e0 l\u2019antis\u00e9mitisme. Voil\u00e0 qu\u2019\u00e0 pr\u00e9sent les critiques \u00e0 l\u2019encontre des orientations d\u2019un ministre s\u2019il apparait que celui-ci est de \u00ab confession juive \u00bb peuvent \u00eatre aussi assimil\u00e9es \u00e0 l\u2019antis\u00e9mitisme. Nous avions eu un exemple d\u00e9j\u00e0 cocasse de cette d\u00e9rive lorsque, en 2011,\u00ab Jacob \u00bb lui-m\u00eame (pourquoi pas Isra\u00ebl ? Songez un peu \u00e0 l\u2019incongruit\u00e9 et au cot\u00e9 comique de la chose), fut accus\u00e9 d\u2019avoir tenu des propos antis\u00e9mites parce qu\u2019il avait avis\u00e9 que \u00ab Dominique Strauss Kahn n\u2019avait pas l\u2019air tr\u00e8s catholique \u00bb. Cela pourrait tourner \u00e0 la franche rigolade si ces obs\u00e9d\u00e9s qui d\u00e9cortiquent les phrases et en tordent le sens, pour en extraire un antis\u00e9mitisme cach\u00e9 que n\u2019av\u00e8re pas le propos, n\u2019\u00e9taient de dangereux parano\u00efaques qui menacent un de nos droits fondamentaux : la libert\u00e9 d\u2019expressions.Nous n\u2019avons pas la moindre intention de nous en prendre ne serait-ce que verbalement au moindre juif que ce soit, mais nous tenons absolument \u00e0 pouvoir critiquer, m\u00eame vivement, et combattre les orientations de nos ministres et les politiques de nos gouvernements. Alors, s\u2019il apparait que la pr\u00e9sence dans le gouvernement de ministres de confession, ou d\u2019origine juive est un obstacle au plein exercice de la libert\u00e9 de la presse et \u00e0 la libre expression des citoyens, nous ne voyons d\u00e8s lors qu\u2019un rem\u00e8de \u00e0 cela : il faut cong\u00e9dier tous les ministres juifs du gouvernement de la France.<\/p>\n","protected":false},"excerpt":{"rendered":"<p>IL FAUT CONG\u00c9DIER PIERRE MOSCOVICI,LAURENT FABIUS ET LES AUTRES\u2026\u2026\u2026\u00c0 la tribune du 3\u00e8me congr\u00e8s du \u00ab Parti de gauche \u00bb [&hellip;]<\/p>\n","protected":false},"author":1,"featured_media":0,"comment_status":"open","ping_status":"open","sticky":false,"template":"","format":"standard","meta":{"sfsi_plus_gutenberg_text_before_share":"","sfsi_plus_gutenberg_show_text_before_share":"","sfsi_plus_gutenberg_icon_type":"","sfsi_plus_gutenberg_icon_alignemt":"","sfsi_plus_gutenburg_max_per_row":"","site-sidebar-layout":"default","site-content-layout":"","ast-site-content-layout":"default","site-content-style":"default","site-sidebar-style":"default","ast-global-header-display":"","ast-banner-title-visibility":"","ast-main-header-display":"","ast-hfb-above-header-display":"","ast-hfb-below-header-display":"","ast-hfb-mobile-header-display":"","site-post-title":"","ast-breadcrumbs-content":"","ast-featured-img":"","footer-sml-layout":"","ast-disable-related-posts":"","theme-transparent-header-meta":"","adv-header-id-meta":"","stick-header-meta":"","header-above-stick-meta":"","header-main-stick-meta":"","header-below-stick-meta":"","astra-migrate-meta-layouts":"default","ast-page-background-enabled":"default","ast-page-background-meta":{"desktop":{"background-color":"var(--ast-global-color-4)","background-image":"","background-repeat":"repeat","background-position":"center center","background-size":"auto","background-attachment":"scroll","background-type":"","background-media":"","overlay-type":"","overlay-color":"","overlay-opacity":"","overlay-gradient":""},"tablet":{"background-color":"","background-image":"","background-repeat":"repeat","background-position":"center center","background-size":"auto","background-attachment":"scroll","background-type":"","background-media":"","overlay-type":"","overlay-color":"","overlay-opacity":"","overlay-gradient":""},"mobile":{"background-color":"","background-image":"","background-repeat":"repeat","background-position":"center center","background-size":"auto","background-attachment":"scroll","background-type":"","background-media":"","overlay-type":"","overlay-color":"","overlay-opacity":"","overlay-gradient":""}},"ast-content-background-meta":{"desktop":{"background-color":"var(--ast-global-color-5)","background-image":"","background-repeat":"repeat","background-position":"center center","background-size":"auto","background-attachment":"scroll","background-type":"","background-media":"","overlay-type":"","overlay-color":"","overlay-opacity":"","overlay-gradient":""},"tablet":{"background-color":"var(--ast-global-color-5)","background-image":"","background-repeat":"repeat","background-position":"center center","background-size":"auto","background-attachment":"scroll","background-type":"","background-media":"","overlay-type":"","overlay-color":"","overlay-opacity":"","overlay-gradient":""},"mobile":{"background-color":"var(--ast-global-color-5)","background-image":"","background-repeat":"repeat","background-position":"center center","background-size":"auto","background-attachment":"scroll","background-type":"","background-media":"","overlay-type":"","overlay-color":"","overlay-opacity":"","overlay-gradient":""}},"footnotes":""},"categories":[16],"tags":[],"class_list":["post-1451","post","type-post","status-publish","format-standard","hentry","category-archives-cms"],"_links":{"self":[{"href":"https:\/\/lavoiedessansvoix.fr\/lavoie\/wp-json\/wp\/v2\/posts\/1451","targetHints":{"allow":["GET"]}}],"collection":[{"href":"https:\/\/lavoiedessansvoix.fr\/lavoie\/wp-json\/wp\/v2\/posts"}],"about":[{"href":"https:\/\/lavoiedessansvoix.fr\/lavoie\/wp-json\/wp\/v2\/types\/post"}],"author":[{"embeddable":true,"href":"https:\/\/lavoiedessansvoix.fr\/lavoie\/wp-json\/wp\/v2\/users\/1"}],"replies":[{"embeddable":true,"href":"https:\/\/lavoiedessansvoix.fr\/lavoie\/wp-json\/wp\/v2\/comments?post=1451"}],"version-history":[{"count":0,"href":"https:\/\/lavoiedessansvoix.fr\/lavoie\/wp-json\/wp\/v2\/posts\/1451\/revisions"}],"wp:attachment":[{"href":"https:\/\/lavoiedessansvoix.fr\/lavoie\/wp-json\/wp\/v2\/media?parent=1451"}],"wp:term":[{"taxonomy":"category","embeddable":true,"href":"https:\/\/lavoiedessansvoix.fr\/lavoie\/wp-json\/wp\/v2\/categories?post=1451"},{"taxonomy":"post_tag","embeddable":true,"href":"https:\/\/lavoiedessansvoix.fr\/lavoie\/wp-json\/wp\/v2\/tags?post=1451"}],"curies":[{"name":"wp","href":"https:\/\/api.w.org\/{rel}","templated":true}]}}