{"id":1450,"date":"2013-03-27T09:36:00","date_gmt":"2013-03-27T08:36:00","guid":{"rendered":"https:\/\/lavoiedessansvoix.fr\/lavoie\/2013\/03\/27\/archive-il-faut-une-veritable-opposition-de-gauche-au-gouvernement-de-la-gauche-d-altern\/"},"modified":"2013-03-27T09:36:00","modified_gmt":"2013-03-27T08:36:00","slug":"archive-il-faut-une-veritable-opposition-de-gauche-au-gouvernement-de-la-gauche-d-altern","status":"publish","type":"post","link":"https:\/\/lavoiedessansvoix.fr\/lavoie\/2013\/03\/27\/archive-il-faut-une-veritable-opposition-de-gauche-au-gouvernement-de-la-gauche-d-altern\/","title":{"rendered":"IL FAUT UNE V\u00c9RITABLE OPPOSITION DE GAUCHE AU GOUVERNEMENT DE \u00ab LA GAUCHE D\u2019ALTERNANCE \u00bb"},"content":{"rendered":"<p>IL FAUT UNE V\u00c9RITABLE OPPOSITION DE GAUCHE AU GOUVERNEMENT DE \u00ab LA GAUCHE D\u2019ALTERNANCE \u00bbNous observions le contexte politique de notre pays, et nous nous alarmions de la radicalisation de \u00ab la droite \u00bb dont la mont\u00e9e en puissance du Front national est un \u00e9piph\u00e9nom\u00e8ne. Nous nous alarmions surtout du bouclage de la vie politique dans le bipartisme et l\u2019alternance, qui pi\u00e9geait \u00ab la gauche radicale \u00bb et interdisait l\u2019expression ind\u00e9pendante d\u2019une v\u00e9ritable alternative populaire. Nous militions pour l\u2019apparition d\u2019une opposition de gauche au gouvernement socialiste d\u2019alternance dont il ne fallait pas souhaiter le succ\u00e8s, vu que son succ\u00e8s serait en v\u00e9rit\u00e9 celui d\u2019une politique ouvertement anti ouvri\u00e8re et antipopulaire, au seul service de la finance internationale.Ainsi, avons-nous \u00e9crits depuis le d\u00e9but de la campagne \u00e9lectorale des pr\u00e9sidentielles de 2012, de nombreux articles dont nous vous livrons ici un \u00ab mailing pot \u00bb. Vous serez, nous en sommes persuad\u00e9s, \u00e9tonn\u00e9s, a posteriori, du caract\u00e8re judicieux de nos questionnements. Nous vous laissons seuls juges de la perspicacit\u00e9 politique qui en ressort* Le 20 avril 2012, dans un article intitul\u00e9 : \u00ab Petit tour d\u2019horizon avant le premier tour. \u00bb Nous nous interrogions sur le degr\u00e9 de la d\u00e9pendance de Jean-Luc M\u00e9lenchon et du Front de Gauche \u00e0 l\u2019\u00e9gard \u00ab de la Gauche traditionnelle domin\u00e9e par le PS \u00bb. Nous \u00e9crivions : \u00a0\u00bb  M\u00e9lenchon, le parti de Janus.\u00a0\u00bb Oui, excusez du peu, mais \u00e0 M\u00e9lenchon il y a deux faces. Celle du tribun populaire qui embrase les foules et met du baume aux c\u0153urs meurtris d\u2019une gauche bafou\u00e9e par 30 ans d\u2019histoire, celle de l\u2019homme politique et du parti qui restent fondamentalement prisonniers de la \u00ab strat\u00e9gie d\u2019union de la gauche \u00bb ou \u00ab gauche plurielle \u00bb ou\u2026. Quel que soit le nom qu\u2019on lui donne. La trajectoire historique de celles-ci est n\u00e9cessairement de d\u00e9cevoir les esp\u00e9rances qu\u2019elles ont fait naitre.Est-ce \u00e0 dire que M\u00e9lenchon est un traitre, un politicien v\u00e9reux comme les autres ? Pas le moins du monde ! Loin de nous ces id\u00e9es l\u00e0. Jean-Luc M\u00e9lenchon est un politicien talentueux dont le z\u00e8le et le discours ont eu pour effet de rallumer la flamme de l\u2019espoir et l\u2019esprit de la lutte, dans des secteurs de la population depuis de longues ann\u00e9es \u00e9coeur\u00e9s et r\u00e9sign\u00e9s. Nous lui en savons gr\u00e9. \u00c0 ce point de vue il ne fait pas de doute que les suffrages qui se porteront sur lui auront un effet positif pour l\u2019avenir, d\u2019autant plus positif qu\u2019ils seront nombreux. Mais ils peuvent aussi, par le biais de la participation gouvernementale et de la strat\u00e9gie de \u00ab l\u2019union \u00bb, jouer, contre la mobilisation populaire, le m\u00eame r\u00f4le de verrou que l\u2019on a vu en 1981 et 1997, conduisant \u00e0 une nouvelle impasse et \u00e0 un \u00e9coeurement plus grand encore. Et cela ne tient pas aux qualit\u00e9s morales de l\u2019homme M\u00e9lenchon, mais au pi\u00e8ge que constitue la strat\u00e9gie de l\u2019union majoritaire engendr\u00e9e par la nature de l\u2019\u00e9lection du pr\u00e9sident de la R\u00e9publique au suffrage universel.Les col\u00e8res, le rejet de la soci\u00e9t\u00e9 telle qu\u2019elle est, qui s\u2019expriment dans le vote M\u00e9lenchon, peuvent aussi \u00eatre des levains de la r\u00e9volte qui feront exploser les cadres institutionnels impartis. \u00c0 d\u00e9faut de mieux c\u2019est le pari que nous devons prendre.Mais, derni\u00e8res remarques : le \u00ab vote utile \u00bb qui peut ne pas jouer cette fois en faveur de Sarkozy jouera tout de m\u00eame au b\u00e9n\u00e9fice de Hollande. Il faut donc s\u2019attendre \u00e0 ce que le sore du candidat du \u00ab front de gauche \u00bb ne soit pas aussi \u00e9lev\u00e9 que le pr\u00e9sagent les sondages. 12 % serait d\u00e9j\u00e0, nous semble-t-il, un tr\u00e8s bon score. Autre cons\u00e9quence induite, le pari de M\u00e9lenchon, fait pour galvaniser son \u00e9lectorat, mais dont il aurait mieux fait de s\u2019abstenir s\u2019il ne voulait pas \u00eatre d\u00e9menti, d\u2019\u00eatre devant Marine Le Pen, ne sera pas tenu. \u00bb Dans le m\u00eame article, nous \u00e9crivions \u00e0 propos de la r\u00e9surgence \u00e9lectorale programm\u00e9e du FN \u00a0\u00bb Marine Le Pen\u2026Le parti de voir la v\u00e9rit\u00e9 en face.\u00a0\u00bb Qu\u2019on le veuille ou non, Marine Le Pen repr\u00e9sente un courant politique d\u2019importance dans notre pays D\u2019o\u00f9 vient son importance ? Du sentiment de trahisons successives de la droite et de la gauche r\u00e9sultante du bipartisme dominant et de l\u2019alternance politique, qui s\u2019est insinu\u00e9e dans de larges couches de la population laiss\u00e9es pour compte. \u00c7a n\u2019est \u00e0 l\u2019\u00e9vidence pas cette ann\u00e9e 2012, \u00e0 l\u2019occasion d\u2019un scrutin o\u00f9 est donn\u00e9 gagnant le candidat de \u00ab la gauche molle \u00bb, dont chacun est conscient qu\u2019il ne changera rien d\u2019important, qui risque de modifier cet \u00e9tat d\u2019esprit dont le FN a fait son fonds de commerce. C\u2019est dire qu\u2019il n\u2019y a pas dans la perspective de la victoire annonc\u00e9e de Fran\u00e7ois Hollande, la moindre raison d\u2019esp\u00e9rer faire reculer l\u2019audience du FN. Pour lutter efficacement contre l\u2019audience du Front national, il faut surtout \u00ab une gauche \u00bb dure et offensive, qui ne trahisse pas une nouvelle fois les esp\u00e9rances populaires. C\u2019est \u00e0 quoi le Front de Gauche et Jean-Luc M\u00e9lenchon pourraient peut-\u00eatre servir dans les mois avenir, bien mieux qu\u2019avec des insultes et des impr\u00e9cations. \u00bbMais direz-vous, le propos \u00e0 ce stade \u00e9tait ambigu.  \u00ab il faut une gauche dure et offensive qui ne trahisse pas \u00bb.. \u00ab c\u2019est \u00e0 quoi le FDG pourrait servir \u00bb cela ne dit gu\u00e8re clairement la n\u00e9cessit\u00e9 de l\u2019ind\u00e9pendance \u00e0 l\u2019\u00e9gard de \u00ab la Gauche \u00bb. Oui, mais, nous enfoncions le clou le 23 avril 2012 , au lendemain du premier tour, dans un autre article intitul\u00e9 : \u00ab Ambiances post\u00e9lectorales \u00bb. Que faire du Front national ? Une droite politique \u00e0 56 %, une \u00ab gauche \u00bb politique \u00e0 44 %, un tiers de l\u2019\u00e9lectorat ouvrier ou salari\u00e9s votant FN, qui pourraient-\u00eatre potentiellement (socialement) des \u00e9lecteurs de gauche. Alors, que fait-on du FN, que fait-on de l\u2019\u00e9lectorat populaire du Front national ? On le courtise en allant sur son terrain, en flattant ses pr\u00e9jug\u00e9s ? C\u2019est ce qu\u2019a pr\u00e9tendu faire Sarkozy, \u00e0 la t\u00eate de la \u00ab Droite UMP \u00bb qui va y perdre son \u00e2me. On l\u2019ostracise encore, on l\u2019insulte : \u00ab branquignoles ! Poivrots ! \u00bb Que dire, que faire, l\u2019injure est un renoncement, et point de salut sans la reconqu\u00eate de ses couches de travailleurs et salari\u00e9s qui ont perdu leurs rep\u00e8res de classe., dans un petit livre dont il est l\u2019auteur, intitul\u00e9 \u00ab Retour \u00e0 Reims \u00bb, le sociologue Didier Eribon, pointe, et il a raison, les responsabilit\u00e9s de \u00ab la gauche \u00bb dans cette d\u00e9rive politique. Point ne suffit \u00ab d\u2019engueuler \u00bb Marine ou Jean-Marie, ni m\u00eame Sarkozy leur cher \u00ab ennemi \u00bb et plus pr\u00e9cieux alli\u00e9. Il faut oser regarder la r\u00e9alit\u00e9 bien en face. Elle a, en effet, une lourde responsabilit\u00e9, \u00ab la Gauche institutionnelle \u00bb qui a d\u00e9truit les rep\u00e8res de classes, l\u2019esp\u00e9rance socialiste en une soci\u00e9t\u00e9 meilleure. Qui a culpabilis\u00e9 la conscience ouvri\u00e8re, a substitu\u00e9 aux solidarit\u00e9s de classe les pr\u00e9tendues \u00ab nouvelles solidarit\u00e9s \u00bb, l\u2019\u00e9quit\u00e9 \u00e0 la l\u2019\u00e9galit\u00e9, les \u00ab gagneurs \u00bb aux besogneux, les valeurs boursi\u00e8res \u00e0 la valeur travail, qui a d\u00e9consid\u00e9r\u00e9 les id\u00e9es de collectivit\u00e9 et de partage pour mieux sublimer celles de l\u2019accaparement personnel.Mais regarder la r\u00e9alit\u00e9 en face, n\u2019est-ce pas aussi oser se remettre en cause soi-m\u00eame ? N\u2019ont-ils pas une part de responsabilit\u00e9 dans la d\u00e9rive droiti\u00e8re de l\u2019\u00e9lectorat en g\u00e9n\u00e9ral et de l\u2019\u00e9lectorat ouvrier et populaire en particulier, ceux qui de longues ann\u00e9es durant ont cautionn\u00e9 et politiquement justifi\u00e9, de mani\u00e8re active, la politique de la \u00ab Gauche \u00bb. N\u2019ont-ils pas une part de responsabilit\u00e9 ceux qui ont contribu\u00e9, en s\u2019identifiant \u00e0 elle, \u00e0 gommer les fronti\u00e8res de classes, sociologiquement et \u00e9conomiquement fond\u00e9es, et \u00e0 leur substituer une identit\u00e9 politique artificielle et ind\u00e9finie \u00ab de camp \u00bb, attelant ainsi la classe ouvri\u00e8re et les classes laborieuses en g\u00e9n\u00e9ral, \u00e0 la remorque d\u2019une fraction de \u00ab la bourgeoisie \u00e9clair\u00e9e \u00bb. N\u2019ont-ils pas contribu\u00e9 \u00e0 tuer l\u2019esp\u00e9rance en donnant \u00e0 croire que la seule alternative possible \u00e0 la \u00ab Droite \u00bb \u00e9tait la politique de droite faite par \u00ab la Gauche \u00bb.Alors certes, \u00e0 la d\u00e9charge de Jean-Luc M\u00e9lenchon et de nos amis du \u00ab Front de gauche \u00bb, il faut bien dire qu\u2019ils ne se sont pas limit\u00e9s aux insultes ni \u00e0 la condescendance, humiliante \u00e0 l\u2019endroit des \u00e9lecteurs du Front national, pour \u00ab ces pauvres types qui se trompent de col\u00e8re \u00bb. Ils ont \u0153uvr\u00e9, aussi et surtout, \u00e0 rendre voix \u00e0 une \u00ab gauche radicale \u00bb, \u00e0 restaurer un certain discours de classe et la fiert\u00e9 d\u2019appartenir \u00e0 cet immense peuple qui actionne la forge de l\u2019\u00e9conomie mondiale, qui est \u00e0 l\u2019origine de la richesse, la vraie. C\u2019est dans cette voie, disions-nous, d\u00e8s le lundi 14 mai 2012, qu\u2019il faut pers\u00e9v\u00e9rer. Ce n\u2019est pas celle des ostracismes, c\u2019est celle de la reconqu\u00eate.\u00ab Un seul, par del\u00e0 le score du Front national, un seul autre grand \u00e9v\u00e8nement modifiait la donne, au sortir du scrutin des pr\u00e9sidentielles de 2012, et c\u2019\u00e9tait le score du Front de Gauche, mais surtout, la campagne de Jean-Luc M\u00e9lenchon. Les th\u00e8mes d\u00e9velopp\u00e9s durant celle-ci ont sans nul doute contribu\u00e9 \u00e0 r\u00e9armer les esprits de la volont\u00e9 de combattre. Et c\u2019est cela l\u2019essentiel.Puis nous nous alarm\u00e2mes du pi\u00e8ge qui \u00e9tait tendu \u00e0 l\u2019ex-candidat du Front de Gauche en voulant le pr\u00e9cipiter dans une impasse. Nous annoncions, dans une \u00a0\u00bb lettre ouverte \u00e0 Jean-Luc M\u00e9lenchon,\u00a0\u00bb \u00e0 la veille de son annonce officielle de candidature, en mai2012, pour le dissuader d\u2019\u00eatre candidat aux l\u00e9gislatives \u00e0 H\u00e9nin-Beaumont : \u00ab De nouveaux griefs cumul\u00e9s, de nouvelles d\u00e9ceptions \u00e0 l\u2019endroit \u00ab de la Gauche \u00bb pr\u00e9cipiteraient cette fois le FN au centre du jeu politique. Que \u00ab la gauche molle \u00bb d\u00e9\u00e7oive, cela est couru d\u2019avance et in\u00e9vitable, car inscrit dans ses g\u00eanes. Ce n\u2019est pas l\u00e0 que se situe le v\u00e9ritable danger. Le danger serait que \u00ab toute la gauche \u00bb soit rendue responsable, sans que ne se dessine aucune alternative, sans que ne s\u2019offre aucune planche de salut. L\u00e0 se situe d\u00e8s lors la responsabilit\u00e9 historique du Front de gauche. Et sa faillite dans cette affaire le rendrait partiellement responsable des succ\u00e8s ult\u00e9rieurs du FN. Dans la p\u00e9riode qui s\u2019est ouverte le 6 mai, le Front national a tout lieu d\u2019occuper une place politique pr\u00e9pond\u00e9rante \u00e0 droite. Le pi\u00e8ge pour le Front de Gauche, serait alors de s\u2019enfermer dans le statut de \u00ab front antilepen \u00bb (une r\u00e9surgence de \u00ab ras le front \u00bb) et d\u2019oublier d\u2019\u00eatre l\u2019opposition populaire radicale \u00e0 la politique de la finance internationale dont hollande apr\u00e8s Sarkozy, sera le nouveau maitre d\u2019\u0153uvre ou \u00e0 d\u00e9faut l\u2019otage. \u00bb Et le11 juin 2012, enfin, tirant le bilan de l\u2019aventure, dans un article intitul\u00e9 : \u00ab M\u00e9lenchon, le g\u00e2chis. \u00bb, nous nous f\u00e2chions \u00e0 propos de l\u2019exp\u00e9dition contre-productive de H\u00e9nin Beaumont.\u00ab Dans cette p\u00e9riode de \u00ab crise \u00bb et d\u2019exacerbation des tensions sociales, certains \u00e0 droite comme \u00e0 gauche, et m\u00eame dans son propre camp, voyaient d\u2019un \u0153il soucieux, la mont\u00e9e en puissance de ce tribun populaire. \u00c0 droite l\u2019inqui\u00e9tude \u00e9tait grande d\u2019assister \u00e0 la r\u00e9surgence du discours de la lutte des classes et du partage des richesses. Au PS, l\u2019angoisse se pr\u00e9cisait de devoir composer \u00e0 nouveau avec une \u00ab gauche radicale et marxisante \u00bb \u00ab dans le temps qu\u2019on croyait venu le temps \u00bb de l\u2019effacer d\u00e9finitivement de la vie politique fran\u00e7aise. Et, au \u00ab Front de Gauche \u00bb lui-m\u00eame, ceux qui disent \u00ab qu\u2019ils veulent faire gagner la Gauche \u00bb, c&rsquo;est-\u00e0-dire qu\u2019ils veulent le succ\u00e8s du gouvernement et de la Pr\u00e9sidence, n\u2019avaient-ils pas int\u00e9r\u00eat \u00e0 neutraliser cette forte t\u00eate qui donnait corps \u00e0 l\u2019esp\u00e9rance d\u2019une alternative \u00e0 gauche ? Qui pouvait, les \u00e9v\u00e8nements aidant, devenir l\u2019\u00e9tendard d\u2019une authentique opposition de gauche ? Il existe des tendances et courants politiques, tellement d\u00e9pendants de \u00ab la strat\u00e9gie d\u2019union de la gauche \u00bb qu\u2019ils ne peuvent se concevoir, quand bien m\u00eame ils n\u2019en seraient pas parties prenantes, autrement que solidaires et comptables de \u00ab la majorit\u00e9 pr\u00e9sidentielle de gauche \u00bb.  \u00ab P\u00e9ricl\u00e8s \u00bb, disions-nous, s\u2019est fait pi\u00e9ger par la confusion des genres. Avec le succ\u00e8s de sa campagne des pr\u00e9sidentielles et le bon score du \u00ab Front de gauche \u00bb, il s\u2019\u00e9tait acquis un \u00ab statut \u00bb et une \u00ab responsabilit\u00e9 \u00bb plus m\u00eame, \u00ab une mission politique \u00bb. Il avait \u00e9t\u00e9 remarqu\u00e9 pour \u00ab sa grande gueule \u00bb mais il s\u2019est laiss\u00e9 enfermer dans le r\u00f4le de grande gueule. Il pouvait acc\u00e9der au statut de chef de file d\u2019une opposition de gauche radicale il s\u2019est laiss\u00e9 r\u00e9duire \u00e0 celui de \u00ab petite frappe \u00bb de la politique. \u00bb. Nous exprimions l\u00e0 notre d\u00e9pit de le voir user ainsi en pure perte le capital sympathie qu\u2019il s\u2019\u00e9tait acquis durant la campagne des pr\u00e9sidentielles.* EN CONCLUSION. D\u00e9j\u00e0, en refusant la participation gouvernementale, le Front de Gauche avait rompu avec la tradition et fait un pas significatif vers l\u2019ind\u00e9pendance politique. Il vient d\u2019en faire un autre plus grand et plus significatif encore.Dans le temps du \u00ab repos hebdomadaire \u00bb des 23. et 24 mars, se tenait \u00e0 Bordeaux, le 3\u00e8me congr\u00e8s du \u00ab Parti de Gauche \u00bb. Celui-ci a \u00e9t\u00e9 l\u2019occasion d\u2019une radicalisation du discours de ce regroupement politique. Alors que jusque-l\u00e0, quand bien m\u00eame il avait refus\u00e9 de prendre part au gouvernement, le FDG, qui revendiquait sa part dans \u00ab la victoire \u00e9lectorale de la Gauche \u00bb, s\u2019identifiait toujours \u00e0 celle-ci, la rupture \u00e0 pr\u00e9sent a \u00e9t\u00e9 consomm\u00e9e. Le \u00ab Front de Gauche \u00bb ne se veut plus l\u2019aile marchante qui aiguillonne \u00ab la gauche molle \u00bb et l\u2019oblige \u00e0 \u00ab r\u00e9ussir \u00bb malgr\u00e9 elle. Il se revendique \u00e0 pr\u00e9sent comme \u00ab l\u2019alternative \u00bb \u00e0 celle-ci, c&rsquo;est-\u00e0-dire, pour l\u2019heure, une v\u00e9ritable opposition de gauche au gouvernement de Fran\u00e7ois Hollande. Cette \u00e9volution qui apporte enfin un d\u00e9but de r\u00e9ponse positive \u00e0 nos pr\u00e9occupations, expos\u00e9es ci-dessus, ne peut bien s\u00fbr que nous r\u00e9jouir. Pour autant, nos craintes sont-elles \u00e0 pr\u00e9sent vaines ? Pas encore totalement.  Elles ne pourront l\u2019\u00eatre que lorsque sera totalement assum\u00e9e, dans l\u2019analyse, le discours et la tactique politique, la rupture avec la \u00ab strat\u00e9gie majoritaire de l\u2019Union de la Gauche \u00bb. Nous ne pouvons pas pr\u00e9sager de son avenir historique. Nous ne pouvons que nous engager, nous-m\u00eames, \u00e0 pers\u00e9v\u00e9rer dans notre voie, \u00e0 encourager une v\u00e9ritable option \u00ab alternative \u00bb. La mont\u00e9e en puissance d\u2019une opposition de gauche fera croitre, en effet, la volont\u00e9, soit de la pervertir en \u00ab la mariant \u00bb dans une nouvelle mouture de \u00ab la gauche d\u2019alternance \u00bb \u00ab plurielle \u00bb ou autre, \u00e0 d\u00e9faut, de l\u2019isoler pour l\u2019enfermer dans une impasse \u00e9lectorale minoritaire. Face \u00e0 ces men\u00e9es, le Front de Gauche, saura-t-il pr\u00e9server jusqu\u2019au bout son ind\u00e9pendance en persistant \u00e0 porter l\u2019espoir d\u2019une v\u00e9ritable subversion sociale ? \u00ab That is the question \u00bb.<\/p>\n","protected":false},"excerpt":{"rendered":"<p>IL FAUT UNE V\u00c9RITABLE OPPOSITION DE GAUCHE AU GOUVERNEMENT DE \u00ab LA GAUCHE D\u2019ALTERNANCE \u00bbNous observions le contexte politique de [&hellip;]<\/p>\n","protected":false},"author":1,"featured_media":0,"comment_status":"open","ping_status":"open","sticky":false,"template":"","format":"standard","meta":{"sfsi_plus_gutenberg_text_before_share":"","sfsi_plus_gutenberg_show_text_before_share":"","sfsi_plus_gutenberg_icon_type":"","sfsi_plus_gutenberg_icon_alignemt":"","sfsi_plus_gutenburg_max_per_row":"","site-sidebar-layout":"default","site-content-layout":"","ast-site-content-layout":"default","site-content-style":"default","site-sidebar-style":"default","ast-global-header-display":"","ast-banner-title-visibility":"","ast-main-header-display":"","ast-hfb-above-header-display":"","ast-hfb-below-header-display":"","ast-hfb-mobile-header-display":"","site-post-title":"","ast-breadcrumbs-content":"","ast-featured-img":"","footer-sml-layout":"","ast-disable-related-posts":"","theme-transparent-header-meta":"","adv-header-id-meta":"","stick-header-meta":"","header-above-stick-meta":"","header-main-stick-meta":"","header-below-stick-meta":"","astra-migrate-meta-layouts":"default","ast-page-background-enabled":"default","ast-page-background-meta":{"desktop":{"background-color":"var(--ast-global-color-4)","background-image":"","background-repeat":"repeat","background-position":"center center","background-size":"auto","background-attachment":"scroll","background-type":"","background-media":"","overlay-type":"","overlay-color":"","overlay-opacity":"","overlay-gradient":""},"tablet":{"background-color":"","background-image":"","background-repeat":"repeat","background-position":"center center","background-size":"auto","background-attachment":"scroll","background-type":"","background-media":"","overlay-type":"","overlay-color":"","overlay-opacity":"","overlay-gradient":""},"mobile":{"background-color":"","background-image":"","background-repeat":"repeat","background-position":"center center","background-size":"auto","background-attachment":"scroll","background-type":"","background-media":"","overlay-type":"","overlay-color":"","overlay-opacity":"","overlay-gradient":""}},"ast-content-background-meta":{"desktop":{"background-color":"var(--ast-global-color-5)","background-image":"","background-repeat":"repeat","background-position":"center center","background-size":"auto","background-attachment":"scroll","background-type":"","background-media":"","overlay-type":"","overlay-color":"","overlay-opacity":"","overlay-gradient":""},"tablet":{"background-color":"var(--ast-global-color-5)","background-image":"","background-repeat":"repeat","background-position":"center center","background-size":"auto","background-attachment":"scroll","background-type":"","background-media":"","overlay-type":"","overlay-color":"","overlay-opacity":"","overlay-gradient":""},"mobile":{"background-color":"var(--ast-global-color-5)","background-image":"","background-repeat":"repeat","background-position":"center center","background-size":"auto","background-attachment":"scroll","background-type":"","background-media":"","overlay-type":"","overlay-color":"","overlay-opacity":"","overlay-gradient":""}},"footnotes":""},"categories":[16],"tags":[],"class_list":["post-1450","post","type-post","status-publish","format-standard","hentry","category-archives-cms"],"_links":{"self":[{"href":"https:\/\/lavoiedessansvoix.fr\/lavoie\/wp-json\/wp\/v2\/posts\/1450","targetHints":{"allow":["GET"]}}],"collection":[{"href":"https:\/\/lavoiedessansvoix.fr\/lavoie\/wp-json\/wp\/v2\/posts"}],"about":[{"href":"https:\/\/lavoiedessansvoix.fr\/lavoie\/wp-json\/wp\/v2\/types\/post"}],"author":[{"embeddable":true,"href":"https:\/\/lavoiedessansvoix.fr\/lavoie\/wp-json\/wp\/v2\/users\/1"}],"replies":[{"embeddable":true,"href":"https:\/\/lavoiedessansvoix.fr\/lavoie\/wp-json\/wp\/v2\/comments?post=1450"}],"version-history":[{"count":0,"href":"https:\/\/lavoiedessansvoix.fr\/lavoie\/wp-json\/wp\/v2\/posts\/1450\/revisions"}],"wp:attachment":[{"href":"https:\/\/lavoiedessansvoix.fr\/lavoie\/wp-json\/wp\/v2\/media?parent=1450"}],"wp:term":[{"taxonomy":"category","embeddable":true,"href":"https:\/\/lavoiedessansvoix.fr\/lavoie\/wp-json\/wp\/v2\/categories?post=1450"},{"taxonomy":"post_tag","embeddable":true,"href":"https:\/\/lavoiedessansvoix.fr\/lavoie\/wp-json\/wp\/v2\/tags?post=1450"}],"curies":[{"name":"wp","href":"https:\/\/api.w.org\/{rel}","templated":true}]}}