{"id":1439,"date":"2013-04-20T15:17:00","date_gmt":"2013-04-20T13:17:00","guid":{"rendered":"https:\/\/lavoiedessansvoix.fr\/lavoie\/2013\/04\/20\/archive-cochon-qui-s-en-dedie-liberation-de-la-famille-moulin-fournier\/"},"modified":"2013-04-20T15:17:00","modified_gmt":"2013-04-20T13:17:00","slug":"archive-cochon-qui-s-en-dedie-liberation-de-la-famille-moulin-fournier","status":"publish","type":"post","link":"https:\/\/lavoiedessansvoix.fr\/lavoie\/2013\/04\/20\/archive-cochon-qui-s-en-dedie-liberation-de-la-famille-moulin-fournier\/","title":{"rendered":"\u00ab COCHON QUI S\u2019EN D\u00c9DIE \u00bb Lib\u00e9ration de la famille Moulin-Fournier"},"content":{"rendered":"<p>\u00ab COCHON QUI S\u2019EN D\u00c9DIE \u00bbLib\u00e9ration de la famille Moulin-FournierNous avions, le 4 mars de cette ann\u00e9e, \u00e9crit un article, comme un cri de douleur et d\u2019indignation \u00ab qu\u2019elles n\u2019entendront pas, pour les victimes d\u00e9sign\u00e9es d\u2019un holocauste \u00bb. Nous r\u00e9agissions de la sorte pour stigmatiser la d\u00e9claration du gouvernement qui avait affirm\u00e9 \u00e0 propos de l\u2019enl\u00e8vement de la famille Moulin Fournier, par la \u00ab secte \u00bb Boko-Haram : \u00ab Nous ne n\u00e9gocions pas avec ces groupes l\u00e0 ! \u00bb Le refus de n\u00e9gocier impliquait le recours \u00e0 la mani\u00e8re forte pour le plus grand danger des otages.L\u2019holocauste n\u2019a pas eu lieu. La famille Moulin Fournier a \u00e9t\u00e9 lib\u00e9r\u00e9e hier. Nous ne pouvons que nous r\u00e9jouir de cette issue heureuse. Le gouvernement fran\u00e7ais s\u2019est ravis\u00e9 et a renonc\u00e9 \u00e0 l\u2019usage de la force. Plus que \u00ab ravis\u00e9 \u00bb le gouvernement fran\u00e7ais c\u2019est carr\u00e9ment d\u00e9die.  Fran\u00e7ois Hollande l\u2019a clairement admis, \u00ab Il n\u2019y a pas eu de ran\u00e7on. Nous n\u00e9gocions, mais on ne l\u00e2che rien sur les principes \u00bb.\u00a0\u00bbIl a n\u00e9goci\u00e9 avec ces groupes-l\u00e0\u00a0\u00bbIls ne devaient pas n\u00e9gocier et ils ont n\u00e9goci\u00e9 ; alors quand ils disent \u00e0 pr\u00e9sent qu\u2019ils n\u2019ont pas pay\u00e9 de ran\u00e7on (il y a plusieurs fa\u00e7ons de payer), comment pourrait-on les croire. Et puis, apr\u00e8s tout, qu\u2019importe, qu\u2019ils aient pay\u00e9 ou pas, on s\u2019en moque, l\u2019essentiel en cette affaire c\u2019est que la famille soit lib\u00e9r\u00e9e. Alors, \u00ab Cochon qui s\u2019en d\u00e9die \u00bb ? Certes, mais \u00ab n\u2019y a-t-il pas que les imb\u00e9ciles pour ne jamais changer d\u2019avis \u00bb ?<\/p>\n","protected":false},"excerpt":{"rendered":"<p>\u00ab COCHON QUI S\u2019EN D\u00c9DIE \u00bbLib\u00e9ration de la famille Moulin-FournierNous avions, le 4 mars de cette ann\u00e9e, \u00e9crit un article, [&hellip;]<\/p>\n","protected":false},"author":1,"featured_media":0,"comment_status":"open","ping_status":"open","sticky":false,"template":"","format":"standard","meta":{"sfsi_plus_gutenberg_text_before_share":"","sfsi_plus_gutenberg_show_text_before_share":"","sfsi_plus_gutenberg_icon_type":"","sfsi_plus_gutenberg_icon_alignemt":"","sfsi_plus_gutenburg_max_per_row":"","site-sidebar-layout":"default","site-content-layout":"","ast-site-content-layout":"default","site-content-style":"default","site-sidebar-style":"default","ast-global-header-display":"","ast-banner-title-visibility":"","ast-main-header-display":"","ast-hfb-above-header-display":"","ast-hfb-below-header-display":"","ast-hfb-mobile-header-display":"","site-post-title":"","ast-breadcrumbs-content":"","ast-featured-img":"","footer-sml-layout":"","ast-disable-related-posts":"","theme-transparent-header-meta":"","adv-header-id-meta":"","stick-header-meta":"","header-above-stick-meta":"","header-main-stick-meta":"","header-below-stick-meta":"","astra-migrate-meta-layouts":"default","ast-page-background-enabled":"default","ast-page-background-meta":{"desktop":{"background-color":"var(--ast-global-color-4)","background-image":"","background-repeat":"repeat","background-position":"center center","background-size":"auto","background-attachment":"scroll","background-type":"","background-media":"","overlay-type":"","overlay-color":"","overlay-opacity":"","overlay-gradient":""},"tablet":{"background-color":"","background-image":"","background-repeat":"repeat","background-position":"center center","background-size":"auto","background-attachment":"scroll","background-type":"","background-media":"","overlay-type":"","overlay-color":"","overlay-opacity":"","overlay-gradient":""},"mobile":{"background-color":"","background-image":"","background-repeat":"repeat","background-position":"center center","background-size":"auto","background-attachment":"scroll","background-type":"","background-media":"","overlay-type":"","overlay-color":"","overlay-opacity":"","overlay-gradient":""}},"ast-content-background-meta":{"desktop":{"background-color":"var(--ast-global-color-5)","background-image":"","background-repeat":"repeat","background-position":"center center","background-size":"auto","background-attachment":"scroll","background-type":"","background-media":"","overlay-type":"","overlay-color":"","overlay-opacity":"","overlay-gradient":""},"tablet":{"background-color":"var(--ast-global-color-5)","background-image":"","background-repeat":"repeat","background-position":"center center","background-size":"auto","background-attachment":"scroll","background-type":"","background-media":"","overlay-type":"","overlay-color":"","overlay-opacity":"","overlay-gradient":""},"mobile":{"background-color":"var(--ast-global-color-5)","background-image":"","background-repeat":"repeat","background-position":"center center","background-size":"auto","background-attachment":"scroll","background-type":"","background-media":"","overlay-type":"","overlay-color":"","overlay-opacity":"","overlay-gradient":""}},"footnotes":""},"categories":[16],"tags":[],"class_list":["post-1439","post","type-post","status-publish","format-standard","hentry","category-archives-cms"],"_links":{"self":[{"href":"https:\/\/lavoiedessansvoix.fr\/lavoie\/wp-json\/wp\/v2\/posts\/1439","targetHints":{"allow":["GET"]}}],"collection":[{"href":"https:\/\/lavoiedessansvoix.fr\/lavoie\/wp-json\/wp\/v2\/posts"}],"about":[{"href":"https:\/\/lavoiedessansvoix.fr\/lavoie\/wp-json\/wp\/v2\/types\/post"}],"author":[{"embeddable":true,"href":"https:\/\/lavoiedessansvoix.fr\/lavoie\/wp-json\/wp\/v2\/users\/1"}],"replies":[{"embeddable":true,"href":"https:\/\/lavoiedessansvoix.fr\/lavoie\/wp-json\/wp\/v2\/comments?post=1439"}],"version-history":[{"count":0,"href":"https:\/\/lavoiedessansvoix.fr\/lavoie\/wp-json\/wp\/v2\/posts\/1439\/revisions"}],"wp:attachment":[{"href":"https:\/\/lavoiedessansvoix.fr\/lavoie\/wp-json\/wp\/v2\/media?parent=1439"}],"wp:term":[{"taxonomy":"category","embeddable":true,"href":"https:\/\/lavoiedessansvoix.fr\/lavoie\/wp-json\/wp\/v2\/categories?post=1439"},{"taxonomy":"post_tag","embeddable":true,"href":"https:\/\/lavoiedessansvoix.fr\/lavoie\/wp-json\/wp\/v2\/tags?post=1439"}],"curies":[{"name":"wp","href":"https:\/\/api.w.org\/{rel}","templated":true}]}}