{"id":1437,"date":"2013-04-28T09:32:00","date_gmt":"2013-04-28T07:32:00","guid":{"rendered":"https:\/\/lavoiedessansvoix.fr\/lavoie\/2013\/04\/28\/archive-j-l-melenchon-un-pied-dedans-un-pied-dehors\/"},"modified":"2013-04-28T09:32:00","modified_gmt":"2013-04-28T07:32:00","slug":"archive-j-l-melenchon-un-pied-dedans-un-pied-dehors","status":"publish","type":"post","link":"https:\/\/lavoiedessansvoix.fr\/lavoie\/2013\/04\/28\/archive-j-l-melenchon-un-pied-dedans-un-pied-dehors\/","title":{"rendered":"J-L MELENCHON UN PIED DEDANS UN PIED DEHORS"},"content":{"rendered":"<p>J-L MELENCHON UN PIED DEDANS UN PIED DEHORSJean-Luc M\u00e9lenchon \u00e9tait jeudi soir l\u2019invit\u00e9 de David Pujadas dans l\u2019\u00e9mission \u00ab des paroles et des actes \u00bb. Nous ne ferons ici, ni analyse exhaustive ni compte rendu de sa prestation. Nous voulons nous en tenir \u00e0 trois discussions sur trois points :1)    L\u2019aust\u00e9rit\u00e9 et l\u2019Europe (que nous traitons ci-dessous \u2013 dimanche 28)2)     \u00ab Opposition de Gauche \u00bb ou \u00ab Majorit\u00e9 pr\u00e9sidentielle \u00bb ? (Que nous publierons lundi 29 avril).3)    La \u00ab sixi\u00e8me R\u00e9publique \u00bb.(Que nous publierons mardi 30 avril)Volet 1 : \u00ab Europe, ob\u00e9is-moi ! \u00bbLa formule \u00ab m\u00e9lenchonaise : \u00ab parler cru, parler dru ? \u00bb qui se donne des airs si mena\u00e7ante, ne se r\u00e9soudrait-elle en v\u00e9rit\u00e9 qu\u2019\u00e0 \u00ab une formule cabalistique \u00bb, quelque chose d\u2019aussi d\u00e9suet que \u00ab s\u00e9same ouvre-toi ! \u00bb ? C\u2019est ce que nous allons examiner l\u00e0. Jean-Luc M\u00e9lenchon veut que l\u2019Europe change de cap. Le cap au b\u00e9n\u00e9fice exclusif de la sph\u00e8re financi\u00e8re, c\u2019est L\u2019Allemagne qui le donne. Il en d\u00e9duit qu\u2019il faut \u00ab une confrontation \u00bb (pacifique) avec celle-ci. Il fait un parall\u00e8le entre \u00ab dissuasion nucl\u00e9aire \u00bb et \u00ab dissuasion budg\u00e9taire \u00bb. La France verse 2O. Milliards au budget de l\u2019Europe, si l\u2019Allemagne refuse le changement de cap que nous souhaitons, \u00ab Nous ne payons plus \u00bb et d\u2019ajouter, \u00ab c\u2019est tout le syst\u00e8me c\u2019est le monde entier qui s\u2019effondre \u00bb\u2026 Nous avec. Jacques Attali lui a fait remarquer, et Benoist Apparu un peu apr\u00e8s, que les armes de dissuasion, parce qu\u2019elles sont suicidaires, sont faites pour ne pas servir. \u00ab Ce sera un grand \u00e9clat de rire \u00bb si vous menacez de l\u2019usage d\u2019une arme dont vous ne pouvez pas vous servir. \u00bb Nonobstant l\u2019antipathie que nous inspirent les deux personnages qui l\u2019ont interpel\u00e9, il faut bien l\u2019admettre, ils n\u2019ont pas tort. Au-del\u00e0 de sa formulation tonitruante, la proposition, se mord la queue en v\u00e9rit\u00e9. Priv\u00e9 de \u00ab son arme \u00bb, l\u2019intention se r\u00e9v\u00e8le n\u2019\u00eatre que \u00ab paroles sans cons\u00e9quences \u00bbLa raison en est simple. Jean-Luc M\u00e9lenchon veut \u00ab lutter contre le syst\u00e8me \u00bb avec les armes du syst\u00e8me. Ou plus exactement, Jean-Luc M\u00e9lenchon ne veut pas lutter contre le syst\u00e8me, mais seulement contre certains aspects pervers et d\u00e9rives de celui-ci, contre la sph\u00e8re financi\u00e8re. Mais la sph\u00e8re financi\u00e8re n\u2019est pas un corps \u00e9tranger dont on pourrait r\u00e9aliser l\u2019ablation sans toucher au syst\u00e8me. S\u2019attaquer v\u00e9ritablement \u00e0 la haute finance internationale c\u2019est s\u2019attaquer au syst\u00e8me capitaliste lui-m\u00eame, car celle-ci n\u2019est que l\u2019expression du niveau de d\u00e9veloppement actuel de celui-l\u00e0. Or, on ne peut s\u2019attaquer au capitalisme en restant \u00e0 l\u2019int\u00e9rieur. Un pied dedans, un pied dehors, c\u2019est la politique de \u2018Monsieur M\u00e9lenchon \u00bb. Elle le condamne \u00e0 un grand \u00e9cart douloureux et \u00e0 une posture ridicule. Elle pourrait bien \u00e0 la longue s\u2019av\u00e9rer \u00eatre son drame s\u2019il persiste trop longtemps \u00e0 ne pas vouloir mettre ses deux pieds dans la m\u00eame paire de sabots.Dimanche 28 avril 2013.<\/p>\n","protected":false},"excerpt":{"rendered":"<p>J-L MELENCHON UN PIED DEDANS UN PIED DEHORSJean-Luc M\u00e9lenchon \u00e9tait jeudi soir l\u2019invit\u00e9 de David Pujadas dans l\u2019\u00e9mission \u00ab des [&hellip;]<\/p>\n","protected":false},"author":1,"featured_media":0,"comment_status":"open","ping_status":"open","sticky":false,"template":"","format":"standard","meta":{"sfsi_plus_gutenberg_text_before_share":"","sfsi_plus_gutenberg_show_text_before_share":"","sfsi_plus_gutenberg_icon_type":"","sfsi_plus_gutenberg_icon_alignemt":"","sfsi_plus_gutenburg_max_per_row":"","site-sidebar-layout":"default","site-content-layout":"","ast-site-content-layout":"default","site-content-style":"default","site-sidebar-style":"default","ast-global-header-display":"","ast-banner-title-visibility":"","ast-main-header-display":"","ast-hfb-above-header-display":"","ast-hfb-below-header-display":"","ast-hfb-mobile-header-display":"","site-post-title":"","ast-breadcrumbs-content":"","ast-featured-img":"","footer-sml-layout":"","ast-disable-related-posts":"","theme-transparent-header-meta":"","adv-header-id-meta":"","stick-header-meta":"","header-above-stick-meta":"","header-main-stick-meta":"","header-below-stick-meta":"","astra-migrate-meta-layouts":"default","ast-page-background-enabled":"default","ast-page-background-meta":{"desktop":{"background-color":"var(--ast-global-color-4)","background-image":"","background-repeat":"repeat","background-position":"center center","background-size":"auto","background-attachment":"scroll","background-type":"","background-media":"","overlay-type":"","overlay-color":"","overlay-opacity":"","overlay-gradient":""},"tablet":{"background-color":"","background-image":"","background-repeat":"repeat","background-position":"center center","background-size":"auto","background-attachment":"scroll","background-type":"","background-media":"","overlay-type":"","overlay-color":"","overlay-opacity":"","overlay-gradient":""},"mobile":{"background-color":"","background-image":"","background-repeat":"repeat","background-position":"center center","background-size":"auto","background-attachment":"scroll","background-type":"","background-media":"","overlay-type":"","overlay-color":"","overlay-opacity":"","overlay-gradient":""}},"ast-content-background-meta":{"desktop":{"background-color":"var(--ast-global-color-5)","background-image":"","background-repeat":"repeat","background-position":"center center","background-size":"auto","background-attachment":"scroll","background-type":"","background-media":"","overlay-type":"","overlay-color":"","overlay-opacity":"","overlay-gradient":""},"tablet":{"background-color":"var(--ast-global-color-5)","background-image":"","background-repeat":"repeat","background-position":"center center","background-size":"auto","background-attachment":"scroll","background-type":"","background-media":"","overlay-type":"","overlay-color":"","overlay-opacity":"","overlay-gradient":""},"mobile":{"background-color":"var(--ast-global-color-5)","background-image":"","background-repeat":"repeat","background-position":"center center","background-size":"auto","background-attachment":"scroll","background-type":"","background-media":"","overlay-type":"","overlay-color":"","overlay-opacity":"","overlay-gradient":""}},"footnotes":""},"categories":[16],"tags":[],"class_list":["post-1437","post","type-post","status-publish","format-standard","hentry","category-archives-cms"],"_links":{"self":[{"href":"https:\/\/lavoiedessansvoix.fr\/lavoie\/wp-json\/wp\/v2\/posts\/1437","targetHints":{"allow":["GET"]}}],"collection":[{"href":"https:\/\/lavoiedessansvoix.fr\/lavoie\/wp-json\/wp\/v2\/posts"}],"about":[{"href":"https:\/\/lavoiedessansvoix.fr\/lavoie\/wp-json\/wp\/v2\/types\/post"}],"author":[{"embeddable":true,"href":"https:\/\/lavoiedessansvoix.fr\/lavoie\/wp-json\/wp\/v2\/users\/1"}],"replies":[{"embeddable":true,"href":"https:\/\/lavoiedessansvoix.fr\/lavoie\/wp-json\/wp\/v2\/comments?post=1437"}],"version-history":[{"count":0,"href":"https:\/\/lavoiedessansvoix.fr\/lavoie\/wp-json\/wp\/v2\/posts\/1437\/revisions"}],"wp:attachment":[{"href":"https:\/\/lavoiedessansvoix.fr\/lavoie\/wp-json\/wp\/v2\/media?parent=1437"}],"wp:term":[{"taxonomy":"category","embeddable":true,"href":"https:\/\/lavoiedessansvoix.fr\/lavoie\/wp-json\/wp\/v2\/categories?post=1437"},{"taxonomy":"post_tag","embeddable":true,"href":"https:\/\/lavoiedessansvoix.fr\/lavoie\/wp-json\/wp\/v2\/tags?post=1437"}],"curies":[{"name":"wp","href":"https:\/\/api.w.org\/{rel}","templated":true}]}}