{"id":1436,"date":"2013-04-29T17:01:00","date_gmt":"2013-04-29T15:01:00","guid":{"rendered":"https:\/\/lavoiedessansvoix.fr\/lavoie\/2013\/04\/29\/archive-jean-luc-melenchon-un-pied-dedans-un-pied-dehors\/"},"modified":"2013-04-29T17:01:00","modified_gmt":"2013-04-29T15:01:00","slug":"archive-jean-luc-melenchon-un-pied-dedans-un-pied-dehors","status":"publish","type":"post","link":"https:\/\/lavoiedessansvoix.fr\/lavoie\/2013\/04\/29\/archive-jean-luc-melenchon-un-pied-dedans-un-pied-dehors\/","title":{"rendered":"Jean-Luc M\u00c9LENCHON :   UN PIED DEDANS UN PIED DEHORS"},"content":{"rendered":"<p>Jean-Luc M\u00c9LENCHON : UN PIED DEDANS UN PIED DEHORSVolet 2 : Qui est quoi ?(Opposition de gauche ou majorit\u00e9 pr\u00e9sidentielle ?)\u00ab Nous manifesterons le 5 mai. Nous avons vot\u00e9 pour, c\u2019est notre majorit\u00e9, pas pour qu\u2019elle fasse \u00e7a ! \u00bb Lance-t-il devant les cam\u00e9ras en accompagnant son propos d\u2019un geste ample et circulaire du bras gauche, la main ouverte . Mr M\u00e9lenchon a ici un probl\u00e8me avec le \u00ab concept \u00bb de majorit\u00e9. Hollande a \u00e9t\u00e9 \u00e9lu avec les voix des \u00ab travailleurs \u00bb des \u00e9lecteurs du \u00ab front de Gauche \u00bb, sans elles il n\u2019aurait pas \u00e9t\u00e9 \u00e9lu, donc c\u2019est \u00ab notre majorit\u00e9 \u00bb. Ce raisonnement se fourvoie en v\u00e9rit\u00e9 totalement, loin des chemins de la raison. D\u2019autres couches sociaux-\u00e9conomiques, des employeurs par exemple, ont vot\u00e9 de m\u00eame, sans les voix desquelles l\u2019\u00e9lection de Fran\u00e7ois Hollande n\u2019aurait pas \u00e9t\u00e9 possible. Chacun pourrait en dire tout autant et pr\u00e9tendre que la majorit\u00e9 lui appartient. Le probl\u00e8me qu\u2019a Jean-Luc M\u00e9lenchon avec le concept de \u00ab majorit\u00e9 \u00bb, ne lui est pas propre. Il est presque g\u00e9n\u00e9rationnel, dirai-je. Il y a quelques ann\u00e9es d\u00e9j\u00e0, Daniel Ben-Sa\u00efd, un camarade et un ami, disparu depuis, se fourvoyait de m\u00eame. Dans un pamphlet au titre sans ambigu\u00eft\u00e9, \u00ab Lionel qu\u2019as-tu fait de notre victoire ? \u00bb Il consid\u00e9rait que le succ\u00e8s \u00e9lectoral de la \u00ab Gauche plurielle \u00bb de 1997 qui avait conduit Monsieur Jospin \u00e0 Matignon \u00e9tait \u00ab le n\u00f4tre\u00bb \u00e0 son sens la victoire des travailleurs, du peuple laborieux. \u00bb. J\u2019ai, en ce temps, consacr\u00e9 un chapitre d\u2019une plaquette intitul\u00e9e \u00ab la social-d\u00e9mocratie est morte \u00bb \u00e0 contester cette fa\u00e7on de voir.Disons cela en une formule condens\u00e9e. \u00ab Une majorit\u00e9 politique, n\u2019appartient jamais \u00e0 ceux qui l\u2019on form\u00e9 par leurs votes, mais seulement \u00e0 l\u2019\u00e9lu qu\u2019ils ont investi\u00bb. Donc, Jean-Luc M\u00e9lenchon, le \u00ab front \u00bb et le \u00ab parti \u00bb de gauche, quand bien m\u00eame ils n\u2019ont pas pris part au gouvernement, se r\u00e9clament, et ils semblent y tenir tr\u00e8s fort, de \u00ab la majorit\u00e9 pr\u00e9sidentielle. Pour un peu m\u00eame ils nous diraient que la majorit\u00e9 c\u2019est eux :Cela pourrait n\u2019\u00eatre qu\u2019anecdotique si \u00e7a ne signalait un probl\u00e8me constitutif majeur qui pourrait bien consacrer la faillite politique du \u00ab front de gauche \u00bb, pour le cas ou celui-ci n\u2019y apporterait pas rem\u00e8de rapidement.En se gardant de prendre part au gouvernement, en se positionnant de fa\u00e7on ouvertement critique face \u00e0 l\u2019action gouvernementale, le \u00ab Front de Gauche \u00bb avait fait deux pas significatifs dans la bonne direction. Mais en persistant \u00e0 se \u00ab r\u00e9clamer \u00bb de \u00ab la Gauche \u00bb, de la majorit\u00e9 pr\u00e9sidentielle, il brouille le message. Opposition dans l\u2019action et dans le discours, le \u00ab Front de Gauche \u00bb reste partie prenante de \u00ab la majorit\u00e9 pr\u00e9sidentielle \u00bb dans ses fondements id\u00e9ologiques. Opposition donc, mais pas jusqu\u2019au bout, incoh\u00e9rente. Encore une fois, un pied dedans un pied dehors, c\u2019est ce qui, d\u00e9cid\u00e9ment, caract\u00e9rise le positionnement \u00ab m\u00e9lenchonien \u00bb.Nous avons fait part de nos angoisses dans ces pages, d\u00e8s les lendemains de l\u2019\u00e9lection pr\u00e9sidentielle : \u00a0\u00bb De nouveaux griefs cumul\u00e9s, de nouvelles d\u00e9ceptions \u00e0 l\u2019endroit \u00ab de la Gauche \u00bb pr\u00e9cipiteraient cette fois le FN au centre du jeu politique. Que \u00ab la gauche molle \u00bb d\u00e9\u00e7oive, cela est couru d\u2019avance et in\u00e9vitable, car inscrit dans ses g\u00eanes. Ce n\u2019est pas l\u00e0 que se situe le v\u00e9ritable danger. Le danger serait que \u00ab toute la gauche \u00bb soit rendue responsable, sans que ne se dessine aucune alternative, sans que ne s\u2019offre aucune planche de salut. L\u00e0 se situe d\u00e8s lors la responsabilit\u00e9 historique du Front de gauche.\u00a0\u00bb .(lettre ouverte \u00e0 Jean-Luc M\u00e9lenchon 12\/5\/2912)Si le \u00ab Front de Gauche \u00bb ne se r\u00e9sout pas \u00e0 couper le cordon ombilical avec la \u00ab majorit\u00e9 pr\u00e9sidentielle \u00bb, s\u2019il ne d\u00e9cide pas de s\u2019assumer comme opposition pleine et enti\u00e8re, alors les pires pr\u00e9visions de notre \u00ab Cassandre \u00bb deviendront r\u00e9alit\u00e9, c\u2019est le \u00ab Front national\u00bb qui captera le m\u00e9contentement populaire.Lundi 29 avril 2013.<\/p>\n","protected":false},"excerpt":{"rendered":"<p>Jean-Luc M\u00c9LENCHON : UN PIED DEDANS UN PIED DEHORSVolet 2 : Qui est quoi ?(Opposition de gauche ou majorit\u00e9 pr\u00e9sidentielle [&hellip;]<\/p>\n","protected":false},"author":1,"featured_media":0,"comment_status":"open","ping_status":"open","sticky":false,"template":"","format":"standard","meta":{"sfsi_plus_gutenberg_text_before_share":"","sfsi_plus_gutenberg_show_text_before_share":"","sfsi_plus_gutenberg_icon_type":"","sfsi_plus_gutenberg_icon_alignemt":"","sfsi_plus_gutenburg_max_per_row":"","site-sidebar-layout":"default","site-content-layout":"","ast-site-content-layout":"default","site-content-style":"default","site-sidebar-style":"default","ast-global-header-display":"","ast-banner-title-visibility":"","ast-main-header-display":"","ast-hfb-above-header-display":"","ast-hfb-below-header-display":"","ast-hfb-mobile-header-display":"","site-post-title":"","ast-breadcrumbs-content":"","ast-featured-img":"","footer-sml-layout":"","ast-disable-related-posts":"","theme-transparent-header-meta":"","adv-header-id-meta":"","stick-header-meta":"","header-above-stick-meta":"","header-main-stick-meta":"","header-below-stick-meta":"","astra-migrate-meta-layouts":"default","ast-page-background-enabled":"default","ast-page-background-meta":{"desktop":{"background-color":"var(--ast-global-color-4)","background-image":"","background-repeat":"repeat","background-position":"center center","background-size":"auto","background-attachment":"scroll","background-type":"","background-media":"","overlay-type":"","overlay-color":"","overlay-opacity":"","overlay-gradient":""},"tablet":{"background-color":"","background-image":"","background-repeat":"repeat","background-position":"center center","background-size":"auto","background-attachment":"scroll","background-type":"","background-media":"","overlay-type":"","overlay-color":"","overlay-opacity":"","overlay-gradient":""},"mobile":{"background-color":"","background-image":"","background-repeat":"repeat","background-position":"center center","background-size":"auto","background-attachment":"scroll","background-type":"","background-media":"","overlay-type":"","overlay-color":"","overlay-opacity":"","overlay-gradient":""}},"ast-content-background-meta":{"desktop":{"background-color":"var(--ast-global-color-5)","background-image":"","background-repeat":"repeat","background-position":"center center","background-size":"auto","background-attachment":"scroll","background-type":"","background-media":"","overlay-type":"","overlay-color":"","overlay-opacity":"","overlay-gradient":""},"tablet":{"background-color":"var(--ast-global-color-5)","background-image":"","background-repeat":"repeat","background-position":"center center","background-size":"auto","background-attachment":"scroll","background-type":"","background-media":"","overlay-type":"","overlay-color":"","overlay-opacity":"","overlay-gradient":""},"mobile":{"background-color":"var(--ast-global-color-5)","background-image":"","background-repeat":"repeat","background-position":"center center","background-size":"auto","background-attachment":"scroll","background-type":"","background-media":"","overlay-type":"","overlay-color":"","overlay-opacity":"","overlay-gradient":""}},"footnotes":""},"categories":[16],"tags":[],"class_list":["post-1436","post","type-post","status-publish","format-standard","hentry","category-archives-cms"],"_links":{"self":[{"href":"https:\/\/lavoiedessansvoix.fr\/lavoie\/wp-json\/wp\/v2\/posts\/1436","targetHints":{"allow":["GET"]}}],"collection":[{"href":"https:\/\/lavoiedessansvoix.fr\/lavoie\/wp-json\/wp\/v2\/posts"}],"about":[{"href":"https:\/\/lavoiedessansvoix.fr\/lavoie\/wp-json\/wp\/v2\/types\/post"}],"author":[{"embeddable":true,"href":"https:\/\/lavoiedessansvoix.fr\/lavoie\/wp-json\/wp\/v2\/users\/1"}],"replies":[{"embeddable":true,"href":"https:\/\/lavoiedessansvoix.fr\/lavoie\/wp-json\/wp\/v2\/comments?post=1436"}],"version-history":[{"count":0,"href":"https:\/\/lavoiedessansvoix.fr\/lavoie\/wp-json\/wp\/v2\/posts\/1436\/revisions"}],"wp:attachment":[{"href":"https:\/\/lavoiedessansvoix.fr\/lavoie\/wp-json\/wp\/v2\/media?parent=1436"}],"wp:term":[{"taxonomy":"category","embeddable":true,"href":"https:\/\/lavoiedessansvoix.fr\/lavoie\/wp-json\/wp\/v2\/categories?post=1436"},{"taxonomy":"post_tag","embeddable":true,"href":"https:\/\/lavoiedessansvoix.fr\/lavoie\/wp-json\/wp\/v2\/tags?post=1436"}],"curies":[{"name":"wp","href":"https:\/\/api.w.org\/{rel}","templated":true}]}}