{"id":1435,"date":"2013-04-30T17:31:00","date_gmt":"2013-04-30T15:31:00","guid":{"rendered":"https:\/\/lavoiedessansvoix.fr\/lavoie\/2013\/04\/30\/archive-j-luc-melenchon-un-pied-dedans-un-pied-dehors\/"},"modified":"2013-04-30T17:31:00","modified_gmt":"2013-04-30T15:31:00","slug":"archive-j-luc-melenchon-un-pied-dedans-un-pied-dehors","status":"publish","type":"post","link":"https:\/\/lavoiedessansvoix.fr\/lavoie\/2013\/04\/30\/archive-j-luc-melenchon-un-pied-dedans-un-pied-dehors\/","title":{"rendered":"J-Luc M\u00e9lenchon : UN PIED DEDANS UN PIED DEHORS"},"content":{"rendered":"<p>J-Luc M\u00e9lenchon :UN PIED DEDANS UN PIED DEHORSVolet 3 : La sixi\u00e8me R\u00e9publique.Nous avons d\u00e9j\u00e0, dans ces pages, fait la critique de ce mot d\u2019ordre. Certes, revendiquer un changement de R\u00e9publique, la convocation d\u2019une assembl\u00e9e constituante, est un moyen de mobiliser en dehors des cadres impartis de l\u2019alternance, le moyen de faire \u00ab p\u00e9ter \u00bb cet outil d\u2019enfermement de la lutte politique, qu\u2019est la cinqui\u00e8me R\u00e9publique. Mais la \u00ab sixi\u00e8me r\u00e9publique \u00bb ne pr\u00e9tends \u00e0 rien autre qu\u2019en finir avec les d\u00e9rives autoritaires de la cinqui\u00e8me, avec la corruption et \u00ab le d\u00e9ficit de d\u00e9mocratie \u00bb. La sixi\u00e8me r\u00e9publique c\u2019est donc, apr\u00e8s correction des exc\u00e8s, le cadre institutionnel de fonctionnement du syst\u00e8me capitaliste corrig\u00e9 lui-m\u00eame des exc\u00e8s de la haute finance. C\u2019est une r\u00e9publique capitaliste apais\u00e9e dans un environnement socio-\u00e9conomique amorti. D\u2019un point de vue \u00ab de gauche \u00bb, au sens des int\u00e9r\u00eats des travailleurs, des classes laborieuses, c\u2019est un fantasme, c\u2019est une impossibilit\u00e9.\u00c0 quelques variantes pr\u00e8s, le mod\u00e8le institutionnel qui se g\u00e9n\u00e9ralise dans le monde est celui de la \u00ab cinqui\u00e8me R\u00e9publique fran\u00e7aise \u00bb. Des \u00ab R\u00e9publiques c\u00e9saristes \u00bb ou \u00ab monarchistes \u00bb  (Espagne, Royaume-Uni, Pays-Bas, Belgique), fond\u00e9es, \u00e0 d\u00e9faut de souverain, sur l\u2019\u00e9lection d\u2019un pr\u00e9sident au suffrage universel.et, plus al\u00e9atoire, \u00ab l\u2019alternance politique \u00bb de deux partis institutionnels. Cela n\u2019est pas d\u00fb \u00e0 un effet de mode ou au hasard, mais intrins\u00e8quement li\u00e9 \u00e0 l\u2019\u00e9volution de la structure socio-\u00e9conomique. Le syst\u00e8me \u00ab c\u00e9sariste \u00bb ou \u00ab souverainiste \u00bb est celui qui convient le mieux aux imp\u00e9ratifs de la direction politique des nations par la finance internationale. Pour autant, cette revendication n\u2019est pas totalement utopique. Il se pourrait qu\u2019advienne une sixi\u00e8me r\u00e9publique. En ce cas, ce serait celle de Madame Le Pen. Ne cherchez pas dans notre propos la moindre intention insultante \u00e0 l\u2019\u00e9gard de monsieur M\u00e9lenchon et du Front de Gauche. Seulement la volont\u00e9 de nous en tenir aux rigueurs d\u2019une analyse politique sans concessions.Le fascisme, nous l\u2019avons dit ailleurs, est dat\u00e9. C\u2019est la forme sp\u00e9cifique que prirent entre les deux guerres mondiales, les R\u00e9publiques (ou \u00c9tats) des petits bourgeois en col\u00e8re, avant tout, contre le communisme et la classe ouvri\u00e8re r\u00e9volutionnaire. Cette derni\u00e8re dimension est aujourd\u2019hui totalement absente du contexte politique. C\u2019est pourquoi il est erron\u00e9 de faire un raccourci historique simpliste entre \u00ab fascisme \u00bb et \u00ab Front national \u00bb. La sixi\u00e8me R\u00e9publique, capitaliste, mobilis\u00e9e contre la haute finance internationale, dans des formes nouvelles correspondant au contexte historique actuel, ce ne peut-\u00eatre toutefois, du point de vue du soubassement social, que celle des petits bourgeois et petits capitalistes qui s\u2019insurgent contre les app\u00e9tits trop voraces des grands requins qui les d\u00e9vorent ? Le fait que \u00ab la Gauche radicale \u00bb, une partie de l\u2019\u00e9lectorat populaire et ouvrier, s\u2019en m\u00eale et la revendique aussi n\u2019est pas de nature \u00e0 rien changer \u00e0 cette r\u00e9alit\u00e9. Cela en v\u00e9rit\u00e9 ne revient qu\u2019\u00e0 atteler le char de la classe ouvri\u00e8re, \u00e0 la classe capitaliste petite et moyenne. Les impr\u00e9cations et les discours n\u2019y peuvent rien changer non plus. Cela en effet ne d\u00e9coule pas des intentions des uns ou des autres, ni des programmes politiques qui ne sont, lorsqu\u2019ils s\u2019\u00e9mancipent des r\u00e9alit\u00e9s, que \u00ab des intentions \u00e9crites sans lendemain \u00bb. Cela d\u00e9coule de r\u00e9alit\u00e9s objectives, socio-\u00e9conomiques, desquelles personne ne peut s\u2019abstraire.En brandissant l\u2019\u00e9tendard d\u2019une nouvelle R\u00e9publique et d\u2019une assembl\u00e9e constituante, Jean-Luc M\u00e9lenchon met un pied dehors. Mais \u00e0 son ordinaire, en ne donnant pas \u00e0 celle-ci un contenu socio-\u00e9conomique alternatif, il garde un pied dedans. Pour notre part, changer de R\u00e9publique ? Certes, nous en sommes d\u2019accord. Pour cela il faut en finir avec le syst\u00e8me capitaliste de production dont la haute finance n\u2019est que l\u2019expression ultime. Et dans ce cas, ce n\u2019est pas une \u00ab sixi\u00e8me r\u00e9publique \u00bb qu\u2019il nous faut, mais une \u00ab R\u00e9publique du travail, sociale et solidaire \u00bb. Celle-ci portera-t-elle le n\u00ba 6, en r\u00e9f\u00e9rence \u00e0 l\u2019an 1 de la \u00ab Grande r\u00e9volution \u00bb, ou, fondatrice d\u2019une \u00e8re r\u00e9volutionnaire nouvelle, portera-t-elle le n\u00ba 1 ? Il est encore trop t\u00f4t pour le dire.Mardi 30 avril 2013.<\/p>\n","protected":false},"excerpt":{"rendered":"<p>J-Luc M\u00e9lenchon :UN PIED DEDANS UN PIED DEHORSVolet 3 : La sixi\u00e8me R\u00e9publique.Nous avons d\u00e9j\u00e0, dans ces pages, fait la [&hellip;]<\/p>\n","protected":false},"author":1,"featured_media":0,"comment_status":"open","ping_status":"open","sticky":false,"template":"","format":"standard","meta":{"sfsi_plus_gutenberg_text_before_share":"","sfsi_plus_gutenberg_show_text_before_share":"","sfsi_plus_gutenberg_icon_type":"","sfsi_plus_gutenberg_icon_alignemt":"","sfsi_plus_gutenburg_max_per_row":"","site-sidebar-layout":"default","site-content-layout":"","ast-site-content-layout":"default","site-content-style":"default","site-sidebar-style":"default","ast-global-header-display":"","ast-banner-title-visibility":"","ast-main-header-display":"","ast-hfb-above-header-display":"","ast-hfb-below-header-display":"","ast-hfb-mobile-header-display":"","site-post-title":"","ast-breadcrumbs-content":"","ast-featured-img":"","footer-sml-layout":"","ast-disable-related-posts":"","theme-transparent-header-meta":"","adv-header-id-meta":"","stick-header-meta":"","header-above-stick-meta":"","header-main-stick-meta":"","header-below-stick-meta":"","astra-migrate-meta-layouts":"default","ast-page-background-enabled":"default","ast-page-background-meta":{"desktop":{"background-color":"var(--ast-global-color-4)","background-image":"","background-repeat":"repeat","background-position":"center center","background-size":"auto","background-attachment":"scroll","background-type":"","background-media":"","overlay-type":"","overlay-color":"","overlay-opacity":"","overlay-gradient":""},"tablet":{"background-color":"","background-image":"","background-repeat":"repeat","background-position":"center center","background-size":"auto","background-attachment":"scroll","background-type":"","background-media":"","overlay-type":"","overlay-color":"","overlay-opacity":"","overlay-gradient":""},"mobile":{"background-color":"","background-image":"","background-repeat":"repeat","background-position":"center center","background-size":"auto","background-attachment":"scroll","background-type":"","background-media":"","overlay-type":"","overlay-color":"","overlay-opacity":"","overlay-gradient":""}},"ast-content-background-meta":{"desktop":{"background-color":"var(--ast-global-color-5)","background-image":"","background-repeat":"repeat","background-position":"center center","background-size":"auto","background-attachment":"scroll","background-type":"","background-media":"","overlay-type":"","overlay-color":"","overlay-opacity":"","overlay-gradient":""},"tablet":{"background-color":"var(--ast-global-color-5)","background-image":"","background-repeat":"repeat","background-position":"center center","background-size":"auto","background-attachment":"scroll","background-type":"","background-media":"","overlay-type":"","overlay-color":"","overlay-opacity":"","overlay-gradient":""},"mobile":{"background-color":"var(--ast-global-color-5)","background-image":"","background-repeat":"repeat","background-position":"center center","background-size":"auto","background-attachment":"scroll","background-type":"","background-media":"","overlay-type":"","overlay-color":"","overlay-opacity":"","overlay-gradient":""}},"footnotes":""},"categories":[16],"tags":[],"class_list":["post-1435","post","type-post","status-publish","format-standard","hentry","category-archives-cms"],"_links":{"self":[{"href":"https:\/\/lavoiedessansvoix.fr\/lavoie\/wp-json\/wp\/v2\/posts\/1435","targetHints":{"allow":["GET"]}}],"collection":[{"href":"https:\/\/lavoiedessansvoix.fr\/lavoie\/wp-json\/wp\/v2\/posts"}],"about":[{"href":"https:\/\/lavoiedessansvoix.fr\/lavoie\/wp-json\/wp\/v2\/types\/post"}],"author":[{"embeddable":true,"href":"https:\/\/lavoiedessansvoix.fr\/lavoie\/wp-json\/wp\/v2\/users\/1"}],"replies":[{"embeddable":true,"href":"https:\/\/lavoiedessansvoix.fr\/lavoie\/wp-json\/wp\/v2\/comments?post=1435"}],"version-history":[{"count":0,"href":"https:\/\/lavoiedessansvoix.fr\/lavoie\/wp-json\/wp\/v2\/posts\/1435\/revisions"}],"wp:attachment":[{"href":"https:\/\/lavoiedessansvoix.fr\/lavoie\/wp-json\/wp\/v2\/media?parent=1435"}],"wp:term":[{"taxonomy":"category","embeddable":true,"href":"https:\/\/lavoiedessansvoix.fr\/lavoie\/wp-json\/wp\/v2\/categories?post=1435"},{"taxonomy":"post_tag","embeddable":true,"href":"https:\/\/lavoiedessansvoix.fr\/lavoie\/wp-json\/wp\/v2\/tags?post=1435"}],"curies":[{"name":"wp","href":"https:\/\/api.w.org\/{rel}","templated":true}]}}