{"id":1433,"date":"2013-05-04T04:58:00","date_gmt":"2013-05-04T02:58:00","guid":{"rendered":"https:\/\/lavoiedessansvoix.fr\/lavoie\/2013\/05\/04\/archive-jean-luc-melenchon-1-pied-dedans-1-pied-dehors\/"},"modified":"2013-05-04T04:58:00","modified_gmt":"2013-05-04T02:58:00","slug":"archive-jean-luc-melenchon-1-pied-dedans-1-pied-dehors","status":"publish","type":"post","link":"https:\/\/lavoiedessansvoix.fr\/lavoie\/2013\/05\/04\/archive-jean-luc-melenchon-1-pied-dedans-1-pied-dehors\/","title":{"rendered":"Jean-Luc M\u00e9lenchon : 1 PIED DEDANS 1 PIED DEHORS"},"content":{"rendered":"<p>Jean-Luc M\u00e9lenchon :1 PIED DEDANS 1 PIED DEHORS4\u00e8me volet-surpriseNous nous sommes rendu compte qu\u2019il manquait un volet \u00e0 la s\u00e9rie que nous avons consacr\u00e9e au \u00ab Front de Gauche \u00bb et \u00e0 son embl\u00e9matique \u00ab leader \u00bb.Tout d\u2019abord pour apporter une pr\u00e9cision \u00e0 ceux qui, \u00e9gar\u00e9s par nos critiques ou interrogations \u00e0 propos du positionnement strat\u00e9gique de ce mouvement, ne l\u2019auraient pas compris : nos proximit\u00e9s id\u00e9ologiques avec lui sont beaucoup plus nombreuses et grandes que nos diff\u00e9rends. Cela nous fonde \u00e0 voir dans le \u00ab Front de Gauche \u00bb, des amis et des camarades avec lesquels nous avons un grand bout de chemin \u00e0 faire ensemble.Et puis, surtout, pour clarifier une question pressante qui surgit des interrogations de nos pr\u00e9c\u00e9dents articles. \u00ab Un pied dedans un pied dehors \u00bb, c\u2019est avons-nous dit, ce qui caract\u00e9rise le positionnement m\u00e9lenchonien \u00bb. Mais pourquoi camper ainsi dans une posture politique inconfortable, qui \u00e0 la longue promet d\u2019\u00eatre contreproductive ?Dans le volet 2, \u00ab opposition de gauche ou majorit\u00e9 pr\u00e9sidentielle \u00bb, nous avons dit que J-L M\u00e9lenchon n\u2019\u00e9tait pas le seul \u00e0 s\u2019accrocher tr\u00e8s fort \u00e0 l\u2019appartenance d\u00e9clar\u00e9e \u00e0 la majorit\u00e9 pr\u00e9sidentielle. Nous avons cit\u00e9 l\u2019exemple ant\u00e9rieur de Daniel Ben Sa\u00efd \u00e0 propos de la victoire \u00e9lectorale de la \u00ab Gauche plurielle \u00bb aux \u00e9lections l\u00e9gislatives de 1997. Nous en avons effleur\u00e9 les motivations politiques, \u00ab nous avons vot\u00e9 pour, c\u2019est notre majorit\u00e9 \u00bb, qui nous l\u2019avons montr\u00e9 est un raisonnement vici\u00e9. Mais nous n\u2019avons pas dit les v\u00e9ritables ressorts de ce positionnement. C\u2019est le manque que nous entendons combler ici. Ces ressorts rel\u00e8vent de deux origines politiques et traditionnelles diff\u00e9rentes 1 \u2013 la question de l\u2019unit\u00e9 du mouvement ouvrier politique, 2 \u2013 la tradition \u00e9lectorale de la discipline r\u00e9publicaine.1 &#8211; Des raisons culturelles et m\u00e9morielles.A \u2013 Histoire et traditions du mouvement ouvrier politique. Il y a tout d\u2019abord \u00e0 cela des fondements id\u00e9ologiques lointains et profonds. C\u2019est la raison, non innocente, pour laquelle nous avions fait le rapprochement avec Daniel Ben Sa\u00efd. Il y a un courant \u00ab \u00e0 gauche \u00bb qui s\u2019obstine \u00e0 voir dans le Parti socialiste, un partit social-d\u00e9mocrate, certes, fort d\u00e9g\u00e9n\u00e9r\u00e9, mais \u00ab Social-d\u00e9mocrate \u00bb tout de m\u00eame, c&rsquo;est-\u00e0-dire \u00ab ouvrier \u00bb. Et ce courant, en faisant une politique unitaire avec le PS, aspire \u00e0 \u0153uvrer pour l\u2019unit\u00e9 de la classe ouvri\u00e8re, \u00ab le front unique ouvrier qu\u2019ils appellent \u00e7a \u00bb. Or ce courant tient d\u2019autant plus fort \u00e0 se positionnement l\u00e0 qu\u2019il a gard\u00e9 en m\u00e9moire un \u00e9pisode dramatique de l\u2019histoire r\u00e9cente, quand le parti communiste allemand, pilot\u00e9 par le Komintern (internationale communiste) d\u00e9j\u00e0 stalinis\u00e9, sous le mot d\u2019ordre \u00ab classe contre classe \u00bb, refusait tout front commun avec le SPD (parti social-d\u00e9mocrate allemand), en un temps o\u00f9 la r\u00e9sistance commune \u00e0 l\u2019hitl\u00e9risme ascendant eut \u00e9t\u00e9 une n\u00e9cessit\u00e9 absolue. Cet \u00e9pisode a si profond\u00e9ment marqu\u00e9 les consciences, que les \u00ab th\u00e9oriciens \u00bb et \u00ab cadres \u00bb politiques appartenant \u00e0 ce courant communiste sont, aujourd\u2019hui encore, terroris\u00e9s \u00e0 l\u2019id\u00e9e de choir dans les m\u00eames travers. Les communistes allemands des ann\u00e9es vingt, dont les r\u00e9volutions, celle de 1918, celle de 1919 (dite spartakiste) celle de 1921 furent sauvagement r\u00e9prim\u00e9es par les \u00ab groupes francs \u00bb recrut\u00e9s par le ministre de l\u2019int\u00e9rieur social-d\u00e9mocrate, Gustav Noske, avaient de forts bonnes raisons de ha\u00efr les sociaux-d\u00e9mocrates et de se d\u00e9fier d\u2019eux. Alors les dirigeants des courants communistes de gauche d\u2019aujourd\u2019hui, se disent que, qu\u2019elles que soient les fort bonnes raisons qu\u2019ils pourraient se trouver eux-m\u00eames \u00e0 finir leur proximit\u00e9 avec le parti socialiste, ils ne doivent pas c\u00e9der aux \u00ab sir\u00e8nes \u00bb du sectarisme.B \u2013 Pratiques et traditions r\u00e9publicaines. Aux derni\u00e8res l\u00e9gislatives, par exemple, le FN qui recueillait 13,6 % des voix au premier tour n\u2019obtint que 2 \u00e9lus, alors que le FG qui r\u00e9alisait 6,9 % des voix, \u00e0 ce m\u00eame premier tour, avait droit \u00e0 10 \u00e9lus. D\u2019o\u00f9 vient la diff\u00e9rence ? De ce que l\u2019on appelle \u00ab la discipline r\u00e9publicaine \u00bb qui veut que dans chaque camp (droite et gauche) le candidat battu reporte ses voix sur le candidat le mieux plac\u00e9. Pour que cela fonctionne, la premi\u00e8re condition est d\u2019avoir un sentiment d\u2019appartenance \u00e0 une \u00ab m\u00eame famille \u00bb, dans le cas d\u2019esp\u00e8ce \u00ab la Gauche \u00bb. Cette tradition n\u2019est pas une tradition \u00ab du mouvement ouvrier \u00bb mais une tradition r\u00e9publicaine adopt\u00e9e par la social-d\u00e9mocratie d\u2019abord, puis par les partis communistes stalinis\u00e9s ensuite.2 \u2013 Des raisons tactiques, pragmatiques, et mat\u00e9rielles\u2026\u2026Il en d\u00e9coule des consid\u00e9rations plus pragmatiques, imm\u00e9diates et mat\u00e9rielles. Celles-ci r\u00e9sultent d\u2019ailleurs d\u2019une longue pratique de \u00ab la discipline r\u00e9publicaine \u00bb, et ne sont pas la moindre cause pour expliquer la force de cet attachement.Une des composantes essentielles du Front de Gauche est le PCF. Celui-ci a perdu beaucoup d\u2019\u00e9lus depuis les ann\u00e9es Mitterrand , mais il a encore des \u00e9lus locaux et des d\u00e9put\u00e9s et redoute de tout perdre s\u2019il rompt \u00ab la discipline r\u00e9publicaine \u00bb. Le PS ne lui a jamais fait de cadeaux et il sait fort bien qu\u2019en cas de d\u00e9nonciation de la r\u00e8gle \u00e9lectorale r\u00e9publicaine, la r\u00e9plique du \u00ab grand parti tut\u00e9laire \u00bb serait foudroyante et le condamnerait \u00e0 ne plus avoir d\u2019\u00e9lus du tout, ou quasiment plus. Aussi est-il r\u00e9solu \u00e0 faire profil bas sous la schlague de \u00ab la dictature \u00e9lectorale \u00bb.De la corde de penduMais, quoi qu\u2019il en soit, au fil des ann\u00e9es et des scrutins, malgr\u00e9 la soumission pusillanime du PCF, les socialistes se sont attach\u00e9s \u00e0 r\u00e9duire comme peau de chagrin l\u2019assise \u00e9lectorale de ce parti. Certes, la discipline r\u00e9publicaine attache le Parti communiste au PS sous \u00ab couvert d\u2019union de la gauche, mais c\u2019est \u00e0 la mani\u00e8re dont la corde retient le pendu. Une seule option historique pourrait, peut-\u00eatre, garantir en partie le maintien d\u2019une assise \u00e9lectorale du PCF : si celui-ci se r\u00e9solvait \u00e0 demander son adh\u00e9sion au PS. Si le PCF acceptait comme le lui conseillait dans les ann\u00e9es 80, Henri Fizbin, un de ses anciens hauts dignitaires, de disparaitre comme parti ind\u00e9pendant et ne subsister, que comme \u00ab un courant \u00bb du PS parmi d\u2019autres. C\u2019est la condition \u00e0 laquelle les \u00ab solf\u00e9rinistes \u00bb comme les appelle J-L M\u00e9lenchon, accepteraient de leur consentir quelques mairies et circonscriptions, \u00e0 hauteur de leur audience dans le parti et \u00e0 la condition expresse qu\u2019ils soient sages, c&rsquo;est-\u00e0-dire qu\u2019ils se plient \u00e0 \u00ab la discipline de celui-ci \u00bb et se pr\u00eatent au jeu de \u00ab la synth\u00e8se \u00bb.Autrement dit, le calcul du respect de la discipline r\u00e9publicaine comme moyen de sauver \u00ab les meubles \u00bb, ce qui peut l\u2019\u00eatre encore, est un fort mauvais calcul qui conduit le PCF \u00e0 sa disparition totale du paysage \u00e9lectoral fran\u00e7ais, s\u2019il ne se r\u00e9sout pas enfin \u00e0 relever le gant d\u2019un nouveau cours vraiment ind\u00e9pendant.\u00ab La Social-d\u00e9mocratie est morte \u00bb.Quant \u00e0 la question de l\u2019appartenance \u00e0 la gauche, d\u00e9clinaison affadie, \u00e0 la sauce r\u00e9publicaine, \u00ab du front unique ouvrier \u00bb, ceux qui s\u2019y raccrochent tant se trompent carr\u00e9ment. Nous avons chang\u00e9 d\u2019\u00e9poque. \u00ab La Social-d\u00e9mocratie est morte \u00bb(1). Le PS, nonobstant ces racines historiques, n\u2019est plus un parti ouvrier. Certes des ouvriers votent encore pour ses candidats, cela n\u2019est pas un argument pertinent, autant le font pour ceux de l\u2019UMP ou du FN. Le PS n\u2019est plus un parti social-d\u00e9mocrate (qui pr\u00e9tend \u0153uvrer pour la transformation socialiste de la soci\u00e9t\u00e9 par inoculation de r\u00e9formes indolores) mais un parti institutionnel d\u2019alternance, au service de la seule gestion capitaliste. La m\u00e9tamorphose historique, pour ce qui concerne la France, c\u2019est op\u00e9r\u00e9 en 1971 au congr\u00e8s d\u2019Epinay, puis \u00e0 l\u2019\u00e9cole de l\u2019action gouvernementale, ainsi que l\u2019appelait Fran\u00e7ois Mitterrand, de 1981 \u00e01995. Ce n\u2019est plus dans le cas actuel le refus de l\u2019unit\u00e9 avec le PS qui divise la classe ouvri\u00e8re, mais au contraire le maintien d\u2019une \u00ab collusion \u00bb contre nature qui la fait \u00e9clater, la d\u00e9moralise et l\u2019annule politiquement en la r\u00e9duisant \u00e0 n\u2019\u00eatre qu\u2019une simple r\u00e9serve de voix. Finir la parent\u00e9 abjecte qui retient \u00ab la gauche radicale \u00bb attach\u00e9e au PS par le lien \u00ab majoritaire \u00bb de \u00ab l\u2019union de la gauche \u201d est m\u00eame la t\u00e2che la plus urgente du moment. Nul ne pourra sans cela proposer et construire une v\u00e9ritable alternative de gauche. Et, nous le \u00ab martelons \u00e0 nouveau \u00bb, sans une telle alternative, c\u2019est le Front national qui ramassera la mise.(1) Titre d&rsquo;un petit livre \u00e9crit et \u00e9dit\u00e9 par nos soins en 2000.<\/p>\n","protected":false},"excerpt":{"rendered":"<p>Jean-Luc M\u00e9lenchon :1 PIED DEDANS 1 PIED DEHORS4\u00e8me volet-surpriseNous nous sommes rendu compte qu\u2019il manquait un volet \u00e0 la s\u00e9rie [&hellip;]<\/p>\n","protected":false},"author":1,"featured_media":0,"comment_status":"open","ping_status":"open","sticky":false,"template":"","format":"standard","meta":{"sfsi_plus_gutenberg_text_before_share":"","sfsi_plus_gutenberg_show_text_before_share":"","sfsi_plus_gutenberg_icon_type":"","sfsi_plus_gutenberg_icon_alignemt":"","sfsi_plus_gutenburg_max_per_row":"","site-sidebar-layout":"default","site-content-layout":"","ast-site-content-layout":"default","site-content-style":"default","site-sidebar-style":"default","ast-global-header-display":"","ast-banner-title-visibility":"","ast-main-header-display":"","ast-hfb-above-header-display":"","ast-hfb-below-header-display":"","ast-hfb-mobile-header-display":"","site-post-title":"","ast-breadcrumbs-content":"","ast-featured-img":"","footer-sml-layout":"","ast-disable-related-posts":"","theme-transparent-header-meta":"","adv-header-id-meta":"","stick-header-meta":"","header-above-stick-meta":"","header-main-stick-meta":"","header-below-stick-meta":"","astra-migrate-meta-layouts":"default","ast-page-background-enabled":"default","ast-page-background-meta":{"desktop":{"background-color":"var(--ast-global-color-4)","background-image":"","background-repeat":"repeat","background-position":"center center","background-size":"auto","background-attachment":"scroll","background-type":"","background-media":"","overlay-type":"","overlay-color":"","overlay-opacity":"","overlay-gradient":""},"tablet":{"background-color":"","background-image":"","background-repeat":"repeat","background-position":"center center","background-size":"auto","background-attachment":"scroll","background-type":"","background-media":"","overlay-type":"","overlay-color":"","overlay-opacity":"","overlay-gradient":""},"mobile":{"background-color":"","background-image":"","background-repeat":"repeat","background-position":"center center","background-size":"auto","background-attachment":"scroll","background-type":"","background-media":"","overlay-type":"","overlay-color":"","overlay-opacity":"","overlay-gradient":""}},"ast-content-background-meta":{"desktop":{"background-color":"var(--ast-global-color-5)","background-image":"","background-repeat":"repeat","background-position":"center center","background-size":"auto","background-attachment":"scroll","background-type":"","background-media":"","overlay-type":"","overlay-color":"","overlay-opacity":"","overlay-gradient":""},"tablet":{"background-color":"var(--ast-global-color-5)","background-image":"","background-repeat":"repeat","background-position":"center center","background-size":"auto","background-attachment":"scroll","background-type":"","background-media":"","overlay-type":"","overlay-color":"","overlay-opacity":"","overlay-gradient":""},"mobile":{"background-color":"var(--ast-global-color-5)","background-image":"","background-repeat":"repeat","background-position":"center center","background-size":"auto","background-attachment":"scroll","background-type":"","background-media":"","overlay-type":"","overlay-color":"","overlay-opacity":"","overlay-gradient":""}},"footnotes":""},"categories":[16],"tags":[],"class_list":["post-1433","post","type-post","status-publish","format-standard","hentry","category-archives-cms"],"_links":{"self":[{"href":"https:\/\/lavoiedessansvoix.fr\/lavoie\/wp-json\/wp\/v2\/posts\/1433","targetHints":{"allow":["GET"]}}],"collection":[{"href":"https:\/\/lavoiedessansvoix.fr\/lavoie\/wp-json\/wp\/v2\/posts"}],"about":[{"href":"https:\/\/lavoiedessansvoix.fr\/lavoie\/wp-json\/wp\/v2\/types\/post"}],"author":[{"embeddable":true,"href":"https:\/\/lavoiedessansvoix.fr\/lavoie\/wp-json\/wp\/v2\/users\/1"}],"replies":[{"embeddable":true,"href":"https:\/\/lavoiedessansvoix.fr\/lavoie\/wp-json\/wp\/v2\/comments?post=1433"}],"version-history":[{"count":0,"href":"https:\/\/lavoiedessansvoix.fr\/lavoie\/wp-json\/wp\/v2\/posts\/1433\/revisions"}],"wp:attachment":[{"href":"https:\/\/lavoiedessansvoix.fr\/lavoie\/wp-json\/wp\/v2\/media?parent=1433"}],"wp:term":[{"taxonomy":"category","embeddable":true,"href":"https:\/\/lavoiedessansvoix.fr\/lavoie\/wp-json\/wp\/v2\/categories?post=1433"},{"taxonomy":"post_tag","embeddable":true,"href":"https:\/\/lavoiedessansvoix.fr\/lavoie\/wp-json\/wp\/v2\/tags?post=1433"}],"curies":[{"name":"wp","href":"https:\/\/api.w.org\/{rel}","templated":true}]}}