{"id":1432,"date":"2013-05-07T09:14:00","date_gmt":"2013-05-07T07:14:00","guid":{"rendered":"https:\/\/lavoiedessansvoix.fr\/lavoie\/2013\/05\/07\/archive-1-an-a-peine-et-hollande-rejoint-sarko-dans-l-ignominie\/"},"modified":"2013-05-07T09:14:00","modified_gmt":"2013-05-07T07:14:00","slug":"archive-1-an-a-peine-et-hollande-rejoint-sarko-dans-l-ignominie","status":"publish","type":"post","link":"https:\/\/lavoiedessansvoix.fr\/lavoie\/2013\/05\/07\/archive-1-an-a-peine-et-hollande-rejoint-sarko-dans-l-ignominie\/","title":{"rendered":"1 AN A PEINE ET HOLLANDE REJOINT SARKO DANS L&rsquo; IGNOMINIE"},"content":{"rendered":"<p>1 AN A PEINEET HOLLANDE REJOINT SARKO DANS L&rsquo; IGNOMINIEJe n\u2019\u00e9coutais ce jour, \u00e0 la mi-journ\u00e9e, le journal national de la 3, que d\u2019une oreille distraite. Il me sembla que durant celui-ci, aucune allusion ne fut faite \u00e0 la manifestation d\u2019hier, \u00ab contre l\u2019aust\u00e9rit\u00e9 et la finance et pour la 6\u00e8me r\u00e9publique \u00bb, \u00e0 l\u2019appel de Jean-Luc M\u00e9lenchon, du \u00ab Front de Gauche \u00bb et divers autres mouvements dont le NPA. Non me disais-je, ce n\u2019est diantre pas possible. Ils ne sont pas tomb\u00e9 si bas. Je voulus en avoir le c\u0153ur net. C\u2019est avec attention cette fois que j\u2019ai \u00e9cout\u00e9 le journal de 13 heures de \u00ab France 2 \u00bb. Et c\u2019est avec consternation que je dus me rendre \u00e0 l\u2019\u00e9vidence. Pas un mot, pas la moindre allusion, comme si l\u2019\u00e9v\u00e8nement n\u2019avait pas eu lieu. Pire m\u00eame, les journaux du soir eux-m\u00eames, souvent plus soutenus, s\u2019en tinrent au m\u00eame silence, le mensonge par abstention.Hier \u00e9tait le 6 mai, premier anniversaire de l\u2019\u00e9lection de Fran\u00e7ois Hollande \u00e0 l\u2019\u00c9lys\u00e9e. Une bonne partie des bulletins d\u2019information du jour ont \u00e9t\u00e9 consacr\u00e9s \u00e0 cela. En toute logique, la manifestation de la veille devait faire figure d\u2019\u00e9v\u00e8nement majeur, non pas tant par les chiffres de la participation, J L M\u00e9lenchon disait 180 000 que par sa symbolique c\u2019est la premi\u00e8re fois dans son Histoire, qu\u2019avait lieu une manifestation, \u00e0 \u00ab gauche \u00bb de \u00ab la gauche \u00bb pour contester ouvertement la politique de celle-ci. \u00c0 des m\u00e9dias vraiment honn\u00eates et ind\u00e9pendants, il eut \u00e9t\u00e9 impossible de brosser un bilan de cette premi\u00e8re ann\u00e9e du quinquennat sans s\u2019arr\u00eater \u00e0 l\u2019aspect \u00e9v\u00e8nementiel et \u00e0 la signification politique de cette manifestation. Mais, \u00e0 l\u2019\u00e9vidence, le gouvernement et ses services avaient des consignes. Ils r\u00e9solurent de traiter l\u2019\u00e9v\u00e8nement par le mensonge et le m\u00e9pris, 30 000 participants, annon\u00e7ait la pr\u00e9fecture de police le jour m\u00eame 5 mai, et Manuel Valls, se d\u00e9shonorait et se roulait dans la fange avec d\u00e9lectation en d\u00e9fendant bec et ongles ce chiffre extravagant et \u00ab la qualit\u00e9 du travail de ses fonctionnaires \u00bb. Au mensonge de la veille succ\u00e9dera le lendemain, jour anniversaire, le d\u00e9dain insultant et le silence assourdissant des m\u00e9dias. Tout fut arrang\u00e9, car bien entendu nul n\u2019oserait pr\u00e9tendre qu\u2019il s\u2019agit l\u00e0 d\u2019un simple concours de circonstances, pour ne pas brosser un tableau trop sombre, trop alarmiste de cette premi\u00e8re p\u00e9riode.Les m\u00e9dias audiovisuels ont ob\u00e9i comme un seul homme aux directives du pouvoir ex\u00e9cutif. L\u2019opposition de droite complice a fait preuve de bonne volont\u00e9 pour att\u00e9nuer la critique le temps de cette comm\u00e9moration. Fran\u00e7ois Fillon n\u2019en avait-il pas appel\u00e9 lui m\u00eame au \u00ab d\u00e9crescendo \u00bb ? \u00ab Il faudrait voir \u00e0 ne pas provoquer une crise institutionnelle \u00bb avait-il sugg\u00e9r\u00e9 en direction de Cop\u00e9. \u00ab La Gauche \u00bb avait fait de m\u00eame en son temps, quand une simple \u00ab pichenette \u00bb aurait suffi \u00e0 finir la d\u00e9stabilisation de Sarkozy. Chaque fois que la d\u00e9t\u00e9rioration de la situation politique ou de l\u2019image du pr\u00e9sident risque de mettre en cause la stabilit\u00e9 des institutions de la 5\u00e8me R\u00e9publique, \u00ab Droite et Gauche \u00bb serrent les coudes pour la d\u00e9fense de ce \u00ab sacro-saint h\u00e9ritage.Ce faisant, dans cette affaire Hollande et son \u00e9quipe ont touch\u00e9 le fond de l&rsquo;abyme de la \u00ab manipulation \u00bb de l\u2019information et de la malhonn\u00eatet\u00e9 politique. Il ne leur a fallu qu\u2019une ann\u00e9e pour rejoindre Sarkozy dans l\u2019ignominie.7 mai 2013.<\/p>\n","protected":false},"excerpt":{"rendered":"<p>1 AN A PEINEET HOLLANDE REJOINT SARKO DANS L&rsquo; IGNOMINIEJe n\u2019\u00e9coutais ce jour, \u00e0 la mi-journ\u00e9e, le journal national de [&hellip;]<\/p>\n","protected":false},"author":1,"featured_media":0,"comment_status":"open","ping_status":"open","sticky":false,"template":"","format":"standard","meta":{"sfsi_plus_gutenberg_text_before_share":"","sfsi_plus_gutenberg_show_text_before_share":"","sfsi_plus_gutenberg_icon_type":"","sfsi_plus_gutenberg_icon_alignemt":"","sfsi_plus_gutenburg_max_per_row":"","site-sidebar-layout":"default","site-content-layout":"","ast-site-content-layout":"default","site-content-style":"default","site-sidebar-style":"default","ast-global-header-display":"","ast-banner-title-visibility":"","ast-main-header-display":"","ast-hfb-above-header-display":"","ast-hfb-below-header-display":"","ast-hfb-mobile-header-display":"","site-post-title":"","ast-breadcrumbs-content":"","ast-featured-img":"","footer-sml-layout":"","ast-disable-related-posts":"","theme-transparent-header-meta":"","adv-header-id-meta":"","stick-header-meta":"","header-above-stick-meta":"","header-main-stick-meta":"","header-below-stick-meta":"","astra-migrate-meta-layouts":"default","ast-page-background-enabled":"default","ast-page-background-meta":{"desktop":{"background-color":"var(--ast-global-color-4)","background-image":"","background-repeat":"repeat","background-position":"center center","background-size":"auto","background-attachment":"scroll","background-type":"","background-media":"","overlay-type":"","overlay-color":"","overlay-opacity":"","overlay-gradient":""},"tablet":{"background-color":"","background-image":"","background-repeat":"repeat","background-position":"center center","background-size":"auto","background-attachment":"scroll","background-type":"","background-media":"","overlay-type":"","overlay-color":"","overlay-opacity":"","overlay-gradient":""},"mobile":{"background-color":"","background-image":"","background-repeat":"repeat","background-position":"center center","background-size":"auto","background-attachment":"scroll","background-type":"","background-media":"","overlay-type":"","overlay-color":"","overlay-opacity":"","overlay-gradient":""}},"ast-content-background-meta":{"desktop":{"background-color":"var(--ast-global-color-5)","background-image":"","background-repeat":"repeat","background-position":"center center","background-size":"auto","background-attachment":"scroll","background-type":"","background-media":"","overlay-type":"","overlay-color":"","overlay-opacity":"","overlay-gradient":""},"tablet":{"background-color":"var(--ast-global-color-5)","background-image":"","background-repeat":"repeat","background-position":"center center","background-size":"auto","background-attachment":"scroll","background-type":"","background-media":"","overlay-type":"","overlay-color":"","overlay-opacity":"","overlay-gradient":""},"mobile":{"background-color":"var(--ast-global-color-5)","background-image":"","background-repeat":"repeat","background-position":"center center","background-size":"auto","background-attachment":"scroll","background-type":"","background-media":"","overlay-type":"","overlay-color":"","overlay-opacity":"","overlay-gradient":""}},"footnotes":""},"categories":[16],"tags":[],"class_list":["post-1432","post","type-post","status-publish","format-standard","hentry","category-archives-cms"],"_links":{"self":[{"href":"https:\/\/lavoiedessansvoix.fr\/lavoie\/wp-json\/wp\/v2\/posts\/1432","targetHints":{"allow":["GET"]}}],"collection":[{"href":"https:\/\/lavoiedessansvoix.fr\/lavoie\/wp-json\/wp\/v2\/posts"}],"about":[{"href":"https:\/\/lavoiedessansvoix.fr\/lavoie\/wp-json\/wp\/v2\/types\/post"}],"author":[{"embeddable":true,"href":"https:\/\/lavoiedessansvoix.fr\/lavoie\/wp-json\/wp\/v2\/users\/1"}],"replies":[{"embeddable":true,"href":"https:\/\/lavoiedessansvoix.fr\/lavoie\/wp-json\/wp\/v2\/comments?post=1432"}],"version-history":[{"count":0,"href":"https:\/\/lavoiedessansvoix.fr\/lavoie\/wp-json\/wp\/v2\/posts\/1432\/revisions"}],"wp:attachment":[{"href":"https:\/\/lavoiedessansvoix.fr\/lavoie\/wp-json\/wp\/v2\/media?parent=1432"}],"wp:term":[{"taxonomy":"category","embeddable":true,"href":"https:\/\/lavoiedessansvoix.fr\/lavoie\/wp-json\/wp\/v2\/categories?post=1432"},{"taxonomy":"post_tag","embeddable":true,"href":"https:\/\/lavoiedessansvoix.fr\/lavoie\/wp-json\/wp\/v2\/tags?post=1432"}],"curies":[{"name":"wp","href":"https:\/\/api.w.org\/{rel}","templated":true}]}}