{"id":1428,"date":"2013-05-17T08:45:00","date_gmt":"2013-05-17T06:45:00","guid":{"rendered":"https:\/\/lavoiedessansvoix.fr\/lavoie\/2013\/05\/17\/archive-l-offensive-du-general-flamby\/"},"modified":"2013-05-17T08:45:00","modified_gmt":"2013-05-17T06:45:00","slug":"archive-l-offensive-du-general-flamby","status":"publish","type":"post","link":"https:\/\/lavoiedessansvoix.fr\/lavoie\/2013\/05\/17\/archive-l-offensive-du-general-flamby\/","title":{"rendered":"L\u2019OFFENSIVE DU G\u00c9N\u00c9RAL FLAMBY"},"content":{"rendered":"<p>L\u2019OFFENSIVE DU G\u00c9N\u00c9RAL FLAMBYEh oui, nous affublons pour la premi\u00e8re fois le Pr\u00e9sident de la R\u00e9publique de ce sobriquet peu flatteur. Ce n\u2019est pas que celui-ci lui convienne parfaitement, il n\u2019est pas si mou que \u00e7\u00e0, quand il s\u2019agit de s\u2019en prendre aux int\u00e9r\u00eats des salari\u00e9s, des retrait\u00e9s du petit peuple laborieux. Il est m\u00eame en ce cas plut\u00f4t raide et dur, comme un g\u00e9n\u00e9ral \u00e0 la bataille, pr\u00eat \u00e0 sacrifier des millions d\u2019hommes pour \u00ab sa ligne bleue des Vosges \u00bb. Le sobriquet n\u2019est donc pas tr\u00e8s judicieux pour d\u00e9crire sa personnalit\u00e9 et son action, mais il est peu valorisant et m\u00eame quelque peu d\u00e9gradant, et c\u2019est le m\u00e9rite qu\u2019on lui sait. Car nous avons envie, \u00e0 juste raison, nous salari\u00e9, retrait\u00e9, travailleur, les ennemis de classe, les cibles qu\u2019il s\u2019est lui-m\u00eame choisies et d\u00e9sign\u00e9es, d\u2019\u00eatre m\u00e9chants avec lui. Nous avons envie d\u2019\u00eatre m\u00e9chants et de l\u2019\u00e9gratigner, voire d\u2019avantage, parce que, par son action \u00e0 la t\u00eate de l\u2019\u00c9tat, il en a acquis le m\u00e9rite.Certes, nous ne nous faisions pas la moindre illusion. Ceux qui rendent visite r\u00e9guli\u00e8rement et depuis longtemps \u00e0 \u00ab La voie des sans voix \u00bb le savent bien. D\u00e8s son investiture par les primaires du PS, sous le titre \u00ab Hollande Conqu\u00e9rant \u00bb ? \u00ab L\u2019ENFLURE DU VERBE \u00bb, lundi 24 octobre 2011, nous affirmions : \u00ab\u00a0Fran\u00e7ois Hollande gagnera peut-\u00eatre les \u00e9lections pr\u00e9sidentielles de 2012, il ne va rien conqu\u00e9rir, il sera promu et devra juste g\u00e9rer \u00ab le syst\u00e8me \u00bb tel qu\u2019il est au nom des maitres qui l\u2019emploient.w. Et avons r\u00e9it\u00e9r\u00e9 depuis \u00e0 maintes reprises des analyses, tant sur la politique int\u00e9rieure qu\u2019internationale, qui prouvent que nous ne sommes pas dupes, que nous n\u2019avons jamais \u00e9t\u00e9 les jouets de \u00ab l\u2019illusion de gauche \u00bb dont nous sommes au contraire les plus anciens et les plus obstin\u00e9s pourfendeurs. Le statut de chef de l\u2019\u00c9tat de la V\u00e8me r\u00e9publique fran\u00e7aise, propulse l\u2019\u00e9lu du suffrage universel \u00ab au dessus \u00bb des classes, dans les habits du Bonapartisme institutionnel. Dans cette position C\u00e9sariste, \u00ab\u00a0le Pr\u00e9sident de tous les Fran\u00e7ais\u00a0\u00bb semble vou\u00e9 \u00e0 un jeu d\u2019\u00e9quilibre entre les int\u00e9r\u00eats multiples ou contradictoires des divers groupes sociaux. Mais Fran\u00e7ois Hollande a rompu l\u2019\u00e9quilibre, est descendu dans l\u2019ar\u00e8ne, a clairement choisi son camp. Il a rev\u00eatu les habits de \u00ab g\u00e9n\u00e9ral \u00bb et a pris ouvertement la t\u00eate de la grande offensive de classe du capital contre le travail.Fran\u00e7ois Hollande pr\u00e9sident de la R\u00e9publique souffre nous disent les m\u00e9dias et journalistes sp\u00e9cialis\u00e9s, d\u2019un d\u00e9ficit d\u2019autorit\u00e9. Dans sa conf\u00e9rence de presse, tenue le jeudi 16 mai \u00e0 l\u2019\u00c9lys\u00e9e, c\u2019est ce d\u00e9ficit d\u2019image qu\u2019il aurait voulu corriger. Il y serait m\u00eame parvenu, si l\u2019on en croit l\u2019inimitable Nathalie Saint Cricq et quelques-uns de ses semblables. Fran\u00e7ois Hollande a us\u00e9 d\u2019un ton offensif. 5 fois au moins il a utilis\u00e9 les mots \u00ab offensifs \u00bb, ou \u00e9quivalents.ANI, qui signifie \u00ab flexibilit\u00e9 \u00bb et d\u00e9mant\u00e8lement du droit du travail,  comp\u00e9titivit\u00e9 des entreprises qui signifie  diminution de la part des salaires dans les co\u00fbts des marchandises, deuxi\u00e8me \u00e9tage de la r\u00e9forme des retraites qui signifie travailler plus longtemps pour des pensions moindres, Oui ; c\u2019est vrai, Fran\u00e7ois Hollande \u00e0 opter pour un ton offensif, et pas seulement le ton, mais la m\u00e9thode aussi. Voil\u00e0 deux mois environ qu\u2019il a d\u00e9clench\u00e9 une offensive tous azimuts, par le front l\u2019arri\u00e8re et les ailes, contre les salari\u00e9s, les retrait\u00e9s le petit peuple laborieux.Patrick Seignon. \u00ab lavoiedessansvoix.fr \u00bb. 17 mai 2013.<\/p>\n","protected":false},"excerpt":{"rendered":"<p>L\u2019OFFENSIVE DU G\u00c9N\u00c9RAL FLAMBYEh oui, nous affublons pour la premi\u00e8re fois le Pr\u00e9sident de la R\u00e9publique de ce sobriquet peu [&hellip;]<\/p>\n","protected":false},"author":1,"featured_media":0,"comment_status":"open","ping_status":"open","sticky":false,"template":"","format":"standard","meta":{"sfsi_plus_gutenberg_text_before_share":"","sfsi_plus_gutenberg_show_text_before_share":"","sfsi_plus_gutenberg_icon_type":"","sfsi_plus_gutenberg_icon_alignemt":"","sfsi_plus_gutenburg_max_per_row":"","site-sidebar-layout":"default","site-content-layout":"","ast-site-content-layout":"default","site-content-style":"default","site-sidebar-style":"default","ast-global-header-display":"","ast-banner-title-visibility":"","ast-main-header-display":"","ast-hfb-above-header-display":"","ast-hfb-below-header-display":"","ast-hfb-mobile-header-display":"","site-post-title":"","ast-breadcrumbs-content":"","ast-featured-img":"","footer-sml-layout":"","ast-disable-related-posts":"","theme-transparent-header-meta":"","adv-header-id-meta":"","stick-header-meta":"","header-above-stick-meta":"","header-main-stick-meta":"","header-below-stick-meta":"","astra-migrate-meta-layouts":"default","ast-page-background-enabled":"default","ast-page-background-meta":{"desktop":{"background-color":"var(--ast-global-color-4)","background-image":"","background-repeat":"repeat","background-position":"center center","background-size":"auto","background-attachment":"scroll","background-type":"","background-media":"","overlay-type":"","overlay-color":"","overlay-opacity":"","overlay-gradient":""},"tablet":{"background-color":"","background-image":"","background-repeat":"repeat","background-position":"center center","background-size":"auto","background-attachment":"scroll","background-type":"","background-media":"","overlay-type":"","overlay-color":"","overlay-opacity":"","overlay-gradient":""},"mobile":{"background-color":"","background-image":"","background-repeat":"repeat","background-position":"center center","background-size":"auto","background-attachment":"scroll","background-type":"","background-media":"","overlay-type":"","overlay-color":"","overlay-opacity":"","overlay-gradient":""}},"ast-content-background-meta":{"desktop":{"background-color":"var(--ast-global-color-5)","background-image":"","background-repeat":"repeat","background-position":"center center","background-size":"auto","background-attachment":"scroll","background-type":"","background-media":"","overlay-type":"","overlay-color":"","overlay-opacity":"","overlay-gradient":""},"tablet":{"background-color":"var(--ast-global-color-5)","background-image":"","background-repeat":"repeat","background-position":"center center","background-size":"auto","background-attachment":"scroll","background-type":"","background-media":"","overlay-type":"","overlay-color":"","overlay-opacity":"","overlay-gradient":""},"mobile":{"background-color":"var(--ast-global-color-5)","background-image":"","background-repeat":"repeat","background-position":"center center","background-size":"auto","background-attachment":"scroll","background-type":"","background-media":"","overlay-type":"","overlay-color":"","overlay-opacity":"","overlay-gradient":""}},"footnotes":""},"categories":[16],"tags":[],"class_list":["post-1428","post","type-post","status-publish","format-standard","hentry","category-archives-cms"],"_links":{"self":[{"href":"https:\/\/lavoiedessansvoix.fr\/lavoie\/wp-json\/wp\/v2\/posts\/1428","targetHints":{"allow":["GET"]}}],"collection":[{"href":"https:\/\/lavoiedessansvoix.fr\/lavoie\/wp-json\/wp\/v2\/posts"}],"about":[{"href":"https:\/\/lavoiedessansvoix.fr\/lavoie\/wp-json\/wp\/v2\/types\/post"}],"author":[{"embeddable":true,"href":"https:\/\/lavoiedessansvoix.fr\/lavoie\/wp-json\/wp\/v2\/users\/1"}],"replies":[{"embeddable":true,"href":"https:\/\/lavoiedessansvoix.fr\/lavoie\/wp-json\/wp\/v2\/comments?post=1428"}],"version-history":[{"count":0,"href":"https:\/\/lavoiedessansvoix.fr\/lavoie\/wp-json\/wp\/v2\/posts\/1428\/revisions"}],"wp:attachment":[{"href":"https:\/\/lavoiedessansvoix.fr\/lavoie\/wp-json\/wp\/v2\/media?parent=1428"}],"wp:term":[{"taxonomy":"category","embeddable":true,"href":"https:\/\/lavoiedessansvoix.fr\/lavoie\/wp-json\/wp\/v2\/categories?post=1428"},{"taxonomy":"post_tag","embeddable":true,"href":"https:\/\/lavoiedessansvoix.fr\/lavoie\/wp-json\/wp\/v2\/tags?post=1428"}],"curies":[{"name":"wp","href":"https:\/\/api.w.org\/{rel}","templated":true}]}}