{"id":1427,"date":"2013-05-20T19:06:00","date_gmt":"2013-05-20T17:06:00","guid":{"rendered":"https:\/\/lavoiedessansvoix.fr\/lavoie\/2013\/05\/20\/archive-gerard-filoche-au-secours-de-francois-hollande\/"},"modified":"2013-05-20T19:06:00","modified_gmt":"2013-05-20T17:06:00","slug":"archive-gerard-filoche-au-secours-de-francois-hollande","status":"publish","type":"post","link":"https:\/\/lavoiedessansvoix.fr\/lavoie\/2013\/05\/20\/archive-gerard-filoche-au-secours-de-francois-hollande\/","title":{"rendered":"G\u00c9RARD FILOCHE AU SECOURS DE FRAN\u00c7OIS HOLLANDE ?"},"content":{"rendered":"<p>G\u00c9RARD FILOCHE AU SECOURS DE FRAN\u00c7OIS HOLLANDE ?Dans \u00ab leplus.Nouvel Obs.com \u00bb et sous le titre : \u00ab R\u00e9cession : la faute \u00e0 Laurence Parisot, au Medef et aux grands patrons \u00bb G\u00e9rard Filoche, membre du bureau national du PS, porte une estocade verbale au patronat aux banques et autres d\u00e9cideurs financiers.\u00ab \u00c7a suffit \u2013 commence-t-il &#8211; le grand patronat de donner des le\u00e7ons, \u00e7a suffit Laurence Parisot. C\u2019est votre bilan. Oui, \u00e0 vous le patronat et \u00e0 personne d\u2019autre ! C\u2019est vous qui licenciez ! C\u2019est vous qui fermez les entreprises, de P\u00e9troplus \u00e0 Doux\u2026 \u00bb. Et ainsi, dans six alin\u00e9as successifs il enfoncera le clou de \u00ab son j\u2019accuse \u00bb \u00ab J\u2019aime \u00e7a \u00bb comme on dit sur \u00ab face book \u00bb. Bien entendu que nous partageons que nous approuvons et que nous voulons bien porter notre propre \u00ab bourrade \u00bb dans les c\u00f4tes \u00ab de nos bons maitres \u00bb.Puis G\u00e9rard Filoche poursuit :   \u00ab \u00c7a fait dix ans que la droite chiraquienne puis sarkozyste vous a tout servi\u2026 \u00bb \u00ab \u00c7a fait dix ans que vos imp\u00f4ts sur les soci\u00e9t\u00e9s baissent terriblement\u2026 \u00bb  \u00ab  \u00c7a fait dix ans que pourtant vous licenciez sans arr\u00eat et vous avez fabriqu\u00e9 5,2 millions de ch\u00f4meurs r\u00e9els\u2026. \u00bbL\u00e0, nous marquons une pause dans la lecture. Dix ans ! Dix ans ? Pourquoi dix ans ? Et la d\u00e9sindexation des salaires sur les prix, 82, et l\u2019aust\u00e9rit\u00e9 83, et les restructurations industrielles, celles du secteur automobile, le d\u00e9mant\u00e8lement de la sid\u00e9rurgie 83\/84. ? Et les d\u00e9nationalisations 86, et le livre blanc sur les retraites, de Michel Rocard et la CSG, et la fiscalisation de la \u00ab S\u00e9curit\u00e9 sociale \u00bb, et les privatisations de 97 \u00e0  2002, et la premi\u00e8re offensive de flexibilisation du travail dissimul\u00e9e dans le cheval de Troie de \u00ab la loi Aubry \u00bb des 35 heures \u00bb ?  Tout cela fait bien plus de dix ans, tout cela a commenc\u00e9 bien avant Chirac et Sarkozy. Cela a commenc\u00e9 d\u00e8s 82, la deuxi\u00e8me ann\u00e9e du premier mandat de Fran\u00e7ois Mitterrand, cela c\u2019est poursuivi depuis sans discontinuer sous le premier et deuxi\u00e8me mandat de Mitterrand, cohabitation ou pas, sous les deux mandats de Jacques Chirac, cohabitation ou pas, et bien entendu sous celui de Sarkozy et \u00e0 pr\u00e9sent sous celui de Fran\u00e7ois Hollande.En limitant \u00e0 dix ans en arri\u00e8re le \u00ab droit de bilan \u00bb G\u00e9rard Filoche parait voudrait-il nous faire une passe de tauromachie ?  Agitant la muleta voudrait-il esquiver le r\u00e9quisitoire de l\u2019histoire contre le PS et ce qu\u2019il appelle toujours \u00ab la Gauche \u00bb. D\u2019ailleurs, n\u2019est-ce pas ce qu\u2019il admet clairement quand il \u00e9crit : \u00ab Et ne nous dites pas que c\u2019est la faute au gouvernement de gauche\u2026. \u00bbAlors, certes, il ajoute \u00ab .h\u00e9las, h\u00e9las, au lieu de vous combattre, il vous conc\u00e8de tout ! Il vous a l\u00e2ch\u00e9 des cadeaux aux pigeons,.etc.. \u00bb \u00ab La gauche vient aussi de vous accorder le refus de l\u2019amnistie des syndicalistes\u2026 \u00bb. Quand on croit qu\u2019il amorce une critique de l\u2019action gouvernementale, ce sont des excuses en v\u00e9rit\u00e9 qu\u2019il lui cherche. \u00ab la Gauche \u00bb, \u00ab le gouvernement \u00bb,  \u00ab le Pr\u00e9sident de la R\u00e9publique \u00bb sont faibles selon G\u00e9rard Filoche, quand il convient de dire clairement qu\u2019ils sont complices, voire m\u00eame plus. Le lexique des mots utilis\u00e9s est significatif : \u00ab Conc\u00e9der \u00bb, dans quoi il y a c\u00e9der, \u00ab lach\u00e9 \u00bb dans lequel il y a le sous-entendu de tenir et de r\u00e9sister avant d\u2019\u00eatre contraint de \u00ab lacher \u00bb, \u00ab La gauche \u00bb et non pas le gouvernement ou mieux, car plus exact encore, le Pr\u00e9sident de la R\u00e9publique. La charge \u00ab antipatronale \u00bb de G\u00e9rard Filoche, ne serait-elle qu\u2019une diversion ? Son objet serait-il avant tout de mettre la \u00ab Gauche \u00bb et le gouvernement \u00e0 l\u2019abri de la critique, et de la col\u00e8re populaire qui croit, de venir \u00e0 la rescousse de Fran\u00e7ois Hollande en mauvaise posture dans les sondages d\u2019opinion ?.C\u2019est en tout cas ce que para\u00eet confirmer la conclusion de son article : \u00ab Grand patrons,- termine-t-il &#8211; c\u2019est vous le probl\u00e8me, Medef, vous \u00eates les fauteurs de r\u00e9cession, actionnaires et banquiers usuriers. C\u2019est vous la cause de l\u2019aust\u00e9rit\u00e9, du ch\u00f4mage de masse, de la mis\u00e8re. Fran\u00e7ois Hollande avait raison, notre ennemi c\u2019est la finance, et la finance c\u2019est vous, vous qui l\u2019incarnez ! \u00bb Que pouvait esp\u00e9rer de mieux Fran\u00e7ois Hollande que ce surprenant secours venu de l\u2019aile gauche du PS ?Voil\u00e0 les extr\u00e9mit\u00e9s auxquelles on peut aboutir quand \u00ab la cat\u00e9gorie politique \u00ab la Gauche \u00bb se substitue aux rep\u00e8res de classes. Ainsi, advient-il ce stup\u00e9fiant paradoxe par lequel G\u00e9rard Filoche, un camarade pourtant, auquel je tiens a garder mon estime malgr\u00e9 son \u00e9garement, d\u00e9clare sa \u00ab communaut\u00e9 de combat \u00ab contre la finance \u00bb avec le chef de l\u2019\u00c9tat qui par son action c\u2019est pos\u00e9 en chef de celle-ci et en g\u00e9n\u00e9ral coordinateur de l\u2019offensive anti ouvri\u00e8re du capital. . 21 mai 2013.<\/p>\n","protected":false},"excerpt":{"rendered":"<p>G\u00c9RARD FILOCHE AU SECOURS DE FRAN\u00c7OIS HOLLANDE ?Dans \u00ab leplus.Nouvel Obs.com \u00bb et sous le titre : \u00ab R\u00e9cession : [&hellip;]<\/p>\n","protected":false},"author":1,"featured_media":0,"comment_status":"open","ping_status":"open","sticky":false,"template":"","format":"standard","meta":{"sfsi_plus_gutenberg_text_before_share":"","sfsi_plus_gutenberg_show_text_before_share":"","sfsi_plus_gutenberg_icon_type":"","sfsi_plus_gutenberg_icon_alignemt":"","sfsi_plus_gutenburg_max_per_row":"","site-sidebar-layout":"default","site-content-layout":"","ast-site-content-layout":"default","site-content-style":"default","site-sidebar-style":"default","ast-global-header-display":"","ast-banner-title-visibility":"","ast-main-header-display":"","ast-hfb-above-header-display":"","ast-hfb-below-header-display":"","ast-hfb-mobile-header-display":"","site-post-title":"","ast-breadcrumbs-content":"","ast-featured-img":"","footer-sml-layout":"","ast-disable-related-posts":"","theme-transparent-header-meta":"","adv-header-id-meta":"","stick-header-meta":"","header-above-stick-meta":"","header-main-stick-meta":"","header-below-stick-meta":"","astra-migrate-meta-layouts":"default","ast-page-background-enabled":"default","ast-page-background-meta":{"desktop":{"background-color":"var(--ast-global-color-4)","background-image":"","background-repeat":"repeat","background-position":"center center","background-size":"auto","background-attachment":"scroll","background-type":"","background-media":"","overlay-type":"","overlay-color":"","overlay-opacity":"","overlay-gradient":""},"tablet":{"background-color":"","background-image":"","background-repeat":"repeat","background-position":"center center","background-size":"auto","background-attachment":"scroll","background-type":"","background-media":"","overlay-type":"","overlay-color":"","overlay-opacity":"","overlay-gradient":""},"mobile":{"background-color":"","background-image":"","background-repeat":"repeat","background-position":"center center","background-size":"auto","background-attachment":"scroll","background-type":"","background-media":"","overlay-type":"","overlay-color":"","overlay-opacity":"","overlay-gradient":""}},"ast-content-background-meta":{"desktop":{"background-color":"var(--ast-global-color-5)","background-image":"","background-repeat":"repeat","background-position":"center center","background-size":"auto","background-attachment":"scroll","background-type":"","background-media":"","overlay-type":"","overlay-color":"","overlay-opacity":"","overlay-gradient":""},"tablet":{"background-color":"var(--ast-global-color-5)","background-image":"","background-repeat":"repeat","background-position":"center center","background-size":"auto","background-attachment":"scroll","background-type":"","background-media":"","overlay-type":"","overlay-color":"","overlay-opacity":"","overlay-gradient":""},"mobile":{"background-color":"var(--ast-global-color-5)","background-image":"","background-repeat":"repeat","background-position":"center center","background-size":"auto","background-attachment":"scroll","background-type":"","background-media":"","overlay-type":"","overlay-color":"","overlay-opacity":"","overlay-gradient":""}},"footnotes":""},"categories":[16],"tags":[],"class_list":["post-1427","post","type-post","status-publish","format-standard","hentry","category-archives-cms"],"_links":{"self":[{"href":"https:\/\/lavoiedessansvoix.fr\/lavoie\/wp-json\/wp\/v2\/posts\/1427","targetHints":{"allow":["GET"]}}],"collection":[{"href":"https:\/\/lavoiedessansvoix.fr\/lavoie\/wp-json\/wp\/v2\/posts"}],"about":[{"href":"https:\/\/lavoiedessansvoix.fr\/lavoie\/wp-json\/wp\/v2\/types\/post"}],"author":[{"embeddable":true,"href":"https:\/\/lavoiedessansvoix.fr\/lavoie\/wp-json\/wp\/v2\/users\/1"}],"replies":[{"embeddable":true,"href":"https:\/\/lavoiedessansvoix.fr\/lavoie\/wp-json\/wp\/v2\/comments?post=1427"}],"version-history":[{"count":0,"href":"https:\/\/lavoiedessansvoix.fr\/lavoie\/wp-json\/wp\/v2\/posts\/1427\/revisions"}],"wp:attachment":[{"href":"https:\/\/lavoiedessansvoix.fr\/lavoie\/wp-json\/wp\/v2\/media?parent=1427"}],"wp:term":[{"taxonomy":"category","embeddable":true,"href":"https:\/\/lavoiedessansvoix.fr\/lavoie\/wp-json\/wp\/v2\/categories?post=1427"},{"taxonomy":"post_tag","embeddable":true,"href":"https:\/\/lavoiedessansvoix.fr\/lavoie\/wp-json\/wp\/v2\/tags?post=1427"}],"curies":[{"name":"wp","href":"https:\/\/api.w.org\/{rel}","templated":true}]}}