{"id":1424,"date":"2013-05-28T10:33:00","date_gmt":"2013-05-28T08:33:00","guid":{"rendered":"https:\/\/lavoiedessansvoix.fr\/lavoie\/2013\/05\/28\/archive-la-criminelle-fuite-en-avant-de-la-diplomatie-francaise\/"},"modified":"2013-05-28T10:33:00","modified_gmt":"2013-05-28T08:33:00","slug":"archive-la-criminelle-fuite-en-avant-de-la-diplomatie-francaise","status":"publish","type":"post","link":"https:\/\/lavoiedessansvoix.fr\/lavoie\/2013\/05\/28\/archive-la-criminelle-fuite-en-avant-de-la-diplomatie-francaise\/","title":{"rendered":"LA CRIMINELLE FUITE EN AVANT DE LA DIPLOMATIE FRAN\u00c7AISE."},"content":{"rendered":"<p>LA CRIMINELLE FUITE EN AVANT DE LA DIPLOMATIE FRAN\u00c7AISE.\u00ab Plus z\u00e9l\u00e9s que leurs ma\u00eetres am\u00e9ricains, plus agressifs que les dirigeants isra\u00e9liens, plus activiste que Sarkozy, le duo infernal Hollande\/Fabius, est une calamit\u00e9 pour la paix du monde. \u00bb Dans notre article pr\u00e9c\u00e9dent sur la question syrienne, nous avancions l\u2019hypoth\u00e8se que la visite de John Kerry \u00e0 Moscou (8 mai) et la perspective ouverte alors d\u2019une nouvelle conf\u00e9rence internationale, pourrait n\u2019\u00eatre qu\u2019une sorte de diversion soporifique afin d\u2019occuper la diplomatie russe cependant que d\u2019autres intervenants (Turquie, Isra\u00ebl, CNS) largement soutenus, d\u2019ailleurs, par Washington, s\u2019efforceraient de venir \u00e0 bout du r\u00e9gime de Bachar Al Assad.Toutefois, bien qu\u2019encore tr\u00e8s al\u00e9atoire, il semblerait qu\u2019un pas suppl\u00e9mentaire est \u00e9tait fait vers la tenue d\u2019une conf\u00e9rence, ce pourrait-\u00eatre en juin. Elle est d\u00e9j\u00e0 nomm\u00e9e Gen\u00e8ve II. Cela n\u2019est pas en l\u2019\u00e9tat des choses, de nature \u00e0 infirmer l\u2019interpr\u00e9tation que nous faisions de l\u2019activit\u00e9 diplomatique des USA. D\u2019autant que sa tenue r\u00e9elle est loin d\u2019\u00eatre encore assur\u00e9e, \u00e0 fortiori \u00ab son succ\u00e8s \u00bb.Alors, v\u00e9ritable volont\u00e9 d\u2019une issue n\u00e9goci\u00e9e ou simple diversion pour masquer les op\u00e9rations d\u2019une guerre d\u2019usure ? Certes, la lev\u00e9e, lundi 27 mai par l\u2019Union europ\u00e9enne de l\u2019embargo sur les armes \u00e0 destination de la r\u00e9bellion, la pri\u00e8re des Isra\u00e9liens pour une intervention militaire am\u00e9ricaine, la pression belliciste des \u00ab faucons du Pentagone \u00bb, tout cela peut-\u00eatre interpr\u00e9t\u00e9 dans un sens comme dans l\u2019autre. Aussi bien comme autant de manifestations de la volont\u00e9 r\u00e9elle d\u2019en d\u00e9coudre, ou tout autant comme la volont\u00e9 des parties au conflit de faire monter les ench\u00e8res avant la conf\u00e9rence. C\u2019est la conf\u00e9rence elle-m\u00eame qui va nous renseigner sur les intentions r\u00e9elles des USA.Dans l\u2019attente, la France redoute que la \u00ab conf\u00e9rence Gen\u00e8ve II \u00bb ne rel\u00e9gitime sur la sc\u00e8ne internationale le r\u00e9gime syrien de Bachar Al Assad ce qui serait un revers cuisant pour elle. \u00ab Bien imprudente, en effet, elle a reconnu la premi\u00e8re le CNS comme seul repr\u00e9sentant l\u00e9gal du peuple syrien. Nous avions \u00e9crit le 20 mars 2013 (\u00ab\u00a0le d\u00e9sastre annonc\u00e9 de la diplomatie fran\u00e7aise\u00a0\u00bb) \u00ab la France, s\u2019est \u00bb \u00ab coup\u00e9 tout chemin de retraite. De telle sorte que la d\u00e9faite du CNS et le maintient de Bachar al Assad au pouvoir en Syrie, \u00e9quivaudrait \u00e0 un d\u00e9sastre diplomatique pour celle-ci. \u00bb C\u2019est pourquoi \u00e0 pr\u00e9sent la diplomatie fran\u00e7aise s\u2019\u00e9nerve, perd son sang froid. Ultime fa\u00e7on, la plus s\u00fbre \u00e0 son sens, d\u2019\u00e9viter le camouflet elle doit faire capoter la conf\u00e9rence \u00ab sine die \u00bb, ou pour le moins la condamner \u00e0 l\u2019\u00e9chec. C\u2019est pourquoi, ces derniers jours, \u00ab des journalistes ind\u00e9pendants \u00bb du journal \u00ab Le Monde \u00bb, en mission command\u00e9e en Syrie, se sont efforc\u00e9s d\u2019accr\u00e9diter l\u2019id\u00e9e que l\u2019arm\u00e9e syrienne l\u00e9gale faisait usage d\u2019armes chimiques. Barak Obama, en effet, avait dit qu\u2019il s\u2019agissait l\u00e0 \u00ab d\u2019une ligne rouge \u00bb \u00e0 ne pas franchir. Alors Hollande et Fabius esp\u00e8rent h\u00e2ter ainsi la d\u00e9cision d\u2019une intervention militaire occidentale qui les sauverait \u00ab in extr\u00e9mis\u00bb d\u2019un d\u00e9sastre diplomatique. Ne pouvant reculer par sa faute, la diplomatie fran\u00e7aise a donc opt\u00e9 pour une folle et dangereuse fuite en avant, fusse au prix des pires p\u00e9rils. \u00ab Plus z\u00e9l\u00e9s que leurs ma\u00eetres am\u00e9ricains, plus agressifs que les dirigeants isra\u00e9liens, plus activiste que Sarkozy, le duo infernal Hollande\/Fabius, est une calamit\u00e9 pour la paix du monde. \u00bbMais ils n\u2019ont que peu de chance de r\u00e9ussir leur coup. Une chose semble leur \u00e9chapper, en effet, la seule qui parait se confirmer vraiment. Si les USA n\u2019ont peut-\u00eatre pas renonc\u00e9 \u00e0 \u00ab l\u2019interventionnisme \u00bb en Syrie ils semblent toutefois qu\u2019ils aient renonc\u00e9 \u00e0 l\u2019id\u00e9e d\u2019une intervention directe de l\u2019OTAN, de l\u2019un de ses affid\u00e9s, ou d\u2019une quelconque coalition occidentale, qui \u00e9gratignerait trop directement la susceptibilit\u00e9 de la Russie et de la Chine. Ainsi en voulant mettre Washington en demeure d\u2019agir au pr\u00e9texte abracadabrant de l\u2019usage suppos\u00e9 d\u2019armes chimiques, la diplomatie fran\u00e7aise se fourvoie. Elle ne fait qu\u2019embarrasser son \u00ab alli\u00e9 et maitre \u00bb et pourrait m\u00eame finir par l\u2019exasp\u00e9rer. La strat\u00e9gie de Washington \u00e0 chang\u00e9, ce ne sont pas les gesticulations de Paris\/Le Monde, ni les cris d\u2019orfraie de la r\u00e9bellion syrienne qui convaincront l\u2019administration am\u00e9ricaine d\u2019en revenir \u00e0 l\u2019option pr\u00e9c\u00e9dente. Mardi 28 mai 2013.<\/p>\n","protected":false},"excerpt":{"rendered":"<p>LA CRIMINELLE FUITE EN AVANT DE LA DIPLOMATIE FRAN\u00c7AISE.\u00ab Plus z\u00e9l\u00e9s que leurs ma\u00eetres am\u00e9ricains, plus agressifs que les dirigeants [&hellip;]<\/p>\n","protected":false},"author":1,"featured_media":0,"comment_status":"open","ping_status":"open","sticky":false,"template":"","format":"standard","meta":{"sfsi_plus_gutenberg_text_before_share":"","sfsi_plus_gutenberg_show_text_before_share":"","sfsi_plus_gutenberg_icon_type":"","sfsi_plus_gutenberg_icon_alignemt":"","sfsi_plus_gutenburg_max_per_row":"","site-sidebar-layout":"default","site-content-layout":"","ast-site-content-layout":"default","site-content-style":"default","site-sidebar-style":"default","ast-global-header-display":"","ast-banner-title-visibility":"","ast-main-header-display":"","ast-hfb-above-header-display":"","ast-hfb-below-header-display":"","ast-hfb-mobile-header-display":"","site-post-title":"","ast-breadcrumbs-content":"","ast-featured-img":"","footer-sml-layout":"","ast-disable-related-posts":"","theme-transparent-header-meta":"","adv-header-id-meta":"","stick-header-meta":"","header-above-stick-meta":"","header-main-stick-meta":"","header-below-stick-meta":"","astra-migrate-meta-layouts":"default","ast-page-background-enabled":"default","ast-page-background-meta":{"desktop":{"background-color":"var(--ast-global-color-4)","background-image":"","background-repeat":"repeat","background-position":"center center","background-size":"auto","background-attachment":"scroll","background-type":"","background-media":"","overlay-type":"","overlay-color":"","overlay-opacity":"","overlay-gradient":""},"tablet":{"background-color":"","background-image":"","background-repeat":"repeat","background-position":"center center","background-size":"auto","background-attachment":"scroll","background-type":"","background-media":"","overlay-type":"","overlay-color":"","overlay-opacity":"","overlay-gradient":""},"mobile":{"background-color":"","background-image":"","background-repeat":"repeat","background-position":"center center","background-size":"auto","background-attachment":"scroll","background-type":"","background-media":"","overlay-type":"","overlay-color":"","overlay-opacity":"","overlay-gradient":""}},"ast-content-background-meta":{"desktop":{"background-color":"var(--ast-global-color-5)","background-image":"","background-repeat":"repeat","background-position":"center center","background-size":"auto","background-attachment":"scroll","background-type":"","background-media":"","overlay-type":"","overlay-color":"","overlay-opacity":"","overlay-gradient":""},"tablet":{"background-color":"var(--ast-global-color-5)","background-image":"","background-repeat":"repeat","background-position":"center center","background-size":"auto","background-attachment":"scroll","background-type":"","background-media":"","overlay-type":"","overlay-color":"","overlay-opacity":"","overlay-gradient":""},"mobile":{"background-color":"var(--ast-global-color-5)","background-image":"","background-repeat":"repeat","background-position":"center center","background-size":"auto","background-attachment":"scroll","background-type":"","background-media":"","overlay-type":"","overlay-color":"","overlay-opacity":"","overlay-gradient":""}},"footnotes":""},"categories":[16],"tags":[],"class_list":["post-1424","post","type-post","status-publish","format-standard","hentry","category-archives-cms"],"_links":{"self":[{"href":"https:\/\/lavoiedessansvoix.fr\/lavoie\/wp-json\/wp\/v2\/posts\/1424","targetHints":{"allow":["GET"]}}],"collection":[{"href":"https:\/\/lavoiedessansvoix.fr\/lavoie\/wp-json\/wp\/v2\/posts"}],"about":[{"href":"https:\/\/lavoiedessansvoix.fr\/lavoie\/wp-json\/wp\/v2\/types\/post"}],"author":[{"embeddable":true,"href":"https:\/\/lavoiedessansvoix.fr\/lavoie\/wp-json\/wp\/v2\/users\/1"}],"replies":[{"embeddable":true,"href":"https:\/\/lavoiedessansvoix.fr\/lavoie\/wp-json\/wp\/v2\/comments?post=1424"}],"version-history":[{"count":0,"href":"https:\/\/lavoiedessansvoix.fr\/lavoie\/wp-json\/wp\/v2\/posts\/1424\/revisions"}],"wp:attachment":[{"href":"https:\/\/lavoiedessansvoix.fr\/lavoie\/wp-json\/wp\/v2\/media?parent=1424"}],"wp:term":[{"taxonomy":"category","embeddable":true,"href":"https:\/\/lavoiedessansvoix.fr\/lavoie\/wp-json\/wp\/v2\/categories?post=1424"},{"taxonomy":"post_tag","embeddable":true,"href":"https:\/\/lavoiedessansvoix.fr\/lavoie\/wp-json\/wp\/v2\/tags?post=1424"}],"curies":[{"name":"wp","href":"https:\/\/api.w.org\/{rel}","templated":true}]}}