{"id":1423,"date":"2013-05-29T17:01:00","date_gmt":"2013-05-29T15:01:00","guid":{"rendered":"https:\/\/lavoiedessansvoix.fr\/lavoie\/2013\/05\/29\/archive-l-inimitable-arrogance-de-la-france\/"},"modified":"2013-05-29T17:01:00","modified_gmt":"2013-05-29T15:01:00","slug":"archive-l-inimitable-arrogance-de-la-france","status":"publish","type":"post","link":"https:\/\/lavoiedessansvoix.fr\/lavoie\/2013\/05\/29\/archive-l-inimitable-arrogance-de-la-france\/","title":{"rendered":"L\u2019INIMITABLE ARROGANCE DE LA FRANCE"},"content":{"rendered":"<p>L\u2019INIMITABLE ARROGANCE DE LA FRANCE.La France redoute que la \u00ab conf\u00e9rence Gen\u00e8ve II \u00bb ne rel\u00e9gitime sur la sc\u00e8ne internationale le r\u00e9gime baasiste syrien. \u00ab Bien imprudente, en effet, elle a reconnu la premi\u00e8re le CNS comme seul repr\u00e9sentant l\u00e9gal du peuple syrien. Ainsi s\u2019est-elle coup\u00e9 toute possibilit\u00e9 de retraite. Si bien que la d\u00e9faite du CNS ou le maintient de Bachar al Assad dans le jeu politique en Syrie, \u00e9quivaudrait \u00e0 un d\u00e9sastre diplomatique pour elle. C\u2019est \u00e0 peu pr\u00e8s ce que nous avons \u00e9crit hier. Engag\u00e9e comme elle l\u2019est, elle n\u2019a d\u2019autre issue que l\u2019\u00e9limination du chef de l\u2019\u00c9tat syrien. La France veut la guerre. Alors, quand on parle de \u00ab conf\u00e9rence \u00bb et de \u00ab solution n\u00e9goci\u00e9e \u00bb la diplomatie fran\u00e7aise s\u2019\u00e9nerve, perd son sang froid. L\u2019ultime fa\u00e7on, la plus s\u00fbre \u00e0 son sens, d\u2019\u00e9viter le camouflet c\u2019est de faire capoter la conf\u00e9rence \u00ab sine die \u00bb, ou pour le moins la condamner \u00e0 l\u2019\u00e9chec. \u00c0 cette fin, la France fera feu de tout bois. C\u2019est dans ce contexte qu\u2019il convient d\u2019appr\u00e9cier les pr\u00e9tendues r\u00e9v\u00e9lations \u00e0 point nomm\u00e9 des journalistes ind\u00e9pendants \u00bb du journal \u00ab Le Monde \u00bb, qui se sont efforc\u00e9s d\u2019accr\u00e9diter l\u2019id\u00e9e que l\u2019arm\u00e9e syrienne l\u00e9gale faisait usage d\u2019armes chimiques. N\u2019est-il pas justifi\u00e9 de croire que ceux-ci \u00e9taient en mission command\u00e9e en Syrie. La carte de journaliste est un sauf-conduit international tr\u00e8s pr\u00e9cieux, fort pris\u00e9e de tous les services secrets \u00ab du monde \u00bb. C\u2019est dans ce contexte et \u00e0 cette fin \u00e9galement qu\u2019il faut appr\u00e9cier la d\u00e9cision de l\u2019Union Europ\u00e9enne de lever l\u2019embargo sur la livraison d\u2019armes aux rebelles par la France et le Royaume-Uni. C\u2019est avec le m\u00eame dessein qu\u2019elle entend faire obstacle \u00e0 la participation de l\u2019Iran \u00e0 la conf\u00e9rence internationale en gestation.Prenez la mesure de l\u2019incroyable impertinence dont la France fait preuve en cette affaire. Notre pays est situ\u00e9 \u00e0 plus de 3000 milles Kilom\u00e8tres de la Syrie, et n\u2019a de part au conflit que celle qu\u2019il c\u2019est lui-m\u00eame cr\u00e9\u00e9 en fonction de ce qu\u2019il pr\u00e9tend \u00eatre ses int\u00e9r\u00eats ou ceux de ses amis anglo-am\u00e9ricains. Il y a en Syrie une communaut\u00e9 francophone, et une communaut\u00e9 chr\u00e9tienne avec lesquelles la France entretenait des relations privil\u00e9gi\u00e9es, et des liens historiques forts, issus de la p\u00e9riode ou elle exer\u00e7ait le mandat imp\u00e9rialiste de la \u00ab Soci\u00e9t\u00e9 des Nations \u00bb. Mais c\u2019est pr\u00e9cis\u00e9ment ces liens qu\u2019elle a trahit en soutenant l\u2019insurrection sunnite.La nation iranienne elle, a avec la Syrie une grande proximit\u00e9 g\u00e9ographique et une longue histoire commune, au demeurant la particularit\u00e9 d\u2019appartenir \u00e0 une m\u00eame entit\u00e9 g\u00e9ographique et au m\u00eame monde islamique. Le peuple iranien partage avec le peuple Syrien des liens culturels et religieux profonds et multiples. L\u2019Iran est l\u2019alli\u00e9e du r\u00e9gime l\u00e9gal syrien. L\u2019Iran est de plus directement impliqu\u00e9, contre sa volont\u00e9, par l\u2019agression arabo-imp\u00e9rialiste contre son alli\u00e9 la Syrie, dont la chute ouvrirait la voie \u00e0 l\u2019agression directe contre lui-m\u00eame. Car la mort de la R\u00e9publique islamique d&rsquo;Iran et la restauration du leadership des compagnies anglo-saxonnes sur les r\u00e9serves p\u00e9troli\u00e8res de ce pays est probablement le but ultime, bien qu\u2019encore cach\u00e9, de tout se branlebas de combat dans le monde arabo-sunnite. C\u2019est pourquoi l\u2019Iran est tenu de soutenir ouvertement et militairement le r\u00e9gime de Bachar Al Assad, et c\u2019est pourquoi il est, de ce fait, une partie incontournable au conflit qui lui est impos\u00e9. Et c\u2019est la France qui devrait prendre part \u00e0 la conf\u00e9rence sur la Syrie dont l\u2019Iran serait exclu ? Et c\u2019est la France, Au nom de quoi, et \u00e0 quel titre, c\u2019est la France, qu\u2019elle ignominieuse arrogance qui exige qu\u2019il en soit ainsi ? Les raisons de la France sont irrecevables. Nul ne peut pr\u00e9tendre s\u00e9rieusement vouloir \u0153uvrer \u00e0 la recherche d\u2019une solution n\u00e9goci\u00e9e \u00e0 la crise syrienne qui nierait la n\u00e9cessaire participation de l\u2019Iran \u00e0 celle-ci. mercredi 29 mai 2013.<\/p>\n","protected":false},"excerpt":{"rendered":"<p>L\u2019INIMITABLE ARROGANCE DE LA FRANCE.La France redoute que la \u00ab conf\u00e9rence Gen\u00e8ve II \u00bb ne rel\u00e9gitime sur la sc\u00e8ne internationale [&hellip;]<\/p>\n","protected":false},"author":1,"featured_media":0,"comment_status":"open","ping_status":"open","sticky":false,"template":"","format":"standard","meta":{"sfsi_plus_gutenberg_text_before_share":"","sfsi_plus_gutenberg_show_text_before_share":"","sfsi_plus_gutenberg_icon_type":"","sfsi_plus_gutenberg_icon_alignemt":"","sfsi_plus_gutenburg_max_per_row":"","site-sidebar-layout":"default","site-content-layout":"","ast-site-content-layout":"default","site-content-style":"default","site-sidebar-style":"default","ast-global-header-display":"","ast-banner-title-visibility":"","ast-main-header-display":"","ast-hfb-above-header-display":"","ast-hfb-below-header-display":"","ast-hfb-mobile-header-display":"","site-post-title":"","ast-breadcrumbs-content":"","ast-featured-img":"","footer-sml-layout":"","ast-disable-related-posts":"","theme-transparent-header-meta":"","adv-header-id-meta":"","stick-header-meta":"","header-above-stick-meta":"","header-main-stick-meta":"","header-below-stick-meta":"","astra-migrate-meta-layouts":"default","ast-page-background-enabled":"default","ast-page-background-meta":{"desktop":{"background-color":"var(--ast-global-color-4)","background-image":"","background-repeat":"repeat","background-position":"center center","background-size":"auto","background-attachment":"scroll","background-type":"","background-media":"","overlay-type":"","overlay-color":"","overlay-opacity":"","overlay-gradient":""},"tablet":{"background-color":"","background-image":"","background-repeat":"repeat","background-position":"center center","background-size":"auto","background-attachment":"scroll","background-type":"","background-media":"","overlay-type":"","overlay-color":"","overlay-opacity":"","overlay-gradient":""},"mobile":{"background-color":"","background-image":"","background-repeat":"repeat","background-position":"center center","background-size":"auto","background-attachment":"scroll","background-type":"","background-media":"","overlay-type":"","overlay-color":"","overlay-opacity":"","overlay-gradient":""}},"ast-content-background-meta":{"desktop":{"background-color":"var(--ast-global-color-5)","background-image":"","background-repeat":"repeat","background-position":"center center","background-size":"auto","background-attachment":"scroll","background-type":"","background-media":"","overlay-type":"","overlay-color":"","overlay-opacity":"","overlay-gradient":""},"tablet":{"background-color":"var(--ast-global-color-5)","background-image":"","background-repeat":"repeat","background-position":"center center","background-size":"auto","background-attachment":"scroll","background-type":"","background-media":"","overlay-type":"","overlay-color":"","overlay-opacity":"","overlay-gradient":""},"mobile":{"background-color":"var(--ast-global-color-5)","background-image":"","background-repeat":"repeat","background-position":"center center","background-size":"auto","background-attachment":"scroll","background-type":"","background-media":"","overlay-type":"","overlay-color":"","overlay-opacity":"","overlay-gradient":""}},"footnotes":""},"categories":[16],"tags":[],"class_list":["post-1423","post","type-post","status-publish","format-standard","hentry","category-archives-cms"],"_links":{"self":[{"href":"https:\/\/lavoiedessansvoix.fr\/lavoie\/wp-json\/wp\/v2\/posts\/1423","targetHints":{"allow":["GET"]}}],"collection":[{"href":"https:\/\/lavoiedessansvoix.fr\/lavoie\/wp-json\/wp\/v2\/posts"}],"about":[{"href":"https:\/\/lavoiedessansvoix.fr\/lavoie\/wp-json\/wp\/v2\/types\/post"}],"author":[{"embeddable":true,"href":"https:\/\/lavoiedessansvoix.fr\/lavoie\/wp-json\/wp\/v2\/users\/1"}],"replies":[{"embeddable":true,"href":"https:\/\/lavoiedessansvoix.fr\/lavoie\/wp-json\/wp\/v2\/comments?post=1423"}],"version-history":[{"count":0,"href":"https:\/\/lavoiedessansvoix.fr\/lavoie\/wp-json\/wp\/v2\/posts\/1423\/revisions"}],"wp:attachment":[{"href":"https:\/\/lavoiedessansvoix.fr\/lavoie\/wp-json\/wp\/v2\/media?parent=1423"}],"wp:term":[{"taxonomy":"category","embeddable":true,"href":"https:\/\/lavoiedessansvoix.fr\/lavoie\/wp-json\/wp\/v2\/categories?post=1423"},{"taxonomy":"post_tag","embeddable":true,"href":"https:\/\/lavoiedessansvoix.fr\/lavoie\/wp-json\/wp\/v2\/tags?post=1423"}],"curies":[{"name":"wp","href":"https:\/\/api.w.org\/{rel}","templated":true}]}}