{"id":1420,"date":"2013-06-04T17:05:00","date_gmt":"2013-06-04T15:05:00","guid":{"rendered":"https:\/\/lavoiedessansvoix.fr\/lavoie\/2013\/06\/04\/archive-laurent-fabius-entre-irresponsabilite-et-ordure\/"},"modified":"2013-06-04T17:05:00","modified_gmt":"2013-06-04T15:05:00","slug":"archive-laurent-fabius-entre-irresponsabilite-et-ordure","status":"publish","type":"post","link":"https:\/\/lavoiedessansvoix.fr\/lavoie\/2013\/06\/04\/archive-laurent-fabius-entre-irresponsabilite-et-ordure\/","title":{"rendered":"LAURENT FABIUS, ENTRE IRRESPONSABILIT\u00c9 ET ORDURE"},"content":{"rendered":"<p>LAURENT FABIUS, ENTRE IRRESPONSABILIT\u00c9 ET ORDURENous venons d\u2019entendre les d\u00e9clarations de Laurent Fabius, ministre fran\u00e7ais des affaires \u00e9trang\u00e8res, invit\u00e9 ce soir de David Pujadas au Journal de 20 heures de France2.Celui-ci pr\u00e9tend d\u00e9tenir les preuves intangibles de l\u2019usage de gaz sarin par l\u2019arm\u00e9e de Bachar Al Assad, et remercie le journal \u00ab Le Monde \u00bb pour ses \u00ab r\u00e9v\u00e9lations. Pourtant, quand David Pujadas lui pose la question de ses assurances sur la responsabilit\u00e9 du r\u00e9gime syrien, il devient \u00e9vasif et s\u2019empresse de \u00ab botter en touche \u00bb pr\u00e9textant la proximit\u00e9 \u00ab de la conf\u00e9rence sur la paix \u00bb \u00e0 laquelle on (la France) travaille pr\u00e9tend-il, et \u00e0 la tenue de laquelle il n\u2019entend pas nuire. Ainsi l\u2019homme au visage crisp\u00e9 r\u00e9alise-t-il le tour de force d\u2019allier dans une m\u00eame phrase, l\u2019ordure de d\u00e9clarations fracassantes in-v\u00e9rifi\u00e9es \u00e0 la bassesse d\u2019une ruse de sioux s\u00e9nile.Nous l\u2019avons dit dans un pr\u00e9c\u00e9dent article, les pr\u00e9tendus journalistes \u00ab ind\u00e9pendants \u00bb du \u00ab Monde \u00bb, n\u2019ont pas fait en la circonstance le travail d\u2019enqu\u00eate et d\u2019investigation qui incombe \u00e0 des journalistes, mais celui des \u00ab services actions du renseignement \u00bb et de la provocation internationale. Si ceux-l\u00e0 sont salari\u00e9s du journal \u00ab le monde \u00bb Il y a gros a parier qu\u2019ils \u00e9margent \u00e9galement du c\u00f4t\u00e9 de \u00ab piscine \u00bb. Et ce sont sur ces r\u00e9v\u00e9lations, tellement sujettes \u00e0 caution que m\u00eame la maison Blanche les a re\u00e7ues avec d\u00e9dain, que le ministre prend \u00e0 t\u00e9moin de sa bonne foi et de son s\u00e9rieux. Quant \u00e0 dire qu\u2019il ne veut pas \u00eatre trop pr\u00e9cis dans ces accusations pour ne pas nuire \u00e0 la conf\u00e9rence \u00ab Gen\u00e8ve 2 \u00bb cela rel\u00e8ve de la pire ignominie. Fran\u00e7ois Hollande, Laurent Fabius, la diplomatie fran\u00e7aise, ne travaille pas \u00e0 la pr\u00e9paration de \u00ab Gen\u00e8ve 2 \u00bb, toute leur \u00e9nergie, toute leur malignit\u00e9, ils l\u2019emploient au contraire \u00e0 faire en sorte que celle-ci n\u2019est jamais lieu.Laurent Fabius pr\u00e9tend qu\u2019il n\u2019en dit pas trop pour ne pas nuire \u00e0 la tenue de la conf\u00e9rence. Mais alors, pourquoi avoir commenc\u00e9 \u00e0 le dire ? Si, et il insiste l\u00e0-dessus, l\u2019usage d\u2019armes chimiques est \u00ab la ligne rouge \u00e0 ne pas franchir \u00bb, si elle a \u00e9t\u00e9 franchie par le r\u00e9gime l\u00e9gal, alors \u00ab c\u2019est la guerre \u00bb, pourquoi vouloir sauver la conf\u00e9rence ? Non la diplomatie fran\u00e7aise ne veut pas sauvegarder la perspective de la conf\u00e9rence Gen\u00e8ve 2, elle veut l\u2019annuler, la faire capoter, c\u2019est pourquoi elle instille le poison de la \u00ab d\u00e9sinformation \u00bb, a, et aura recours \u00e0 moult autres stratag\u00e8mes, mais elle pr\u00e9tend publiquement travailler tout de m\u00eame \u00e0 la pr\u00e9paration de la conf\u00e9rence pour ne pas prendre tout \u00e0 fait \u00e0 contre-pied Barak Obama et la diplomatie am\u00e9ricaine.La France ne veut pas de la conf\u00e9rence pour la paix. La France veut la guerre, nonobstant les p\u00e9rils. Il se pourrait m\u00eame que la France souhaite l\u2019assassinat de Bachar Al Assad comme elle a couvert et applaudit \u00e0 celui de Kadhafi. Il y a \u00e0 cela une raison bien \u00e9tablie que nous avons identifi\u00e9e et expliqu\u00e9e pr\u00e9c\u00e9demment. \u00ab Bien imprudente, la France a reconnu la premi\u00e8re le CNS comme seul repr\u00e9sentant l\u00e9gal du peuple syrien. Elle s\u2019est \u00bb \u00ab coup\u00e9 tout chemin de retraite. De telle sorte que la d\u00e9faite du CNS ou le maintient de Bachar al Assad au pouvoir en Syrie, la survit de celui-ci \u00e9quivaudrait \u00e0 un d\u00e9sastre diplomatique pour celle-ci. \u00bb, dans tout le Moyen-Orient et le monde \u00ab arabo-musulman \u00bb. Pour conjurer ce risque Hollande et Fabius ne se sont m\u00e9nag\u00e9e qu\u2019une option, celle de la fuite en avant et de l\u2019irresponsabilit\u00e9. 2 juin 2013.<\/p>\n","protected":false},"excerpt":{"rendered":"<p>LAURENT FABIUS, ENTRE IRRESPONSABILIT\u00c9 ET ORDURENous venons d\u2019entendre les d\u00e9clarations de Laurent Fabius, ministre fran\u00e7ais des affaires \u00e9trang\u00e8res, invit\u00e9 ce [&hellip;]<\/p>\n","protected":false},"author":1,"featured_media":0,"comment_status":"open","ping_status":"open","sticky":false,"template":"","format":"standard","meta":{"sfsi_plus_gutenberg_text_before_share":"","sfsi_plus_gutenberg_show_text_before_share":"","sfsi_plus_gutenberg_icon_type":"","sfsi_plus_gutenberg_icon_alignemt":"","sfsi_plus_gutenburg_max_per_row":"","site-sidebar-layout":"default","site-content-layout":"","ast-site-content-layout":"default","site-content-style":"default","site-sidebar-style":"default","ast-global-header-display":"","ast-banner-title-visibility":"","ast-main-header-display":"","ast-hfb-above-header-display":"","ast-hfb-below-header-display":"","ast-hfb-mobile-header-display":"","site-post-title":"","ast-breadcrumbs-content":"","ast-featured-img":"","footer-sml-layout":"","ast-disable-related-posts":"","theme-transparent-header-meta":"","adv-header-id-meta":"","stick-header-meta":"","header-above-stick-meta":"","header-main-stick-meta":"","header-below-stick-meta":"","astra-migrate-meta-layouts":"default","ast-page-background-enabled":"default","ast-page-background-meta":{"desktop":{"background-color":"var(--ast-global-color-4)","background-image":"","background-repeat":"repeat","background-position":"center center","background-size":"auto","background-attachment":"scroll","background-type":"","background-media":"","overlay-type":"","overlay-color":"","overlay-opacity":"","overlay-gradient":""},"tablet":{"background-color":"","background-image":"","background-repeat":"repeat","background-position":"center center","background-size":"auto","background-attachment":"scroll","background-type":"","background-media":"","overlay-type":"","overlay-color":"","overlay-opacity":"","overlay-gradient":""},"mobile":{"background-color":"","background-image":"","background-repeat":"repeat","background-position":"center center","background-size":"auto","background-attachment":"scroll","background-type":"","background-media":"","overlay-type":"","overlay-color":"","overlay-opacity":"","overlay-gradient":""}},"ast-content-background-meta":{"desktop":{"background-color":"var(--ast-global-color-5)","background-image":"","background-repeat":"repeat","background-position":"center center","background-size":"auto","background-attachment":"scroll","background-type":"","background-media":"","overlay-type":"","overlay-color":"","overlay-opacity":"","overlay-gradient":""},"tablet":{"background-color":"var(--ast-global-color-5)","background-image":"","background-repeat":"repeat","background-position":"center center","background-size":"auto","background-attachment":"scroll","background-type":"","background-media":"","overlay-type":"","overlay-color":"","overlay-opacity":"","overlay-gradient":""},"mobile":{"background-color":"var(--ast-global-color-5)","background-image":"","background-repeat":"repeat","background-position":"center center","background-size":"auto","background-attachment":"scroll","background-type":"","background-media":"","overlay-type":"","overlay-color":"","overlay-opacity":"","overlay-gradient":""}},"footnotes":""},"categories":[16],"tags":[],"class_list":["post-1420","post","type-post","status-publish","format-standard","hentry","category-archives-cms"],"_links":{"self":[{"href":"https:\/\/lavoiedessansvoix.fr\/lavoie\/wp-json\/wp\/v2\/posts\/1420","targetHints":{"allow":["GET"]}}],"collection":[{"href":"https:\/\/lavoiedessansvoix.fr\/lavoie\/wp-json\/wp\/v2\/posts"}],"about":[{"href":"https:\/\/lavoiedessansvoix.fr\/lavoie\/wp-json\/wp\/v2\/types\/post"}],"author":[{"embeddable":true,"href":"https:\/\/lavoiedessansvoix.fr\/lavoie\/wp-json\/wp\/v2\/users\/1"}],"replies":[{"embeddable":true,"href":"https:\/\/lavoiedessansvoix.fr\/lavoie\/wp-json\/wp\/v2\/comments?post=1420"}],"version-history":[{"count":0,"href":"https:\/\/lavoiedessansvoix.fr\/lavoie\/wp-json\/wp\/v2\/posts\/1420\/revisions"}],"wp:attachment":[{"href":"https:\/\/lavoiedessansvoix.fr\/lavoie\/wp-json\/wp\/v2\/media?parent=1420"}],"wp:term":[{"taxonomy":"category","embeddable":true,"href":"https:\/\/lavoiedessansvoix.fr\/lavoie\/wp-json\/wp\/v2\/categories?post=1420"},{"taxonomy":"post_tag","embeddable":true,"href":"https:\/\/lavoiedessansvoix.fr\/lavoie\/wp-json\/wp\/v2\/tags?post=1420"}],"curies":[{"name":"wp","href":"https:\/\/api.w.org\/{rel}","templated":true}]}}