{"id":1419,"date":"2013-06-08T09:08:00","date_gmt":"2013-06-08T07:08:00","guid":{"rendered":"https:\/\/lavoiedessansvoix.fr\/lavoie\/2013\/06\/08\/archive-ne-donnez-pas-un-baton-pour-vous-faire-battre\/"},"modified":"2013-06-08T09:08:00","modified_gmt":"2013-06-08T07:08:00","slug":"archive-ne-donnez-pas-un-baton-pour-vous-faire-battre","status":"publish","type":"post","link":"https:\/\/lavoiedessansvoix.fr\/lavoie\/2013\/06\/08\/archive-ne-donnez-pas-un-baton-pour-vous-faire-battre\/","title":{"rendered":"NE DONNEZ PAS UN B\u00c2TON POUR VOUS FAIRE BATTRE."},"content":{"rendered":"<p>NE DONNEZ PAS UN B\u00c2TON POUR VOUS FAIRE BATTRE.UN HOMME EST MORT. Nous souhaitons que les agresseurs du jeune Cl\u00e9ment M\u00e9ric soient rapidement arr\u00eat\u00e9s et d\u00e9f\u00e9r\u00e9s devant les tribunaux. Nous appelons sur eux la lourde main de la justice. Un meurtre a \u00e9t\u00e9 commis dans un d\u00e9chainement de violence d\u00e9mesur\u00e9e, nous nous r\u00e9jouirons quand les auteurs de cet acte odieux seront condamn\u00e9s \u00e0 une incarc\u00e9ration suffisamment longue et s\u00e9v\u00e8re.Pourtant, nous ne m\u00ealerons pas notre voix au concert unanimiste qui r\u00e9clame \u00e0 cors et \u00e0 cris, la dissolution, selon les \u00e9coles, de tous les groupes fascistes, n\u00e9onazis, ou \u00ab radicaux d\u2019extr\u00eames droites \u00bbLe gouvernement, Manuels Valls, s\u2019inqui\u00e8te d\u2019une radicalisation de la soci\u00e9t\u00e9, comme ils disent en termes voil\u00e9s. Ce qu\u2019ils redoutent en clair et veulent anticiper, c\u2019est une explosion sociale. L\u2019id\u00e9e de dissolution de certains groupes de l\u2019extr\u00eame droite radicale avait pr\u00e9c\u00e9d\u00e9 de longtemps la mort de Cl\u00e9ment M\u00e9ric. Elle avait \u00e9t\u00e9 avanc\u00e9e d\u00e9j\u00e0 durant la mobilisation de l\u2019opposition au mariage gay, prenant pr\u00e9texte alors du recours \u00e0 quelques initiatives radicales. L\u2019\u00e9v\u00e8nement que constitue la mort d\u2019un jeune homme tombe \u00e0 pic qui fournit au gouvernement le pr\u00e9texte id\u00e9al pour passer de la parole aux actes. Ce qu\u2019il vise, c\u2019est \u00e0 se munir d\u2019un arsenal l\u00e9gislatif lui permettant de faire face \u00e0 la situation d\u2019un nouveau \u00ab printemps fran\u00e7ais \u00bb voire europ\u00e9en.Aujourd\u2019hui, dissolution de \u00ab\u00a0groupe d\u2019extr\u00eames droites\u00a0\u00bb, et demain \u00ab\u00a0dissolution de groupes d\u2019extr\u00eame gauche\u00a0\u00bb, dissolution d\u2019unions syndicales s\u2019\u00e9tant rendues coupables d\u2019actes violents ou ayant simplement accompagn\u00e9s ou couvert des travailleurs r\u00e9volt\u00e9s, dissolution de \u00ab lutte ouvri\u00e8re \u00bb, du \u00ab\u00a0NPA\u00a0\u00bb, du \u00ab\u00a0Parti de gauche\u00a0\u00bb lui-m\u00eame, s\u2019ils s\u2019avisent de soutenir ou de d\u00e9clarer leurs solidarit\u00e9s avec les salari\u00e9s en col\u00e8res, ou simplement si leurs propos, leurs orientations politiques sont jug\u00e9s comme participant de la \u00ab radicalisation \u00bb et encourageant, ou excusant, la violence populaire.FANTASME ? Regardez autour de vous, \u00e9coutez. N\u2019a-t-on pas d\u00e9j\u00e0 depuis longtemps \u00e0 l\u2019UMP, l\u2019habitude de placer le \u00ab Front de gauche \u00bb et le \u00ab Front national \u00bb sur un pied d\u2019\u00e9galit\u00e9, consid\u00e9rant que la proximit\u00e9 du PS avec le front de gauche est de m\u00eame nature que les passerelles entre l\u2019UMP et le FN. Jean-Fran\u00e7ois Cop\u00e9 n\u2019a-t-il pas r\u00e9clam\u00e9, pr\u00e9cis\u00e9ment \u00e0 propos de la mort de Cl\u00e9ment M\u00e9ric, la dissolution des groupuscules \u00ab\u00a0d&rsquo;extr\u00eame droite comme d&rsquo;extr\u00eame gauche\u00a0\u00bb dont la \u00ab\u00a0seule expression est la violence\u00a0\u00bb, PARIS (AFP) \u2013 A la suite de quoi le ministre de l&rsquo;Int\u00e9rieur Manuel Valls a appel\u00e9 jeudi \u00e0 se garder des \u00ab\u00a0amalgames\u00a0\u00bb entre extr\u00eame droite et extr\u00eame gauche, \u00ab\u00a0Ce n&rsquo;est pas le moment, a-t-il dit, de faire des amalgames. \u00bb  Ne faut-il pas d\u00e9crypter l\u00e0 un sous-entendu : on fera les amalgames quand le temps en sera venu.La dissolution des deux extr\u00eames, ceux qui font le salut fasciste et ceux qui combattent le fascisme, n\u2019est-ce pas ce qu\u2019avait fait en 1973 Raymond Marcelin, alors ministre de l\u2019Int\u00e9rieur de Georges Pompidou, qui avait dissous \u00ab la Ligue communiste\u00bb en m\u00eame temps qu\u2019\u2018Ordre nouveau\u00a0\u00bb, au lendemain des affrontements de la rue Monge ? Les extr\u00eames comme ils disent, les antipodes, ne se rejoignent-ils pas dans la t\u00eate malade de ses tordus de \u00ab la d\u00e9mocratie \u00bb ? Un philosophe entendu avant hier au journal de la mi-journ\u00e9e sur France 2 ne disait-il pas que : \u00ab les positionnements politiques de M\u00e9lenchon ont eu pour effet de faire ressurgir le face \u00e0 face \u00ab gaucho facho \u00bb. On voit dans cette r\u00e9flexion les pr\u00e9misses de la glissade possible. QU\u2019ALLEZ-VOUS FAIRE DANS CETTE GAL\u00c8RE ? Alors, il est l\u00e9gitime de s\u2019interroger. Que viennent faire dans ce concert liberticide les voix de Jean-Luc M\u00e9lenchon, du parti de gauche ou du parti communiste ?Il y a quelques semaines \u00e0 peine, ceux-ci soutenaient un projet de loi d\u2019amnistie pour des travailleurs et syndicalistes accus\u00e9s de \u00ab violence \u00bb. Fran\u00e7ois Hollande les a tacl\u00e9s d\u2019une fin de non-recevoir au pr\u00e9texte pr\u00e9cis\u00e9ment qu\u2019il ne fallait pas encourager le recours \u00e0 la violence dans un climat social d\u00e9grad\u00e9. \u00c9trange suite dans les id\u00e9es. Violence populaire (en r\u00e9action \u00e0 la violence sociale), ou violence de \u00ab groupes d\u2019extr\u00eame droite \u00bb, pour les va-t-en-guerre du gouvernement, ce n\u2019est que de la violence en g\u00e9n\u00e9ral, qu\u2019il se doit de combattre. Comment, Jean-Luc M\u00e9lenchon et ses amis politiques, mais aussi un tas d\u2019autres groupes et militants antifascistes ou de gauche, r\u00e9volutionnaire, ne voient-ils pas qu\u2019en se faisant les plus ardents militants de la \u00ab dissolution \u00bb des groupes d\u2019extr\u00eame droite radicaux \u00bb ils mettent en v\u00e9rit\u00e9 le doigt dans une machinerie qui demain les broiera eux m\u00eame ? Mais au-del\u00e0 m\u00eame de la simple question de l\u2019arsenal juridique et \u00ab moral \u00bb en gestation, il y a un pire danger \u00e0 ce positionnement, et celui-l\u00e0 est d\u2019ordre politique. Car, c\u2019est bien entendu \u00ab aux valeurs r\u00e9publicaines \u00bb contre \u00ab les ennemis de la d\u00e9mocratie \u00bb, \u00e0 l\u2019union nationale contre la radicalisation sociale et les d\u00e9rives violentes, que le gouvernement en appelle. Les \u00ab d\u00e9mocrates, nous disent-ils, doivent se serrer les coudes \u00bb. Mais cela est un pi\u00e8ge. Le plus grossier et le plus dangereux pour l\u2019opposition de gauche au gouvernement socialiste. Dans le cours m\u00eame des \u00e9lections pr\u00e9sidentielles de 2012 et maintes fois apr\u00e8s, nous n\u2019avons eu de cesse de le r\u00e9p\u00e9ter, il faut une v\u00e9ritable opposition de gauche au gouvernement \u00ab socialiste. Il faut faire renaitre l\u2019espoir dans une issue possible, dans une alternative n\u00e9cessaire.Or, en appelant \u00e0 la dissolution des groupes d\u2019extr\u00eame droite, c&rsquo;est au \u00ab gouvernement de gauche \u00bb \u00e0 la plus haute autorit\u00e9 de \u00ab la R\u00e9publique \u00bb qu\u2019on en r\u00e9f\u00e8re. C\u2019est dire qu\u2019on lui reconnait les qualit\u00e9s d\u2019arbitre et de garant de \u00ab la paix sociale \u00bb, qu\u2019on l\u2019investit de la responsabilit\u00e9 de mener, en lieu et place des citoyens, ce combat contre le fascisme. De la sorte, on ne fait que brouiller les cartes, restaurer l\u2019id\u00e9e d\u2019une communaut\u00e9 d\u2019int\u00e9r\u00eats entre \u00ab la gauche \u00bb et nous. On s\u2019annule comme opposition et alternative politique cr\u00e9dible, l\u2019on ouvre ainsi tout grand l\u2019espace politique \u00e0 l\u2019ascension redout\u00e9 du Front national.8 juin 2013.<\/p>\n","protected":false},"excerpt":{"rendered":"<p>NE DONNEZ PAS UN B\u00c2TON POUR VOUS FAIRE BATTRE.UN HOMME EST MORT. Nous souhaitons que les agresseurs du jeune Cl\u00e9ment [&hellip;]<\/p>\n","protected":false},"author":1,"featured_media":0,"comment_status":"open","ping_status":"open","sticky":false,"template":"","format":"standard","meta":{"sfsi_plus_gutenberg_text_before_share":"","sfsi_plus_gutenberg_show_text_before_share":"","sfsi_plus_gutenberg_icon_type":"","sfsi_plus_gutenberg_icon_alignemt":"","sfsi_plus_gutenburg_max_per_row":"","site-sidebar-layout":"default","site-content-layout":"","ast-site-content-layout":"default","site-content-style":"default","site-sidebar-style":"default","ast-global-header-display":"","ast-banner-title-visibility":"","ast-main-header-display":"","ast-hfb-above-header-display":"","ast-hfb-below-header-display":"","ast-hfb-mobile-header-display":"","site-post-title":"","ast-breadcrumbs-content":"","ast-featured-img":"","footer-sml-layout":"","ast-disable-related-posts":"","theme-transparent-header-meta":"","adv-header-id-meta":"","stick-header-meta":"","header-above-stick-meta":"","header-main-stick-meta":"","header-below-stick-meta":"","astra-migrate-meta-layouts":"default","ast-page-background-enabled":"default","ast-page-background-meta":{"desktop":{"background-color":"var(--ast-global-color-4)","background-image":"","background-repeat":"repeat","background-position":"center center","background-size":"auto","background-attachment":"scroll","background-type":"","background-media":"","overlay-type":"","overlay-color":"","overlay-opacity":"","overlay-gradient":""},"tablet":{"background-color":"","background-image":"","background-repeat":"repeat","background-position":"center center","background-size":"auto","background-attachment":"scroll","background-type":"","background-media":"","overlay-type":"","overlay-color":"","overlay-opacity":"","overlay-gradient":""},"mobile":{"background-color":"","background-image":"","background-repeat":"repeat","background-position":"center center","background-size":"auto","background-attachment":"scroll","background-type":"","background-media":"","overlay-type":"","overlay-color":"","overlay-opacity":"","overlay-gradient":""}},"ast-content-background-meta":{"desktop":{"background-color":"var(--ast-global-color-5)","background-image":"","background-repeat":"repeat","background-position":"center center","background-size":"auto","background-attachment":"scroll","background-type":"","background-media":"","overlay-type":"","overlay-color":"","overlay-opacity":"","overlay-gradient":""},"tablet":{"background-color":"var(--ast-global-color-5)","background-image":"","background-repeat":"repeat","background-position":"center center","background-size":"auto","background-attachment":"scroll","background-type":"","background-media":"","overlay-type":"","overlay-color":"","overlay-opacity":"","overlay-gradient":""},"mobile":{"background-color":"var(--ast-global-color-5)","background-image":"","background-repeat":"repeat","background-position":"center center","background-size":"auto","background-attachment":"scroll","background-type":"","background-media":"","overlay-type":"","overlay-color":"","overlay-opacity":"","overlay-gradient":""}},"footnotes":""},"categories":[16],"tags":[],"class_list":["post-1419","post","type-post","status-publish","format-standard","hentry","category-archives-cms"],"_links":{"self":[{"href":"https:\/\/lavoiedessansvoix.fr\/lavoie\/wp-json\/wp\/v2\/posts\/1419","targetHints":{"allow":["GET"]}}],"collection":[{"href":"https:\/\/lavoiedessansvoix.fr\/lavoie\/wp-json\/wp\/v2\/posts"}],"about":[{"href":"https:\/\/lavoiedessansvoix.fr\/lavoie\/wp-json\/wp\/v2\/types\/post"}],"author":[{"embeddable":true,"href":"https:\/\/lavoiedessansvoix.fr\/lavoie\/wp-json\/wp\/v2\/users\/1"}],"replies":[{"embeddable":true,"href":"https:\/\/lavoiedessansvoix.fr\/lavoie\/wp-json\/wp\/v2\/comments?post=1419"}],"version-history":[{"count":0,"href":"https:\/\/lavoiedessansvoix.fr\/lavoie\/wp-json\/wp\/v2\/posts\/1419\/revisions"}],"wp:attachment":[{"href":"https:\/\/lavoiedessansvoix.fr\/lavoie\/wp-json\/wp\/v2\/media?parent=1419"}],"wp:term":[{"taxonomy":"category","embeddable":true,"href":"https:\/\/lavoiedessansvoix.fr\/lavoie\/wp-json\/wp\/v2\/categories?post=1419"},{"taxonomy":"post_tag","embeddable":true,"href":"https:\/\/lavoiedessansvoix.fr\/lavoie\/wp-json\/wp\/v2\/tags?post=1419"}],"curies":[{"name":"wp","href":"https:\/\/api.w.org\/{rel}","templated":true}]}}