{"id":1418,"date":"2013-06-08T18:14:00","date_gmt":"2013-06-08T16:14:00","guid":{"rendered":"https:\/\/lavoiedessansvoix.fr\/lavoie\/2013\/06\/08\/archive-nous-n-aurons-pas-un-regret-pas-une-larme-pour-feue-pierre-mauroy\/"},"modified":"2013-06-08T18:14:00","modified_gmt":"2013-06-08T16:14:00","slug":"archive-nous-n-aurons-pas-un-regret-pas-une-larme-pour-feue-pierre-mauroy","status":"publish","type":"post","link":"https:\/\/lavoiedessansvoix.fr\/lavoie\/2013\/06\/08\/archive-nous-n-aurons-pas-un-regret-pas-une-larme-pour-feue-pierre-mauroy\/","title":{"rendered":"NOUS N\u2019AURONS PAS UN REGRET, PAS UNE LARME POUR FEUE PIERRE MAUROY"},"content":{"rendered":"<p>NOUS N\u2019AURONS PAS UN REGRET, PAS UNE LARME POUR FEUE PIERRE MAUROYNous l\u2019avions d\u00e9j\u00e0 surpris dans le pass\u00e9, cela se confirme, Martine Aubry manque du discernement qui fait un grand homme politique. Encore une fois elle s\u2019est loup\u00e9e. \u00ab Pierre Mauroy incarnait un socialisme populaire \u00bb, \u00ab un g\u00e9ant \u00bb a-t-elle dit. Bien entendu les \u00ab m\u00e9dias cireurs de pompes \u00bb se sont empar\u00e9s de la formule dithyrambique. Elle a \u00e9t\u00e9 plusieurs fois r\u00e9p\u00e9t\u00e9e depuis. Nous gageons qu\u2019elle le sera maintes fois encore dans les jours qui viennent, au moins jusqu\u2019\u00e0 l\u2019apoth\u00e9ose qui lui sera faite aux Invalides. Pierre Mauroy un g\u00e9ant ? Comme Gulliver, il ne fut en v\u00e9rit\u00e9 g\u00e9ant que pour des lilliputiens.\u00ab Un socialisme populaire \u00bb, ah bon, parce que Socialisme peut rimer parfois avec autre chose que populaire. Le socialisme c\u2019est la vision \u00ab sociale \u00bb de la soci\u00e9t\u00e9, peut-il \u00eatre autrement que populaire ? S&rsquo;il est besoin qu&rsquo;un homme politique incarne \u00ab le socialisme populaire \u00bb alors c\u2019est que le socialisme dans son essence ne l\u2019est plus, n\u2019est plus qu\u2019une grande duperie pour les peuples, et que l\u2019homme qui s\u2019efforce d\u2019incarner le socialisme populaire n\u2019est que l\u2019attelage technique qui permet en le dupant encore d\u2019accrocher le wagon du peuple \u00e0 la locomotive de la grande arnaque.Nous avions en France, jusqu\u2019aux ann\u00e9es 80, une classe ouvri\u00e8re et des couches salari\u00e9es mobilis\u00e9es, pr\u00eates \u00e0 d\u00e9fendre leurs acquis bec et ongles, attach\u00e9e aux id\u00e9aux de solidarit\u00e9 sociale, \u00e0 l\u2019esp\u00e9rance d\u2019une transformation socialiste de la soci\u00e9t\u00e9. Sous la direction de Fran\u00e7ois Mitterrand et de son premier Premier-Ministre, Pierre Mauroy, tous les piliers identitaires de la culture de \u00ab de la gauche de transformation sociale \u00bb ont \u00e9t\u00e9 discr\u00e9dit\u00e9s, liquid\u00e9es, vid\u00e9es de sens, ridiculis\u00e9s. C\u2019est sous le minist\u00e8re de Pierre Mauroy que fut op\u00e9r\u00e9e la \u00ab\u00a0d\u00e9sindexation des salaires\u00a0\u00bb sur les prix, que furent liquid\u00e9s ou affaiblis quelques bastions ouvriers : la sid\u00e9rurgie, l\u2019automobile, les derniers charbonnages. C\u2019est sous le minist\u00e8re Mauroy que la \u00ab relance \u00bb fut vid\u00e9e de tout sens op\u00e9rationnel, que les \u00ab\u00a0nationalisations\u00a0\u00bb furent tourn\u00e9es en ridicule, que les syndicats furent mis en laisse, que la flamme de l\u2019esp\u00e9rance, elle-m\u00eame, fut \u00e9teinte et insult\u00e9e. C\u2019est sous le minist\u00e8re de Pierre Mauroy que les premiers bataillons de l\u2019\u00e9lectorat populaire d\u00e9tach\u00e9s du parti communiste et le l\u2019id\u00e9al socialiste v\u00e9ritable, se tourn\u00e8rent vers le \u00ab vote Le Pen \u00bb.Et quand enfin la voie fut ainsi d\u00e9blay\u00e9e des \u00ab tabous \u00bb de la \u00ab gauche marxisante \u00bb qui l\u2019encombrait, c\u2019est encore sous le minist\u00e8re de Pierre Mauroy que fut inaugur\u00e9 le nouveau cours \u00ab thatch\u00e9rien \u00bb de la politique \u00e9conomique de la France.Sous des airs patelins, et bonshommes, masqu\u00e9 dans les oripeaux du \u00ab socialisme de papa \u00bb, Pierre Mauroy \u00e9tait en v\u00e9rit\u00e9, sinon des pires, en tout cas un des plus dangereux ennemis de la classe ouvri\u00e8re et des classes populaires. Il leur fut, de fait, particuli\u00e8rement nuisible.Fid\u00e8le en ce qui la concerne, au programme de la transformation sociale et \u00e0 l\u2019esp\u00e9rance en une soci\u00e9t\u00e9 nouvelle centr\u00e9e sur la valeur travail et les id\u00e9aux de partage et de solidarit\u00e9, \u00ab La voie des sans voix \u00bb n\u2019honorera pas la m\u00e9moire du d\u00e9funt qui les a tant salis. 9 juin 2013.<\/p>\n","protected":false},"excerpt":{"rendered":"<p>NOUS N\u2019AURONS PAS UN REGRET, PAS UNE LARME POUR FEUE PIERRE MAUROYNous l\u2019avions d\u00e9j\u00e0 surpris dans le pass\u00e9, cela se [&hellip;]<\/p>\n","protected":false},"author":1,"featured_media":0,"comment_status":"open","ping_status":"open","sticky":false,"template":"","format":"standard","meta":{"sfsi_plus_gutenberg_text_before_share":"","sfsi_plus_gutenberg_show_text_before_share":"","sfsi_plus_gutenberg_icon_type":"","sfsi_plus_gutenberg_icon_alignemt":"","sfsi_plus_gutenburg_max_per_row":"","site-sidebar-layout":"default","site-content-layout":"","ast-site-content-layout":"default","site-content-style":"default","site-sidebar-style":"default","ast-global-header-display":"","ast-banner-title-visibility":"","ast-main-header-display":"","ast-hfb-above-header-display":"","ast-hfb-below-header-display":"","ast-hfb-mobile-header-display":"","site-post-title":"","ast-breadcrumbs-content":"","ast-featured-img":"","footer-sml-layout":"","ast-disable-related-posts":"","theme-transparent-header-meta":"","adv-header-id-meta":"","stick-header-meta":"","header-above-stick-meta":"","header-main-stick-meta":"","header-below-stick-meta":"","astra-migrate-meta-layouts":"default","ast-page-background-enabled":"default","ast-page-background-meta":{"desktop":{"background-color":"var(--ast-global-color-4)","background-image":"","background-repeat":"repeat","background-position":"center center","background-size":"auto","background-attachment":"scroll","background-type":"","background-media":"","overlay-type":"","overlay-color":"","overlay-opacity":"","overlay-gradient":""},"tablet":{"background-color":"","background-image":"","background-repeat":"repeat","background-position":"center center","background-size":"auto","background-attachment":"scroll","background-type":"","background-media":"","overlay-type":"","overlay-color":"","overlay-opacity":"","overlay-gradient":""},"mobile":{"background-color":"","background-image":"","background-repeat":"repeat","background-position":"center center","background-size":"auto","background-attachment":"scroll","background-type":"","background-media":"","overlay-type":"","overlay-color":"","overlay-opacity":"","overlay-gradient":""}},"ast-content-background-meta":{"desktop":{"background-color":"var(--ast-global-color-5)","background-image":"","background-repeat":"repeat","background-position":"center center","background-size":"auto","background-attachment":"scroll","background-type":"","background-media":"","overlay-type":"","overlay-color":"","overlay-opacity":"","overlay-gradient":""},"tablet":{"background-color":"var(--ast-global-color-5)","background-image":"","background-repeat":"repeat","background-position":"center center","background-size":"auto","background-attachment":"scroll","background-type":"","background-media":"","overlay-type":"","overlay-color":"","overlay-opacity":"","overlay-gradient":""},"mobile":{"background-color":"var(--ast-global-color-5)","background-image":"","background-repeat":"repeat","background-position":"center center","background-size":"auto","background-attachment":"scroll","background-type":"","background-media":"","overlay-type":"","overlay-color":"","overlay-opacity":"","overlay-gradient":""}},"footnotes":""},"categories":[16],"tags":[],"class_list":["post-1418","post","type-post","status-publish","format-standard","hentry","category-archives-cms"],"_links":{"self":[{"href":"https:\/\/lavoiedessansvoix.fr\/lavoie\/wp-json\/wp\/v2\/posts\/1418","targetHints":{"allow":["GET"]}}],"collection":[{"href":"https:\/\/lavoiedessansvoix.fr\/lavoie\/wp-json\/wp\/v2\/posts"}],"about":[{"href":"https:\/\/lavoiedessansvoix.fr\/lavoie\/wp-json\/wp\/v2\/types\/post"}],"author":[{"embeddable":true,"href":"https:\/\/lavoiedessansvoix.fr\/lavoie\/wp-json\/wp\/v2\/users\/1"}],"replies":[{"embeddable":true,"href":"https:\/\/lavoiedessansvoix.fr\/lavoie\/wp-json\/wp\/v2\/comments?post=1418"}],"version-history":[{"count":0,"href":"https:\/\/lavoiedessansvoix.fr\/lavoie\/wp-json\/wp\/v2\/posts\/1418\/revisions"}],"wp:attachment":[{"href":"https:\/\/lavoiedessansvoix.fr\/lavoie\/wp-json\/wp\/v2\/media?parent=1418"}],"wp:term":[{"taxonomy":"category","embeddable":true,"href":"https:\/\/lavoiedessansvoix.fr\/lavoie\/wp-json\/wp\/v2\/categories?post=1418"},{"taxonomy":"post_tag","embeddable":true,"href":"https:\/\/lavoiedessansvoix.fr\/lavoie\/wp-json\/wp\/v2\/tags?post=1418"}],"curies":[{"name":"wp","href":"https:\/\/api.w.org\/{rel}","templated":true}]}}