{"id":1416,"date":"2013-06-13T10:58:00","date_gmt":"2013-06-13T08:58:00","guid":{"rendered":"https:\/\/lavoiedessansvoix.fr\/lavoie\/2013\/06\/13\/archive-ma-lettre-a-elise\/"},"modified":"2013-06-13T10:58:00","modified_gmt":"2013-06-13T08:58:00","slug":"archive-ma-lettre-a-elise","status":"publish","type":"post","link":"https:\/\/lavoiedessansvoix.fr\/lavoie\/2013\/06\/13\/archive-ma-lettre-a-elise\/","title":{"rendered":"MA \u00ab LETTRE \u00c0 \u00c9LISE \u00bb"},"content":{"rendered":"<p>MA \u00ab LETTRE \u00c0 \u00c9LISE \u00bbVous ne le savez peut-\u00eatre pas madame, mais nous ne sommes gu\u00e8re prodigues en satisf\u00e9cits. N\u2019allez pas croire toutefois que la raison en soit les pr\u00e9dispositions bougonnes d\u2019un vieillard acari\u00e2tre. Cela t\u00e9moigne plut\u00f4t de notre aptitude toujours renouvel\u00e9e \u00e0 l\u2019indignation et \u00e0 la r\u00e9volte qui est un attribut de la jeunesse. \u00ab La r\u00e9volution, c\u2019est la jeunesse du monde \u00bb. Or, ce monde pr\u00e9cis\u00e9ment a besoin d\u2019une bonne cure de rajeunissement, d\u2019un grand lifting. En l\u2019\u00e9tat, le monde de l\u2019argent roi, du lib\u00e9ralisme \u00e9conomique d\u00e9brid\u00e9, de la mondialisation de la pens\u00e9e unique, nous offres beaucoup plus de raisons de nous indigner qu\u2019il nous en propose de nous r\u00e9jouir. C\u2019est pourquoi nous sommes tellement ravis de vous faire part de notre satisfaction, quand une rare occasion nous en est offerte. C\u2019\u00e9tait mardi soir, 10 juin 2013, et c\u2019est vous \u00c9lise Lucet qui nous avait procur\u00e9 cette joie.Dans votre \u00ab Magasine \u00bb,\u00ab Cash investigation \u00bb diffus\u00e9 sur \u00ab France 2 \u00bb, sur le th\u00e8me, ce soir-l\u00e0, du \u00ab .scandale de l\u2019\u00e9vasion fiscale : r\u00e9v\u00e9lations sur les milliards qui nous manquent. \u00bb Vous ne vous \u00eates pas limit\u00e9e \u00e0 faire un \u00e9tat des lieux de \u00ab l\u2019\u00e9vasion fiscale \u00bb, \u00e0 vilipender les mauvais citoyens qui veulent \u00e9chapper \u00e0 l\u2019imp\u00f4t. Vous avez montr\u00e9 qu\u2019il s\u2019agit, plus que du r\u00e9flexe individuel de quelques Harpagons qui ne veulent pas qu\u2019on touche \u00e0 leur cassette, d\u2019un syst\u00e8me \u00ab mondialis\u00e9 \u00bb bien r\u00f4d\u00e9 et bien huil\u00e9, b\u00e9n\u00e9ficiant de la complicit\u00e9 des gouvernements, pour le plus grand profit des grandes fortunes de la plan\u00e8te. Non pas seulement la pr\u00e9caution de contribuables ais\u00e9s qui met leur magot \u00e0 \u00ab l\u2019abri \u00bb mais d\u2019un syst\u00e8me au service des grandes multinationales et autres entreprises \u00e0 filiales multiples. L\u2019organisation d\u2019une \u00e9vasion fiscale \u00e0 la source m\u00eame du profit qu\u2019ils appellent l\u2019optimisation fiscale. L\u2019\u00e9vasion, la fraude, en r\u00e9alit\u00e9, le VOL comme l\u2019a justement dit \u00c9douard Martin (ancien d\u00e9l\u00e9gu\u00e9 syndical d\u2019Arcelor-Mittal), Or, ce vol, pourtant plusieurs milliards d\u2019euros, tout est relatif, n\u2019est que larcin, si on le compare, \u00e0 l\u2019aune de sa nocivit\u00e9 sociale, au brigandage qu\u2019est la \u00ab mondialisation \u00bb \u00e9conomique. Nous l\u2019avons d\u00e9j\u00e0 dit. Nous le r\u00e9p\u00e9tons. Nous ne le r\u00e9p\u00e9terons jamais assez. La fraude fiscale porte sur les b\u00e9n\u00e9fices r\u00e9alis\u00e9s et gr\u00e8ve les recettes budg\u00e9taires des \u00c9tats. Mais avant elle, en amont dans le processus \u00e9conomique, il y a le syst\u00e8me de la libre circulation des capitaux qui permet d\u2019exploiter sans vergogne des mains d\u2019\u0153uvres fragilis\u00e9es et \u00e0 bas prix n\u2019importe o\u00f9 dans le monde. Avant que ne se pose la question de \u00ab l\u2019optimisation fiscale \u00bb, ne convient-il pas de poser cette question pr\u00e9alable de l\u2019optimisation de l\u2019exploitation des travailleurs ? Par toutes les faces de sa r\u00e9alit\u00e9, ce mod\u00e8le \u00e9conomique mondialis\u00e9, ce \u00ab stade supr\u00eame de l\u2019imp\u00e9rialisme \u00bb est nuisible \u00e0 tous.Il est dommageable aux travailleurs surexploit\u00e9s, aux laiss\u00e9s pour compte, aux peuples avilis, aux nations abaiss\u00e9es, \u00e0 l\u2019environnement instrumentalis\u00e9 et souill\u00e9, \u00e0 la plan\u00e8te mutil\u00e9e. Il n\u2019y a jamais eu de plus vaste ni grand scandale \u00e0 l&rsquo;\u00e9chelle de toute l\u2019humanit\u00e9. Optimiser les marges b\u00e9n\u00e9ficiaires et les taux de profits pour servir des dividendes de plus en plus colossaux, tel est le moteur et l\u2019auto justification de ce syst\u00e8me fou. Or cela, par son \u00e9tendue, ses cons\u00e9quences, les sommes en jeu, ne constitue-t-il pas un vol et une agression, contre les peuples et les nations, bien des fois plus grands et plus g\u00e9n\u00e9ralis\u00e9s que n\u2019est l\u2019\u00e9vasion fiscale ?Or, ce syst\u00e8me aussi, et m\u00eame plus que celui de l\u2019optimisation fiscale, b\u00e9n\u00e9ficie de la complicit\u00e9 active de la quasi-totalit\u00e9 des gouvernements de la plan\u00e8te, qui l\u2019ont d\u2019ailleurs, sous l\u2019impulsion initiale du couple infernal Thatcher Reagan, \u00e9rig\u00e9 en doctrine et en dogme.\u00ab The market globalisation \u00bb ? Oui, tout cela se r\u00e9sume \u00e0 peu de chose en v\u00e9rit\u00e9, l\u2019optimisation des m\u00e9thodes de \u00ab l\u2019appropriation capitaliste \u00bb. Une histoire de \u00ab brigandage international g\u00e9n\u00e9ralis\u00e9 \u00bb. La mise en coupe r\u00e9gl\u00e9e de la plan\u00e8te des nations et des peuples pour le profit d\u2019un petit nombre d\u2019accapareurs insatiables.Alors \u00c9lise, je vous en conjure, faite nous encore un petit, ou plut\u00f4t grand plaisir, \u00e0 quand la grande \u00e9mission o\u00f9 vous d\u00e9cortiquerez les m\u00e9canismes de ce syst\u00e8me criminel d\u2019accaparement capitaliste et d\u00e9noncerez toute sa nuisance ? 12 juin 2013.<\/p>\n","protected":false},"excerpt":{"rendered":"<p>MA \u00ab LETTRE \u00c0 \u00c9LISE \u00bbVous ne le savez peut-\u00eatre pas madame, mais nous ne sommes gu\u00e8re prodigues en satisf\u00e9cits. [&hellip;]<\/p>\n","protected":false},"author":1,"featured_media":0,"comment_status":"open","ping_status":"open","sticky":false,"template":"","format":"standard","meta":{"sfsi_plus_gutenberg_text_before_share":"","sfsi_plus_gutenberg_show_text_before_share":"","sfsi_plus_gutenberg_icon_type":"","sfsi_plus_gutenberg_icon_alignemt":"","sfsi_plus_gutenburg_max_per_row":"","site-sidebar-layout":"default","site-content-layout":"","ast-site-content-layout":"default","site-content-style":"default","site-sidebar-style":"default","ast-global-header-display":"","ast-banner-title-visibility":"","ast-main-header-display":"","ast-hfb-above-header-display":"","ast-hfb-below-header-display":"","ast-hfb-mobile-header-display":"","site-post-title":"","ast-breadcrumbs-content":"","ast-featured-img":"","footer-sml-layout":"","ast-disable-related-posts":"","theme-transparent-header-meta":"","adv-header-id-meta":"","stick-header-meta":"","header-above-stick-meta":"","header-main-stick-meta":"","header-below-stick-meta":"","astra-migrate-meta-layouts":"default","ast-page-background-enabled":"default","ast-page-background-meta":{"desktop":{"background-color":"var(--ast-global-color-4)","background-image":"","background-repeat":"repeat","background-position":"center center","background-size":"auto","background-attachment":"scroll","background-type":"","background-media":"","overlay-type":"","overlay-color":"","overlay-opacity":"","overlay-gradient":""},"tablet":{"background-color":"","background-image":"","background-repeat":"repeat","background-position":"center center","background-size":"auto","background-attachment":"scroll","background-type":"","background-media":"","overlay-type":"","overlay-color":"","overlay-opacity":"","overlay-gradient":""},"mobile":{"background-color":"","background-image":"","background-repeat":"repeat","background-position":"center center","background-size":"auto","background-attachment":"scroll","background-type":"","background-media":"","overlay-type":"","overlay-color":"","overlay-opacity":"","overlay-gradient":""}},"ast-content-background-meta":{"desktop":{"background-color":"var(--ast-global-color-5)","background-image":"","background-repeat":"repeat","background-position":"center center","background-size":"auto","background-attachment":"scroll","background-type":"","background-media":"","overlay-type":"","overlay-color":"","overlay-opacity":"","overlay-gradient":""},"tablet":{"background-color":"var(--ast-global-color-5)","background-image":"","background-repeat":"repeat","background-position":"center center","background-size":"auto","background-attachment":"scroll","background-type":"","background-media":"","overlay-type":"","overlay-color":"","overlay-opacity":"","overlay-gradient":""},"mobile":{"background-color":"var(--ast-global-color-5)","background-image":"","background-repeat":"repeat","background-position":"center center","background-size":"auto","background-attachment":"scroll","background-type":"","background-media":"","overlay-type":"","overlay-color":"","overlay-opacity":"","overlay-gradient":""}},"footnotes":""},"categories":[16],"tags":[],"class_list":["post-1416","post","type-post","status-publish","format-standard","hentry","category-archives-cms"],"_links":{"self":[{"href":"https:\/\/lavoiedessansvoix.fr\/lavoie\/wp-json\/wp\/v2\/posts\/1416","targetHints":{"allow":["GET"]}}],"collection":[{"href":"https:\/\/lavoiedessansvoix.fr\/lavoie\/wp-json\/wp\/v2\/posts"}],"about":[{"href":"https:\/\/lavoiedessansvoix.fr\/lavoie\/wp-json\/wp\/v2\/types\/post"}],"author":[{"embeddable":true,"href":"https:\/\/lavoiedessansvoix.fr\/lavoie\/wp-json\/wp\/v2\/users\/1"}],"replies":[{"embeddable":true,"href":"https:\/\/lavoiedessansvoix.fr\/lavoie\/wp-json\/wp\/v2\/comments?post=1416"}],"version-history":[{"count":0,"href":"https:\/\/lavoiedessansvoix.fr\/lavoie\/wp-json\/wp\/v2\/posts\/1416\/revisions"}],"wp:attachment":[{"href":"https:\/\/lavoiedessansvoix.fr\/lavoie\/wp-json\/wp\/v2\/media?parent=1416"}],"wp:term":[{"taxonomy":"category","embeddable":true,"href":"https:\/\/lavoiedessansvoix.fr\/lavoie\/wp-json\/wp\/v2\/categories?post=1416"},{"taxonomy":"post_tag","embeddable":true,"href":"https:\/\/lavoiedessansvoix.fr\/lavoie\/wp-json\/wp\/v2\/tags?post=1416"}],"curies":[{"name":"wp","href":"https:\/\/api.w.org\/{rel}","templated":true}]}}