{"id":1415,"date":"2013-06-14T03:25:00","date_gmt":"2013-06-14T01:25:00","guid":{"rendered":"https:\/\/lavoiedessansvoix.fr\/lavoie\/2013\/06\/14\/archive-ne-faites-pas-la-courte-echelle-aux-assassins\/"},"modified":"2013-06-14T03:25:00","modified_gmt":"2013-06-14T01:25:00","slug":"archive-ne-faites-pas-la-courte-echelle-aux-assassins","status":"publish","type":"post","link":"https:\/\/lavoiedessansvoix.fr\/lavoie\/2013\/06\/14\/archive-ne-faites-pas-la-courte-echelle-aux-assassins\/","title":{"rendered":"NE FAITES PAS LA COURTE \u00c9CHELLE AUX ASSASSINS."},"content":{"rendered":"<p>NE FAITES PAS LA COURTE \u00c9CHELLE AUX ASSASSINS. Nous avons lu, sur le Site Web : \u00ab La voix de la Syrie \u00bb cet article de Dominique Jamet, publi\u00e9 le 12 juin 2013, qui nous va droit au c\u0153ur, car il rejoint notre propos sur plusieurs points : \u00ab qu\u2019on ne nous parle plus de r\u00e9volution, de printemps, ne faites pas la courte \u00e9chelle aux assassins, etc. \u00bb Nous ne r\u00e9sistons pas \u00e0 l\u2019envie de le publier int\u00e9gralement dans notre espace. Certes, nous ne partageons pas tout, il va sans dire, du propos de Dominique Jamet, mais nous vous laissons \u00e0 votre lecture et \u00e0 vos \u00e9motions, \u00e0 vos propres r\u00e9actions que nous ne voulons pas polluer par nos avis. Nos commentaires sur cet article, nous les r\u00e9servons, pour demain. LVDSV.Il s\u2019appelait Mohammad Qatar. Il avait tout juste quinze ans. Plus tout \u00e0 fait un enfant, pas encore un adulte. Pourtant, il gagnait d\u00e9j\u00e0 sa vie, comme il pouvait. Il tenait une petite \u00e9choppe o\u00f9 il vendait du caf\u00e9, et il avait la langue trop bien pendue.Alors, ils l\u2019ont arr\u00eat\u00e9. Ils l\u2019ont pass\u00e9 \u00e0 tabac. Ils l\u2019ont fouett\u00e9. Ils l\u2019ont tortur\u00e9. Le lendemain, ils l\u2019ont ramen\u00e9 devant sa boutique et l\u00e0, pour l\u2019\u00e9dification de la foule rassembl\u00e9e par leurs soins, sous les yeux de ses propres parents, ils l\u2019ont abattu, d\u2019une balle dans la bouche et d\u2019une balle dans la nuque. Cela se passait dimanche dernier, dans un quartier populaire d\u2019Alep, deuxi\u00e8me ville de Syrie.Et alors ? On sait, et comment pourrions-nous l\u2019ignorer depuis le temps que nos m\u00e9dias et nos gouvernants nous le serinent, que le r\u00e9gime de Bachar el-Assad est capable de tout, et du reste. Seulement voil\u00e0. Mohammad Qatar vivait dans une \u00ab zone lib\u00e9r\u00e9e \u00bb, d\u00e9sormais r\u00e9gie par la charia, et c\u2019est pour avoir lanc\u00e9, au cours d\u2019une discussion avec un passant : \u00ab M\u00eame si le proph\u00e8te revenait du paradis, je ne deviendrais pas croyant \u00bb, qu\u2019il a \u00e9t\u00e9 assassin\u00e9 par des lib\u00e9rateurs islamistes. \u00ab Quiconque blasph\u00e8me ne serait-ce qu\u2019une fois sera puni de la m\u00eame fa\u00e7on \u00bb, ont d\u00e9clar\u00e9 ses bourreaux. \u00c0 bon entendeur, salut\u2026Ainsi, tandis qu\u2019\u00e0 Paris et \u00e0 travers toute la France \u2013 apr\u00e8s la mort violente d\u2019un jeune militant d\u2019extr\u00eame gauche, des suites d\u2019une rixe imb\u00e9cile -, tous les chiens de garde de la R\u00e9publique ameutaient \u00e0 grand renfort d\u2019aboiements l\u2019opinion publique contre la pr\u00e9tendue r\u00e9surgence du danger fasciste et que nous \u00e9tions fermement incit\u00e9s \u00e0 nous pencher avec consternation sur notre si int\u00e9ressant nombril, les fous de Dieu, dont les propos, les pens\u00e9es et les actes sont une insulte permanente \u00e0 la religion et au Dieu dont ils se r\u00e9clament, perp\u00e9traient \u00e0 Alep, au nom de Dieu, un nouveau crime contre l\u2019humanit\u00e9, dans l\u2019indiff\u00e9rence du monde.Nous parlera-t-on encore de r\u00e9volution, osera-t-on encore nous parler de \u00ab printemps \u00bb ? Le Front Al-Nosra discr\u00e9dite et d\u00e9shonore la r\u00e9volution syrienne comme il y a deux cents ans chez nous l\u2019instauration de la Terreur et le r\u00e8gne de la guillotine entachaient et disqualifiaient pour longtemps l\u2019id\u00e9e de R\u00e9publique. \u00c0 d\u00e9faut d\u2019aider le r\u00e9gime de Bachar el-Assad \u00e0 \u00e9craser la r\u00e9bellion, qu\u2019au moins l\u2019assassinat d\u2019un adolescent par des fous furieux nous dissuade de nous m\u00ealer des affaires syriennes et de faire par aveuglement ou en vertu d\u2019injustifiables alliances la courte \u00e9chelle aux assassins !*Dominique JametJournaliste et \u00e9crivain, a pr\u00e9sid\u00e9 la Biblioth\u00e8que de France et a publi\u00e9 plus d\u2019une vingtaine de romans et d\u2019essais.<\/p>\n","protected":false},"excerpt":{"rendered":"<p>NE FAITES PAS LA COURTE \u00c9CHELLE AUX ASSASSINS. Nous avons lu, sur le Site Web : \u00ab La voix de [&hellip;]<\/p>\n","protected":false},"author":1,"featured_media":0,"comment_status":"open","ping_status":"open","sticky":false,"template":"","format":"standard","meta":{"sfsi_plus_gutenberg_text_before_share":"","sfsi_plus_gutenberg_show_text_before_share":"","sfsi_plus_gutenberg_icon_type":"","sfsi_plus_gutenberg_icon_alignemt":"","sfsi_plus_gutenburg_max_per_row":"","site-sidebar-layout":"default","site-content-layout":"","ast-site-content-layout":"default","site-content-style":"default","site-sidebar-style":"default","ast-global-header-display":"","ast-banner-title-visibility":"","ast-main-header-display":"","ast-hfb-above-header-display":"","ast-hfb-below-header-display":"","ast-hfb-mobile-header-display":"","site-post-title":"","ast-breadcrumbs-content":"","ast-featured-img":"","footer-sml-layout":"","ast-disable-related-posts":"","theme-transparent-header-meta":"","adv-header-id-meta":"","stick-header-meta":"","header-above-stick-meta":"","header-main-stick-meta":"","header-below-stick-meta":"","astra-migrate-meta-layouts":"default","ast-page-background-enabled":"default","ast-page-background-meta":{"desktop":{"background-color":"var(--ast-global-color-4)","background-image":"","background-repeat":"repeat","background-position":"center center","background-size":"auto","background-attachment":"scroll","background-type":"","background-media":"","overlay-type":"","overlay-color":"","overlay-opacity":"","overlay-gradient":""},"tablet":{"background-color":"","background-image":"","background-repeat":"repeat","background-position":"center center","background-size":"auto","background-attachment":"scroll","background-type":"","background-media":"","overlay-type":"","overlay-color":"","overlay-opacity":"","overlay-gradient":""},"mobile":{"background-color":"","background-image":"","background-repeat":"repeat","background-position":"center center","background-size":"auto","background-attachment":"scroll","background-type":"","background-media":"","overlay-type":"","overlay-color":"","overlay-opacity":"","overlay-gradient":""}},"ast-content-background-meta":{"desktop":{"background-color":"var(--ast-global-color-5)","background-image":"","background-repeat":"repeat","background-position":"center center","background-size":"auto","background-attachment":"scroll","background-type":"","background-media":"","overlay-type":"","overlay-color":"","overlay-opacity":"","overlay-gradient":""},"tablet":{"background-color":"var(--ast-global-color-5)","background-image":"","background-repeat":"repeat","background-position":"center center","background-size":"auto","background-attachment":"scroll","background-type":"","background-media":"","overlay-type":"","overlay-color":"","overlay-opacity":"","overlay-gradient":""},"mobile":{"background-color":"var(--ast-global-color-5)","background-image":"","background-repeat":"repeat","background-position":"center center","background-size":"auto","background-attachment":"scroll","background-type":"","background-media":"","overlay-type":"","overlay-color":"","overlay-opacity":"","overlay-gradient":""}},"footnotes":""},"categories":[16],"tags":[],"class_list":["post-1415","post","type-post","status-publish","format-standard","hentry","category-archives-cms"],"_links":{"self":[{"href":"https:\/\/lavoiedessansvoix.fr\/lavoie\/wp-json\/wp\/v2\/posts\/1415","targetHints":{"allow":["GET"]}}],"collection":[{"href":"https:\/\/lavoiedessansvoix.fr\/lavoie\/wp-json\/wp\/v2\/posts"}],"about":[{"href":"https:\/\/lavoiedessansvoix.fr\/lavoie\/wp-json\/wp\/v2\/types\/post"}],"author":[{"embeddable":true,"href":"https:\/\/lavoiedessansvoix.fr\/lavoie\/wp-json\/wp\/v2\/users\/1"}],"replies":[{"embeddable":true,"href":"https:\/\/lavoiedessansvoix.fr\/lavoie\/wp-json\/wp\/v2\/comments?post=1415"}],"version-history":[{"count":0,"href":"https:\/\/lavoiedessansvoix.fr\/lavoie\/wp-json\/wp\/v2\/posts\/1415\/revisions"}],"wp:attachment":[{"href":"https:\/\/lavoiedessansvoix.fr\/lavoie\/wp-json\/wp\/v2\/media?parent=1415"}],"wp:term":[{"taxonomy":"category","embeddable":true,"href":"https:\/\/lavoiedessansvoix.fr\/lavoie\/wp-json\/wp\/v2\/categories?post=1415"},{"taxonomy":"post_tag","embeddable":true,"href":"https:\/\/lavoiedessansvoix.fr\/lavoie\/wp-json\/wp\/v2\/tags?post=1415"}],"curies":[{"name":"wp","href":"https:\/\/api.w.org\/{rel}","templated":true}]}}