{"id":1414,"date":"2013-06-15T17:26:00","date_gmt":"2013-06-15T15:26:00","guid":{"rendered":"https:\/\/lavoiedessansvoix.fr\/lavoie\/2013\/06\/15\/archive-petites-precisions-a-propos-de-ne-faites-pas-la-courte-echelle-aux-assassins\/"},"modified":"2013-06-15T17:26:00","modified_gmt":"2013-06-15T15:26:00","slug":"archive-petites-precisions-a-propos-de-ne-faites-pas-la-courte-echelle-aux-assassins","status":"publish","type":"post","link":"https:\/\/lavoiedessansvoix.fr\/lavoie\/2013\/06\/15\/archive-petites-precisions-a-propos-de-ne-faites-pas-la-courte-echelle-aux-assassins\/","title":{"rendered":"PETITES PR\u00c9CISIONS  \u00c0 propos de \u00ab ne faites pas la courte \u00e9chelle aux assassins \u00bb."},"content":{"rendered":"<p>PETITES PR\u00c9CISIONS\u00c0 propos de \u00ab ne faites pas la courte \u00e9chelle aux assassins \u00bb.Nous avons publi\u00e9 hier l\u2019article de Dominique Jamet, parce qu\u2019il se r\u00e9f\u00e8re \u00e0 un fait particuli\u00e8rement odieux et \u00e9clairant sur les v\u00e9ritables enjeux de la guerre civile en Syrie. Non pas une r\u00e9volution, pas une r\u00e9volution d\u00e9mocratique surtout, mais une agression internationale qui, parce que ses fins sont inavouables, doit se galvaniser en faisant appel \u00e0 l\u2019obscurantisme religieux le plus moyen\u00e2geux. Deux consid\u00e9rations nous firent h\u00e9siter \u00e0 le publier. D\u2019abord le recours \u00e0 l\u2019\u00e9motionnel. Nous reprochons aux m\u00e9dias de jouer de cette corde pour annihiler la raison. Nous ne voulions pas tomber dans le m\u00eame travers. Mais nous nous sommes dit ensuite que l\u2019exploitation qui est faite d\u2019eux n\u2019est pas la faute de l\u2019\u00e9motion ni du sensationnel, mais celle des manipulateurs d\u2019opinion. L\u2019\u00e9motion peut-\u00eatre louable quand elle est mise au service de l\u2019intelligence et de la lumi\u00e8re. C\u2019est pourquoi nous avons consenti \u00e0 y sacrifier.Nous avons ren\u00e2cl\u00e9 un peu aussi, \u00e0 la lecture de l\u2019article de Dominique Jamet, \u00e0 propos du parall\u00e8le qu\u2019il fait avec la mort de Cl\u00e9ment Meric \u00e0 Paris. Certes il a fondamentalement raison sur le fond. Comment ceux qui s\u2019\u00e9meuvent de celle-ci peuvent-ils taire l\u2019autre. Mais nous avons craint qu\u2019il y ait une volont\u00e9 de minimiser l\u2019\u00e9v\u00e8nement parisien, d\u2019excuser quelque peu ses auteurs. Nous avons lu et relu maintes fois le passage incrimin\u00e9. Nous avons conclu que telle n\u2019\u00e9tait pas l\u2019intention de l\u2019auteur.Notre seule v\u00e9ritable controverse avec Dominique Jamet porte donc \u00e0 la fois, sur le parall\u00e8le qu\u2019il \u00e9tablit entre \u00ab la Terreur \u00bb dans la R\u00e9volution fran\u00e7aise et l\u2019action du \u00ab Front Al Nosra \u00bb aujourd\u2019hui en Syrie, autant que sur le jugement de valeur qu\u2019il \u00e9met \u00e0 propos de cette p\u00e9riode cit\u00e9e de notre histoire. Ce parall\u00e8le nous parait impropre et insultant pour cette page certes douloureuse, mais non moins inscrite dans la marche en avant de l\u2019histoire. La \u00ab Terreur \u00bb du \u00ab Front Al Nosra \u00bb s\u2019inscrit elle dans la marche en arri\u00e8re de l\u2019histoire et se justifie par l\u2019obscurantisme religieux. Ce rapprochement est donc \u00e0 peu pr\u00e8s aussi inappropri\u00e9 que si l\u2019auteur avait voulu renvoyer dos \u00e0 dos les violences de \u00ab la Saint Barth\u00e9l\u00e9my \u00bb et celles \u00ab de la terreur \u00bbLe jugement de valeur est lui d\u00e9suet au tribunal de l\u2019histoire. La \u00ab Terreur \u00bb a probablement entach\u00e9, comme l\u2019affirme Dominique Jamet, l\u2019id\u00e9e de la R\u00e9publique, mais avant, elle l\u2019a surtout accomplie. La R\u00e9publique fran\u00e7aise n\u2019aurait pas \u00e9tait ce qu\u2019elle fut et n\u2019aurait pas eu la force \u00ab messianique \u00bb qui fut un temps la sienne, sans ce recours au scalpel de l\u2019histoire. 14 juin 2013.<\/p>\n","protected":false},"excerpt":{"rendered":"<p>PETITES PR\u00c9CISIONS\u00c0 propos de \u00ab ne faites pas la courte \u00e9chelle aux assassins \u00bb.Nous avons publi\u00e9 hier l\u2019article de Dominique [&hellip;]<\/p>\n","protected":false},"author":1,"featured_media":0,"comment_status":"open","ping_status":"open","sticky":false,"template":"","format":"standard","meta":{"sfsi_plus_gutenberg_text_before_share":"","sfsi_plus_gutenberg_show_text_before_share":"","sfsi_plus_gutenberg_icon_type":"","sfsi_plus_gutenberg_icon_alignemt":"","sfsi_plus_gutenburg_max_per_row":"","site-sidebar-layout":"default","site-content-layout":"","ast-site-content-layout":"default","site-content-style":"default","site-sidebar-style":"default","ast-global-header-display":"","ast-banner-title-visibility":"","ast-main-header-display":"","ast-hfb-above-header-display":"","ast-hfb-below-header-display":"","ast-hfb-mobile-header-display":"","site-post-title":"","ast-breadcrumbs-content":"","ast-featured-img":"","footer-sml-layout":"","ast-disable-related-posts":"","theme-transparent-header-meta":"","adv-header-id-meta":"","stick-header-meta":"","header-above-stick-meta":"","header-main-stick-meta":"","header-below-stick-meta":"","astra-migrate-meta-layouts":"default","ast-page-background-enabled":"default","ast-page-background-meta":{"desktop":{"background-color":"var(--ast-global-color-4)","background-image":"","background-repeat":"repeat","background-position":"center center","background-size":"auto","background-attachment":"scroll","background-type":"","background-media":"","overlay-type":"","overlay-color":"","overlay-opacity":"","overlay-gradient":""},"tablet":{"background-color":"","background-image":"","background-repeat":"repeat","background-position":"center center","background-size":"auto","background-attachment":"scroll","background-type":"","background-media":"","overlay-type":"","overlay-color":"","overlay-opacity":"","overlay-gradient":""},"mobile":{"background-color":"","background-image":"","background-repeat":"repeat","background-position":"center center","background-size":"auto","background-attachment":"scroll","background-type":"","background-media":"","overlay-type":"","overlay-color":"","overlay-opacity":"","overlay-gradient":""}},"ast-content-background-meta":{"desktop":{"background-color":"var(--ast-global-color-5)","background-image":"","background-repeat":"repeat","background-position":"center center","background-size":"auto","background-attachment":"scroll","background-type":"","background-media":"","overlay-type":"","overlay-color":"","overlay-opacity":"","overlay-gradient":""},"tablet":{"background-color":"var(--ast-global-color-5)","background-image":"","background-repeat":"repeat","background-position":"center center","background-size":"auto","background-attachment":"scroll","background-type":"","background-media":"","overlay-type":"","overlay-color":"","overlay-opacity":"","overlay-gradient":""},"mobile":{"background-color":"var(--ast-global-color-5)","background-image":"","background-repeat":"repeat","background-position":"center center","background-size":"auto","background-attachment":"scroll","background-type":"","background-media":"","overlay-type":"","overlay-color":"","overlay-opacity":"","overlay-gradient":""}},"footnotes":""},"categories":[16],"tags":[],"class_list":["post-1414","post","type-post","status-publish","format-standard","hentry","category-archives-cms"],"_links":{"self":[{"href":"https:\/\/lavoiedessansvoix.fr\/lavoie\/wp-json\/wp\/v2\/posts\/1414","targetHints":{"allow":["GET"]}}],"collection":[{"href":"https:\/\/lavoiedessansvoix.fr\/lavoie\/wp-json\/wp\/v2\/posts"}],"about":[{"href":"https:\/\/lavoiedessansvoix.fr\/lavoie\/wp-json\/wp\/v2\/types\/post"}],"author":[{"embeddable":true,"href":"https:\/\/lavoiedessansvoix.fr\/lavoie\/wp-json\/wp\/v2\/users\/1"}],"replies":[{"embeddable":true,"href":"https:\/\/lavoiedessansvoix.fr\/lavoie\/wp-json\/wp\/v2\/comments?post=1414"}],"version-history":[{"count":0,"href":"https:\/\/lavoiedessansvoix.fr\/lavoie\/wp-json\/wp\/v2\/posts\/1414\/revisions"}],"wp:attachment":[{"href":"https:\/\/lavoiedessansvoix.fr\/lavoie\/wp-json\/wp\/v2\/media?parent=1414"}],"wp:term":[{"taxonomy":"category","embeddable":true,"href":"https:\/\/lavoiedessansvoix.fr\/lavoie\/wp-json\/wp\/v2\/categories?post=1414"},{"taxonomy":"post_tag","embeddable":true,"href":"https:\/\/lavoiedessansvoix.fr\/lavoie\/wp-json\/wp\/v2\/tags?post=1414"}],"curies":[{"name":"wp","href":"https:\/\/api.w.org\/{rel}","templated":true}]}}