{"id":1413,"date":"2013-06-16T18:00:00","date_gmt":"2013-06-16T16:00:00","guid":{"rendered":"https:\/\/lavoiedessansvoix.fr\/lavoie\/2013\/06\/16\/archive-turquie-le-sacre-du-printemps\/"},"modified":"2013-06-16T18:00:00","modified_gmt":"2013-06-16T16:00:00","slug":"archive-turquie-le-sacre-du-printemps","status":"publish","type":"post","link":"https:\/\/lavoiedessansvoix.fr\/lavoie\/2013\/06\/16\/archive-turquie-le-sacre-du-printemps\/","title":{"rendered":"TURQUIE : LE SACRE DU PRINTEMPS ?"},"content":{"rendered":"<p>TURQUIE : LE SACRE DU PRINTEMPS ?On se souvient que le soul\u00e8vement tunisien qui s\u2019\u00e9tait produit en d\u00e9cembre 2010 et la mobilisation populaire \u00e9gyptienne en f\u00e9vrier 2011, au plus creux de l\u2019hiver, avaient eu droit aux jolies appellations de \u00ab r\u00e9volution du jasmin \u00bb ou \u00ab de \u00ab printemps arabe \u00bb. La Turquie se soul\u00e8ve \u00e0 son tour. Nous sommes fin mai et d\u00e9but juin 2013.  Enfin se dit-on, un printemps social en synchronisme parfait avec le calendrier. Pourtant, on n\u2019entend gu\u00e8re parler de \u00ab printemps turc \u00bb. Mais o\u00f9 est donc pass\u00e9 le printemps arabe ?D\u2019ailleurs, on n\u2019entend pas parler non plus de printemps arabe. Les \u00e9v\u00e8nements turcs n\u2019en sont-ils pas le prolongement, le rebond ? Le printemps arabe \u00e9tait cens\u00e9 subvertir le \u00ab monde arabo-musulman \u00bb. Alors certes la Turquie n\u2019est pas arabe, mais que l\u2019on s\u2019en souvienne, ne nous annon\u00e7ait-on pas d\u00e9but 2011, que le \u00ab fameux printemps arabe \u00bb, allait soulever l\u2019Iran aussi. Or l\u2019Iran Persan n\u2019est pas plus arabe que la Turquie. Ce d\u00e9tail n\u2019\u00e9tait pas alors de nature \u00e0 troubler les envol\u00e9es lyriques des propagandistes de \u00ab la subversion d\u00e9mocratique \u00bb. Alors, c\u2019est vrai, la Turquie n\u2019est pas arabe, mais, comme l\u2019Iran, elle appartient au monde musulman, \u00e0 l\u2019espace islamique, au demeurant, elle a avec le monde arabe un long pass\u00e9 commun historique, politique, culturel, identitaire, h\u00e9ritage de \u00ab l\u2019Empire ottoman\u00bb. Cela ne justifierait-il pas que \u00ab le printemps arabe \u00bb se soit cherch\u00e9 un deuxi\u00e8me souffle dans la p\u00e9ninsule Anatolienne ? Mais non, nul, \u00e0 propos des \u00e9v\u00e8nements turcs, ne parle plus de \u00ab printemps arabe \u00bb.Pire m\u00eame, Laurent Fabius, qui d\u00e9cid\u00e9ment se distingue en ce moment par ses outrances, l&rsquo;affirme tout net, il n\u2019y a pas de printemps turc : \u00ab La France garde un \u0153il attentif sur la Turquie, mais se refuse aux comparaisons h\u00e2tives. Interrog\u00e9, mercredi 12 juin sur France 2, sur les violences et la contestation qui monte en Turquie, Laurent Fabius a ainsi estim\u00e9 qu&rsquo;on ne pouvait pas parler de \u00ab\u00a0printemps turc\u00a0\u00bb, en r\u00e9f\u00e9rence au \u00ab\u00a0printemps arabe\u00a0\u00bb : \u00ab\u00a0Ce n&rsquo;est pas le m\u00eame ph\u00e9nom\u00e8ne, la Turquie est en d\u00e9veloppement \u00e9conomique en plus le gouvernement de M. Erdogan  a \u00e9t\u00e9 \u00e9lu d\u00e9mocratiquement, ce qui n&rsquo;\u00e9tait pas le cas de M. Moubarak ou de M. Ben Ali. \u00bb Pourquoi cet ostracisme ? Pourquoi ce manque d\u2019enthousiasme ? Les po\u00e8tes de la propagande imp\u00e9rialiste auraient-ils aval\u00e9 leur oiseau ?Pourquoi refusent-ils de lui d\u00e9cerner le label : \u00ab printemps turc ? \u00bb\u00ab Ils \u00bb, nous voulons parler des m\u00e9dias et des responsables politiques occidentaux dithyrambiques qui nous faisaient des roucoulades de plaisir \u00e0 propos du pr\u00e9tendu printemps arabe et de la \u00ab r\u00e9volution d\u00e9mocratique \u00bb par laquelle les peuples de cette r\u00e9gion du monde reconnaissaient enfin la sup\u00e9riorit\u00e9 politique de l\u2019Occident. \u00ab Ils \u00bb ont \u00e9t\u00e9 \u00e9chaud\u00e9s. La subversion d\u00e9mocratique arabe c\u2019est mu\u00e9e en simple transition politique au profit des partis musulmans sunnites fondamentalistes. Quant \u00e0 l\u2019offensive de subversion militaire des rares r\u00e9gimes la\u00efques du Moyen-Orient, il n\u2019est plus impossible \u00e0 pr\u00e9sent qu\u2019elle se brise en Syrie sur la r\u00e9sistance du pouvoir l\u00e9gal. Eh puis, la Turquie n\u2019est-elle pas d\u00e9j\u00e0 une d\u00e9mocratie ? Va-t-on donner des le\u00e7ons de d\u00e9mocratie \u00e0 la d\u00e9mocratie ? Si Erdogan n\u2019est pas gentil, les USA menaceront-ils demain la Turquie membre de l\u2019OTAN, d\u2019une intervention de l\u2019OTAN  ? Enfin, ceux qui manifestent en Turquie, ne sont pas \u2018de vrais d\u00e9mocrates \u00bb, ne sont pas mues par les officines d\u00e9mocratiques qui op\u00e8rent sur\u00ab le web \u00bb, \u00e0 croire m\u00eame que les Turcs ne sont pas reli\u00e9s \u00e0 la \u00ab blogosph\u00e8re \u00bb. C\u2019est un autre monde, un autre visage de la subversion sociale qui fait l\u00e0 son apparition. Le visage patibulaire du \u00ab peuple \u00bb et \u00ab de la racaille \u00bb, la r\u00e9volte \u00ab des classes dangereuses \u00bb qui terrorise tous les vrais d\u00e9mocrates du monde dispos\u00e9s \u00e0 soutenir toute r\u00e9volution, \u00e0 la condition expresse qu\u2019elle ne change rien \u00e0 l\u2019ordre social. Voil\u00e0 pourquoi \u00ab ils \u00bb sont cois, et ont aval\u00e9 leur bel \u00ab instrument \u00bb. S\u2019ils donnent de la voix \u00e0 nouveau, gageons que ce sera pour \u00e9ructer leur haine de \u00ab cette r\u00e9volution l\u00e0 \u00bb.. Le vrai fond des choses.Et pourtant, quoi qu\u2019en dise l\u2019abominable monsieur Fabius, il y a bien un lien entre les subversions arabes de l\u2019hiver 2011 et \u00ab ce printemps turc \u00bb. Un lien qui n\u2019a rien \u00e0 voir certes avec \u00ab l\u2019id\u00e9al d\u00e9mocratique occidental \u00bb, ni avec l\u2019appartenance \u00e0 un peuple, \u00e0 une religion ou \u00e0 une culture. Toutes ces choses qui peuvent certes jeter des ponts, mais n\u2019expliquent que peu le fond. Le fond, c\u2019est \u00e0 n\u2019en pas douter, les in\u00e9galit\u00e9s sociales, la crise, la r\u00e9cession, la mis\u00e8re et le mal-\u00eatre social. C\u2019\u00e9tait en v\u00e9rit\u00e9 la toile de fond de la r\u00e9volte tunisienne, m\u00eame si elle a \u00e9t\u00e9 occult\u00e9e apr\u00e8s par les man\u0153uvres d\u2019une transition politique pilot\u00e9e. C\u2019\u00e9tait la toile de fond de la mobilisation \u00e9gyptienne, m\u00eame si les couches populaires les plus d\u00e9favoris\u00e9es sont rest\u00e9es en retrait du mouvement.Avec les subversions arabes, on pouvait encore croire, ou faire semblant de croire que la cause premi\u00e8re des soul\u00e8vements \u00e9tait \u00ab le d\u00e9ficit d\u00e9mocratique \u00bb. Cela est d\u00e9j\u00e0 moins ais\u00e9 avec la subversion turque. Les causes socio-\u00e9conomiques de l\u2019agitation des peuples sont de plus en plus \u00e9videntes, et c\u2019est cela qui inqui\u00e8te les champions de la \u00ab d\u00e9mocratie \u00bb. Ils veulent bien, ils en maitrisent parfaitement la m\u00e9canique, donner \u00e0 \u00ab bouffer \u00bb aux peuples du suffrage universel, et de nouvelles g\u00e9n\u00e9rations de dictateurs, mais ils ne veulent rien l\u00e2cher, pas une part, m\u00eame infime, de la richesse sociale qu\u2019ils accaparent comme des bandits et dont ils se persuadent qu\u2019elle leur est due.Entre Charybde et Scylla. Les puissances occidentales, \u00c9tats-Unis en t\u00eate, ont accueilli avec enthousiasme le soul\u00e8vement du peuple tunisien, puis ils ont facilit\u00e9 le d\u00e9clenchement et soutenu la subversion \u00e9gyptienne. Il leur fallait cette toile de fond et ces alibis populaires pour justifier au nom \u00ab de la r\u00e9volution \u00bb, leurs agressions contre les r\u00e9gimes la\u00efques arabes honnis d\u2019eux-m\u00eames et de leurs alli\u00e9s isra\u00e9liens. Ils avaient m\u00eame d\u00e9fini la r\u00e9gion du monde, c\u2019\u00e9tait le monde arabo-musulman, l\u2019Iran y \u00e9tait inclus, o\u00f9 la subversion des peuples devait faire tache d\u2019huile. Mais n\u2019\u00e9tait-ce pas m\u00e9conna\u00eetre l\u2019huile et la r\u00e9volution ? Premier \u00e9chec \u00ab du printemps arabe \u00bb l\u2019Iran n\u2019a pas boug\u00e9, pas la moindre petite flamme de r\u00e9volution d\u00e9mocratique iranienne au secours de laquelle l\u2019occident eut tant aim\u00e9 se pr\u00e9cipiter. Deuxi\u00e8me \u00e9chec \u00ab du printemps arabe \u00bb la Libye, pas de soul\u00e8vement populaire dans ce pays non plus, seule l\u2019intervention militaire occidentale a pu in extremis sauver l\u2019illusion \u00ab d\u2019une r\u00e9volution libyenne \u00bb. Troisi\u00e8me \u00e9chec \u00ab du printemps arabe \u00bb la Syrie. Malgr\u00e9 un d\u00e9but de sc\u00e9nario semblable \u00e0 celui de la Libye, occultation rapide de la mobilisation populaire par une r\u00e9bellion arm\u00e9e foment\u00e9e et soutenue par l\u2019Arabie Saoudite, le Qatar, la Turquie, Isra\u00ebl et les puissances occidentales, le r\u00e9gime l\u00e9gal a r\u00e9sist\u00e9 et r\u00e9siste encore. L\u2019offensive de la d\u00e9stabilisation s\u2019est heurt\u00e9e l\u00e0 \u00e0 un \u00e9cueil dont elle avait pens\u00e9 pouvoir venir \u00e0 bout, celui de la fermet\u00e9 russe et chinoise sous-tendue par l\u2019importance des enjeux g\u00e9ostrat\u00e9giques dans cette r\u00e9gion du monde. \u00c0 d\u00e9faut de faire c\u00e9der la diplomatie russe, on se souvient que les USA, leurs alli\u00e9s et leurs officines ont m\u00eame tent\u00e9 de pousser le \u00ab souffle du printemps arabe \u00bb jusqu\u2019en Russie en y encourageant une tentative de d\u00e9stabilisation d\u00e9mocratique \u00bb avant que Vladimir Poutine ne reprenne la main. La fermet\u00e9 russo-chinoise, la r\u00e9sistance du r\u00e9gime baasiste en Syrie sont plus qu\u2019un simple \u00e9chec de l\u2019offensive am\u00e9ricano-occidentale, ils marquent un tournant, de la situation mondiale et pourrait peut-\u00eatre m\u00eame ouvrir la voie \u00e0 un renversement total de situation dans le monde \u00ab arabo-musulman \u00bb, voire au-del\u00e0. Les prises de position r\u00e9centes des certains Muftis ou Imams se d\u00e9marquant des appels au \u00ab jihad \u00bb contre la Syrie et le Hezbollah, celles des Brigades al Qassam (branche arm\u00e9e du Hamas), affirmant leur fid\u00e9lit\u00e9 \u00e0 l\u2019axe Iran Hezbollah, t\u00e9moignent d\u2019un d\u00e9placement de la ligne de fracture. Il n\u2019est pas dit que les peuples arabes, de confession musulmane sunnite, se laissent majoritairement embarquer dans l\u2019aventure d\u2019une guerre fratricide. Auquel cas ils pourraient bien se retourner comme un boomerang contre les aventuriers qui veulent les pr\u00e9cipiter dans cette absurde boucherie.La subversion est une pand\u00e9mie.Les puissances imp\u00e9rialistes occidentales, les forces de la r\u00e9action internationale ont jou\u00e9 \u00e0 \u00ab la r\u00e9volution \u00bb, elles ont jou\u00e9 avec des allumettes. La r\u00e9volution de 1848, celle qui fut selon Marx et Engels, l\u2019occasion de la premi\u00e8re apparition de \u00ab la classe ouvri\u00e8re \u00bb sur la sc\u00e8ne de l\u2019histoire, n\u2019avait-elle pas embras\u00e9 toute l\u2019Europe de Paris \u00e0 Vienne ? Le puissant souffle de la r\u00e9volution russe ne fut contenu en Hongrie, en Italie, en Allemagne, que par des r\u00e9pressions sanglantes et le recours au fascisme. Au lendemain de la Deuxi\u00e8me Guerre mondiale, la mobilisation anticoloniale des peuples se r\u00e9pandit comme une \u00e9pid\u00e9mie \u00e0 la surface du globe. Pour contenir l\u2019esprit subversif de la r\u00e9volution cubaine en Am\u00e9rique latine, les USA eurent recours \u00e0 la \u00ab technique des coups d\u2019\u00c9tat pr\u00e9ventifs \u00bb. Plus pr\u00e8s de nous, le printemps fran\u00e7ais, celui qui est rest\u00e9 dans l\u2019Histoire comme \u00ab mai 68 \u00bb, malgr\u00e9 son \u00e9chec, a largement d\u00e9bord\u00e9 les fronti\u00e8res de notre nombril hexagonal induisant le \u00ab mai rampant italien \u00bb, le Printemps de Prague, etc. ; pour aboutir \u00e0 la \u00ab r\u00e9volution des \u0153illets \u00bb au Portugal. Aux gr\u00e8ves de novembre, d\u00e9cembre 95 en France r\u00e9pondit en Allemagne l\u2019\u00e9cho d\u2019une vaste mobilisation \u00e0 Bonn o\u00f9 deux millions de manifestants criaient dans la langue de Goethe : \u00ab Parlons fran\u00e7ais\u00bb. Port\u00e9es par l\u2019enthousiasme de leurs premiers succ\u00e8s en Tunisie et en \u00c9gypte, les puissances imp\u00e9rialistes occidentales auraient-elles oubli\u00e9 que la subversion est une pand\u00e9mie ?Le \u00ab printemps turc \u00bb pr\u00e9mices du \u00ab printemps des peuples \u00bb?Mais alors, si le vrai fond des choses c\u2019est les in\u00e9galit\u00e9s, la crise la mis\u00e8re et le mal-\u00eatre social, et si de plus la subversion est une pand\u00e9mie, alors, n\u2019y-a-t-il pas autant de passerelles possibles entre le \u00ab printemps turc \u00bb et les peuples europ\u00e9ens en souffrance, qu\u2019il y en a entre celui-ci et les subversions populaires qui l\u2019ont pr\u00e9c\u00e9d\u00e9e, en Tunisie et en \u00c9gypte ? C\u2019est dire que le \u00ab printemps turc \u00bb pourrait bien \u00eatre le pont historique entre \u00ab le printemps arabe \u00bb de l\u2019hiver 2011 et \u00ab le printemps europ\u00e9en \u00bb en gestation. Voil\u00e0 une bien bonne raison aux m\u00e9dias occidentaux de \u00ab mettre en veilleuse \u00bb,et \u00e0 Monsieur Fabius de faire un pas de plus dans l\u2019abjection.16 juin 2013.<\/p>\n","protected":false},"excerpt":{"rendered":"<p>TURQUIE : LE SACRE DU PRINTEMPS ?On se souvient que le soul\u00e8vement tunisien qui s\u2019\u00e9tait produit en d\u00e9cembre 2010 et [&hellip;]<\/p>\n","protected":false},"author":1,"featured_media":0,"comment_status":"open","ping_status":"open","sticky":false,"template":"","format":"standard","meta":{"sfsi_plus_gutenberg_text_before_share":"","sfsi_plus_gutenberg_show_text_before_share":"","sfsi_plus_gutenberg_icon_type":"","sfsi_plus_gutenberg_icon_alignemt":"","sfsi_plus_gutenburg_max_per_row":"","site-sidebar-layout":"default","site-content-layout":"","ast-site-content-layout":"default","site-content-style":"default","site-sidebar-style":"default","ast-global-header-display":"","ast-banner-title-visibility":"","ast-main-header-display":"","ast-hfb-above-header-display":"","ast-hfb-below-header-display":"","ast-hfb-mobile-header-display":"","site-post-title":"","ast-breadcrumbs-content":"","ast-featured-img":"","footer-sml-layout":"","ast-disable-related-posts":"","theme-transparent-header-meta":"","adv-header-id-meta":"","stick-header-meta":"","header-above-stick-meta":"","header-main-stick-meta":"","header-below-stick-meta":"","astra-migrate-meta-layouts":"default","ast-page-background-enabled":"default","ast-page-background-meta":{"desktop":{"background-color":"var(--ast-global-color-4)","background-image":"","background-repeat":"repeat","background-position":"center center","background-size":"auto","background-attachment":"scroll","background-type":"","background-media":"","overlay-type":"","overlay-color":"","overlay-opacity":"","overlay-gradient":""},"tablet":{"background-color":"","background-image":"","background-repeat":"repeat","background-position":"center center","background-size":"auto","background-attachment":"scroll","background-type":"","background-media":"","overlay-type":"","overlay-color":"","overlay-opacity":"","overlay-gradient":""},"mobile":{"background-color":"","background-image":"","background-repeat":"repeat","background-position":"center center","background-size":"auto","background-attachment":"scroll","background-type":"","background-media":"","overlay-type":"","overlay-color":"","overlay-opacity":"","overlay-gradient":""}},"ast-content-background-meta":{"desktop":{"background-color":"var(--ast-global-color-5)","background-image":"","background-repeat":"repeat","background-position":"center center","background-size":"auto","background-attachment":"scroll","background-type":"","background-media":"","overlay-type":"","overlay-color":"","overlay-opacity":"","overlay-gradient":""},"tablet":{"background-color":"var(--ast-global-color-5)","background-image":"","background-repeat":"repeat","background-position":"center center","background-size":"auto","background-attachment":"scroll","background-type":"","background-media":"","overlay-type":"","overlay-color":"","overlay-opacity":"","overlay-gradient":""},"mobile":{"background-color":"var(--ast-global-color-5)","background-image":"","background-repeat":"repeat","background-position":"center center","background-size":"auto","background-attachment":"scroll","background-type":"","background-media":"","overlay-type":"","overlay-color":"","overlay-opacity":"","overlay-gradient":""}},"footnotes":""},"categories":[16],"tags":[],"class_list":["post-1413","post","type-post","status-publish","format-standard","hentry","category-archives-cms"],"_links":{"self":[{"href":"https:\/\/lavoiedessansvoix.fr\/lavoie\/wp-json\/wp\/v2\/posts\/1413","targetHints":{"allow":["GET"]}}],"collection":[{"href":"https:\/\/lavoiedessansvoix.fr\/lavoie\/wp-json\/wp\/v2\/posts"}],"about":[{"href":"https:\/\/lavoiedessansvoix.fr\/lavoie\/wp-json\/wp\/v2\/types\/post"}],"author":[{"embeddable":true,"href":"https:\/\/lavoiedessansvoix.fr\/lavoie\/wp-json\/wp\/v2\/users\/1"}],"replies":[{"embeddable":true,"href":"https:\/\/lavoiedessansvoix.fr\/lavoie\/wp-json\/wp\/v2\/comments?post=1413"}],"version-history":[{"count":0,"href":"https:\/\/lavoiedessansvoix.fr\/lavoie\/wp-json\/wp\/v2\/posts\/1413\/revisions"}],"wp:attachment":[{"href":"https:\/\/lavoiedessansvoix.fr\/lavoie\/wp-json\/wp\/v2\/media?parent=1413"}],"wp:term":[{"taxonomy":"category","embeddable":true,"href":"https:\/\/lavoiedessansvoix.fr\/lavoie\/wp-json\/wp\/v2\/categories?post=1413"},{"taxonomy":"post_tag","embeddable":true,"href":"https:\/\/lavoiedessansvoix.fr\/lavoie\/wp-json\/wp\/v2\/tags?post=1413"}],"curies":[{"name":"wp","href":"https:\/\/api.w.org\/{rel}","templated":true}]}}