{"id":1411,"date":"2013-06-20T12:13:00","date_gmt":"2013-06-20T10:13:00","guid":{"rendered":"https:\/\/lavoiedessansvoix.fr\/lavoie\/2013\/06\/20\/archive-veme-republique-et-republique-islamique-de-surprenantes-similitudes\/"},"modified":"2013-06-20T12:13:00","modified_gmt":"2013-06-20T10:13:00","slug":"archive-veme-republique-et-republique-islamique-de-surprenantes-similitudes","status":"publish","type":"post","link":"https:\/\/lavoiedessansvoix.fr\/lavoie\/2013\/06\/20\/archive-veme-republique-et-republique-islamique-de-surprenantes-similitudes\/","title":{"rendered":"V\u00e8me  R\u00c9PUBLIQUE ET R\u00c9PUBLIQUE ISLAMIQUE : DE SURPRENANTES SIMILITUDES"},"content":{"rendered":"<p>V\u00e8me  R\u00c9PUBLIQUE ET R\u00c9PUBLIQUE ISLAMIQUE :DE SURPRENANTES SIMILITUDESBon, nous en sommes conscients, dit comme \u00e7a, de but en blanc, cela peut surprendre et m\u00eame choquer ceux qui sont convaincus de la sup\u00e9riorit\u00e9 de nos institutions sur celles \u00ab d\u2019une th\u00e9ocratie moyen\u00e2geuse \u00bb \u00e0 leur sens. Et pourtant, si l\u2019on accepte d\u2019occulter un moment notre morgue occidentale d\u2019ancienne puissance coloniale et que l\u2019on examine les choses avec une rigueur toute scientifique, ces similitudes sautent aux yeux.Les derniers \u00e9v\u00e8nements que constituent la s\u00e9quence des \u00e9lections pr\u00e9sidentielles en Iran et la victoire d\u00e8s le premier tour du \u00ab candidat mod\u00e9r\u00e9 \u00bb viennent d\u2019en administrer des preuves intangibles. L\u2019Iran, selon la lecture de l\u2019Occident imp\u00e9rialiste, est une \u00ab dictature th\u00e9ocratique \u00bb. \u00ab Quel que soit le vainqueur de l&rsquo;\u00e9lection pr\u00e9sidentielle en Iran, le vainqueur sera l&rsquo;ayatollah Ali Khamenei \u00bb. Titrait \u00ab Le Point.fr \u00bb (14 et 15 juin 2913), qui d\u00e9veloppait doctement : \u00ab le v\u00e9ritable pouvoir est entre les mains du Guide. Le pr\u00e9sident de la R\u00e9publique n&rsquo;est, en fait, qu&rsquo;un premier ministre, qui n&rsquo;a pas d&rsquo;autorit\u00e9 sur les grandes institutions : l&rsquo;arm\u00e9e, les forces de s\u00e9curit\u00e9, la police, les gardiens de la r\u00e9volution, les m\u00e9dias, les grandes fondations (qui disposent de beaucoup d&rsquo;argent dont le gouvernement ne contr\u00f4le pas l&rsquo;utilisation). Mais \u00ab Le Point \u00bb, les m\u00e9dias papiers et audiovisuels occidentaux, qui r\u00e9p\u00e8tent \u00e0 longueurs de colonnes et d\u2019\u00e9missions, ces m\u00eames antiennes \u00e9cul\u00e9es, bien qu\u2019ils n\u2019y prennent pas garde, en d\u00e9crivant la \u00ab situation institutionnelle de \u00ab la R\u00e9publique islamique \u00bb, que nous ne contestons pas, ne font rien moins que de d\u00e9crire notre propre r\u00e9alit\u00e9 institutionnelle. Le pr\u00e9sident de la R\u00e9publique iranienne ne d\u00e9tient pas la r\u00e9alit\u00e9 du pouvoir, soit ! Le pr\u00e9sident de la R\u00e9publique fran\u00e7aise non plus.  Le v\u00e9ritable pouvoir est ailleurs en Iran, dans les mains du \u00ab guide supr\u00eame \u00bb l\u2019ayatollah Khamenei ? Exactement comme chez nous, \u00e0 ceci pr\u00e8s que ce sont ici les banquiers, une poign\u00e9e de grands d\u00e9cideurs de la finance internationale, qui d\u00e9tiennent les pouvoirs r\u00e9els. A chacun \u00ab son guide \u00bb en Perse \u00ab un homme de Dieu \u00bb, ici \u00ab les grands pr\u00eatres du veau d\u2019or \u00bb.En v\u00e9rit\u00e9, tous les \u00ab r\u00e9gimes d\u00e9mocratiques modernes \u00bb fonctionnent, de plus en plus, selon le m\u00eame sch\u00e9ma. Celui du \u00ab bonapartisme \u00e9lectif \u00bb, soit, l\u2019\u00e9lection d\u2019un homme, pr\u00e9sident ou premier ministre au suffrage universel, qui l\u2019investit de la souverainet\u00e9 dont le peuple se dessaisit ainsi. Sauf \u00e0 \u00eatre \u00e9lu d\u00e8s le premier tour, comme cela vient de se produire pour l\u2019Ayatollah Rouhani en Iran, 2 candidats restent le plus souvent en lice au second tour. Tri\u00e9s, pr\u00e9s\u00e9lectionn\u00e9s par divers filtres et m\u00e9canismes politiques et institutionnels, ils ont acquis, tout deux, parvenus \u00e0 ce stade, la \u00ab qualit\u00e9 \u00bb de \u00ab candidats du syst\u00e8me \u00bb. C\u2019est dire qu\u2019ils ont fait all\u00e9geances aux institutions et promis de les d\u00e9fendre. Un et l\u2019autre ont d\u00fb s\u2019engager \u00e0 respecter les alliances fondamentales de leur pays, et dans le domaine \u00e9conomique, l\u2019un comme l\u2019autre ont d\u00fb donner l\u2019assurance, de faire \u00e0 peu de d\u00e9tails pr\u00e8s la politique lib\u00e9rale mondialiste. La victoire de l\u2019un ou l\u2019autre est donc en v\u00e9rit\u00e9 \u00e0 peu pr\u00e8s indiff\u00e9rente aux pouvoirs r\u00e9els qui, de toute fa\u00e7on, gagnent ainsi \u00e0 tous les coups et sont assur\u00e9s de rester \u00ab les v\u00e9ritables maitres \u00bb. Seules des fractions partisanes des peuples abus\u00e9s s\u2019enthousiasment encore pour la victoire de leur favori, de droite ou de gauche, dont ils se rendront compte bient\u00f4t qu\u2019ils sont en v\u00e9rit\u00e9 \u00ab comme cul et chemise \u00bb et font exactement la m\u00eame politiquePrenant le contre-pied de tous les commentaires acrimonieux des m\u00e9dias occidentaux, n\u2019est-ce pas la preuve de sa modernit\u00e9, et de sa grande intelligence politique, que la R\u00e9publique Islamique d&rsquo;Iran vient d\u2019administrer au monde ?  Elle a parfaitement su s\u2019approprier les m\u00e9canismes institutionnels qui font la fiert\u00e9 \u00ab des d\u00e9mocraties occidentales \u00bb et les retailler selon les besoins de sa nature. Elle a propos\u00e9, au suffrage universel deux candidats \u00ab de son syst\u00e8me \u00bb, donnant tout comme chez nous, en France (aux \u00c9tats-Unis, ou en Grande-Bretagne), l\u2019illusion d\u00e9mocratique du suffrage universel, tout en assurant sa continuit\u00e9 institutionnelle et en p\u00e9rennisant son syst\u00e8me d\u2019alliance et ses engagements internationaux. \u00ab Conservateurs \u00bb et \u00ab mod\u00e9r\u00e9s \u00bb ? La R\u00e9publique islamique serait-elle en passe d\u2019inventer \u00e0 son usage, \u00ab l\u2019alternance politique \u00bb, \u00e0 laquelle la France elle-m\u00eame n\u2019a acc\u00e9d\u00e9 que laborieusement dans les ann\u00e9es 1990 ?Bon, encore un petit effort, amis iraniens*, encouragez, facilitez la cr\u00e9ation de deux v\u00e9ritables partis politiques : \u00ab conservateurs\/mod\u00e9r\u00e9s \u00bb, \u00ab droite\/gauche \u00bb, \u00ab r\u00e9publicains\/d\u00e9mocrates \u00bb,  peu importe l\u2019appellation, elle d\u00e9pend de la culture et de l\u2019histoire politique nationale. Deux partis, qui ne seront en v\u00e9rit\u00e9 que les deux bras politiques du m\u00eame corps institutionnel, et qui se succ\u00e8deront au pouvoir sans rien changer \u00e0 tout ce qui est essentiel de vos orientations politiques. Faites cela, \u00e7a s\u2019appelle \u00ab le bipartisme \u00bb et c\u2019est le compl\u00e9ment indispensable du bon fonctionnement de \u00ab l\u2019alternance \u00bb et vous aurez fond\u00e9, \u00e0 l\u2019aune des crit\u00e8res de l\u2019Occident, une \u00ab R\u00e9publique islamique d\u00e9mocratique \u00bb qui n\u2019aura rien \u00e0 envier \u00e0 la V\u00e8me R\u00e9publique, dont notre personnel politique fran\u00e7ais est tellement fier.Pour autant, il ne faudra pas vous attendre aux f\u00e9licitations des dirigeants politiques occidentaux ni fran\u00e7ais, et surtout pas \u00e0 celles de Mr Laurent Fabius qui pour sur appartient \u00e0 un peuple d&rsquo;\u00e9lite, s\u00fbr de lui-m\u00eame et dominateur. Au nom de \u00ab la la\u00efcit\u00e9 \u00bb de l\u2019\u00c9tat, tous ces laudateurs de \u00ab l\u2019\u00c9tat juif \u00bb auront encore un reproche majeur \u00e0 vous adresser, le caract\u00e8re th\u00e9ocratique de votre R\u00e9publique. Et \u00e0 cette raison ils persisteront \u00e0 la caract\u00e9riser comme une dictature. Mais vous n\u2019en prendrez pas ombrage. Certes votre \u00ab R\u00e9publique islamique d\u00e9mocratique \u00bb est et sera une dictature, tout pouvoir politique est une dictature, mais, rassurez-vous, ni plus ni moins que notre V\u00e8me r\u00e9publique, ou la \u00ab tr\u00e8s d\u00e9mocratique R\u00e9publique am\u00e9ricaine qui sont elles-m\u00eames des dictatures du capital financierJeudi 20 juin 2013.<\/p>\n","protected":false},"excerpt":{"rendered":"<p>V\u00e8me R\u00c9PUBLIQUE ET R\u00c9PUBLIQUE ISLAMIQUE :DE SURPRENANTES SIMILITUDESBon, nous en sommes conscients, dit comme \u00e7a, de but en blanc, cela [&hellip;]<\/p>\n","protected":false},"author":1,"featured_media":0,"comment_status":"open","ping_status":"open","sticky":false,"template":"","format":"standard","meta":{"sfsi_plus_gutenberg_text_before_share":"","sfsi_plus_gutenberg_show_text_before_share":"","sfsi_plus_gutenberg_icon_type":"","sfsi_plus_gutenberg_icon_alignemt":"","sfsi_plus_gutenburg_max_per_row":"","site-sidebar-layout":"default","site-content-layout":"","ast-site-content-layout":"default","site-content-style":"default","site-sidebar-style":"default","ast-global-header-display":"","ast-banner-title-visibility":"","ast-main-header-display":"","ast-hfb-above-header-display":"","ast-hfb-below-header-display":"","ast-hfb-mobile-header-display":"","site-post-title":"","ast-breadcrumbs-content":"","ast-featured-img":"","footer-sml-layout":"","ast-disable-related-posts":"","theme-transparent-header-meta":"","adv-header-id-meta":"","stick-header-meta":"","header-above-stick-meta":"","header-main-stick-meta":"","header-below-stick-meta":"","astra-migrate-meta-layouts":"default","ast-page-background-enabled":"default","ast-page-background-meta":{"desktop":{"background-color":"var(--ast-global-color-4)","background-image":"","background-repeat":"repeat","background-position":"center center","background-size":"auto","background-attachment":"scroll","background-type":"","background-media":"","overlay-type":"","overlay-color":"","overlay-opacity":"","overlay-gradient":""},"tablet":{"background-color":"","background-image":"","background-repeat":"repeat","background-position":"center center","background-size":"auto","background-attachment":"scroll","background-type":"","background-media":"","overlay-type":"","overlay-color":"","overlay-opacity":"","overlay-gradient":""},"mobile":{"background-color":"","background-image":"","background-repeat":"repeat","background-position":"center center","background-size":"auto","background-attachment":"scroll","background-type":"","background-media":"","overlay-type":"","overlay-color":"","overlay-opacity":"","overlay-gradient":""}},"ast-content-background-meta":{"desktop":{"background-color":"var(--ast-global-color-5)","background-image":"","background-repeat":"repeat","background-position":"center center","background-size":"auto","background-attachment":"scroll","background-type":"","background-media":"","overlay-type":"","overlay-color":"","overlay-opacity":"","overlay-gradient":""},"tablet":{"background-color":"var(--ast-global-color-5)","background-image":"","background-repeat":"repeat","background-position":"center center","background-size":"auto","background-attachment":"scroll","background-type":"","background-media":"","overlay-type":"","overlay-color":"","overlay-opacity":"","overlay-gradient":""},"mobile":{"background-color":"var(--ast-global-color-5)","background-image":"","background-repeat":"repeat","background-position":"center center","background-size":"auto","background-attachment":"scroll","background-type":"","background-media":"","overlay-type":"","overlay-color":"","overlay-opacity":"","overlay-gradient":""}},"footnotes":""},"categories":[16],"tags":[],"class_list":["post-1411","post","type-post","status-publish","format-standard","hentry","category-archives-cms"],"_links":{"self":[{"href":"https:\/\/lavoiedessansvoix.fr\/lavoie\/wp-json\/wp\/v2\/posts\/1411","targetHints":{"allow":["GET"]}}],"collection":[{"href":"https:\/\/lavoiedessansvoix.fr\/lavoie\/wp-json\/wp\/v2\/posts"}],"about":[{"href":"https:\/\/lavoiedessansvoix.fr\/lavoie\/wp-json\/wp\/v2\/types\/post"}],"author":[{"embeddable":true,"href":"https:\/\/lavoiedessansvoix.fr\/lavoie\/wp-json\/wp\/v2\/users\/1"}],"replies":[{"embeddable":true,"href":"https:\/\/lavoiedessansvoix.fr\/lavoie\/wp-json\/wp\/v2\/comments?post=1411"}],"version-history":[{"count":0,"href":"https:\/\/lavoiedessansvoix.fr\/lavoie\/wp-json\/wp\/v2\/posts\/1411\/revisions"}],"wp:attachment":[{"href":"https:\/\/lavoiedessansvoix.fr\/lavoie\/wp-json\/wp\/v2\/media?parent=1411"}],"wp:term":[{"taxonomy":"category","embeddable":true,"href":"https:\/\/lavoiedessansvoix.fr\/lavoie\/wp-json\/wp\/v2\/categories?post=1411"},{"taxonomy":"post_tag","embeddable":true,"href":"https:\/\/lavoiedessansvoix.fr\/lavoie\/wp-json\/wp\/v2\/tags?post=1411"}],"curies":[{"name":"wp","href":"https:\/\/api.w.org\/{rel}","templated":true}]}}