{"id":1410,"date":"2013-06-24T03:21:00","date_gmt":"2013-06-24T01:21:00","guid":{"rendered":"https:\/\/lavoiedessansvoix.fr\/lavoie\/2013\/06\/24\/archive-le-miracle-bresilien\/"},"modified":"2013-06-24T03:21:00","modified_gmt":"2013-06-24T01:21:00","slug":"archive-le-miracle-bresilien","status":"publish","type":"post","link":"https:\/\/lavoiedessansvoix.fr\/lavoie\/2013\/06\/24\/archive-le-miracle-bresilien\/","title":{"rendered":"LE MIRACLE BR\u00c9SILIEN"},"content":{"rendered":"<p>LE MIRACLE BR\u00c9SILIENAnn\u00e9e morose ! Crise, r\u00e9cession, ch\u00f4mage end\u00e9mique, paup\u00e9risation des peuples, et par-dessus cela une m\u00e9t\u00e9o ex\u00e9crable, du gris plein le ciel et des calamit\u00e9s climatiques \u00e0 foison. Comme si la plan\u00e8te qui souffre des exc\u00e8s du capitalisme lib\u00e9ral mondialis\u00e9 voulait s\u2019associer \u00e0 la souffrance des peuples qui l\u2019habitent et qui sont victimes des m\u00eames bourreaux. Et pourtant, pourtant n\u2019est ce pas le printemps quand m\u00eame qui nous fait ses minauderies ? D\u2019Ankara \u00e0 Rio, les signes annonciateurs d\u2019un printemps plan\u00e9taire des peuples se multiplient. Il n\u2019y avait pas trois jours que nous avions publi\u00e9, faisant r\u00e9f\u00e9rence \u00e0 la mobilisation populaire turque, notre article intitul\u00e9 \u00ab Le sacre du printemps \u00bb. S\u2019entend, le printemps des peuples, et voil\u00e0 que le Br\u00e9sil s\u2019enflamme \u00e0 son tour.A notre propos concernant la mobilisation populaire turque, certains auraient pu objecter que la Turquie en pleine croissance \u00e9conomique n\u2019\u00e9tait pas vraiment concern\u00e9e par ce que nous avions \u00e9crit : \u00ab Le fond, c\u2019est \u00e0 n\u2019en pas douter, les in\u00e9galit\u00e9s sociales, la crise, la r\u00e9cession, la mis\u00e8re et le mal-\u00eatre social \u00bb en consid\u00e9ration de quoi, nos attendus \u00e9tant faux notre verdict devait l\u2019\u00eatre tout autant. Pourtant, la crise est plan\u00e9taire, et son \u00ab d\u00e9veloppement in\u00e9gal \u00bb, selon les r\u00e9gions du monde ou les pays, ne doit pas \u00e9garer l\u2019observateur attentif. La croissance turque est pour une part, le produit de la \u00ab globalisation \u00bb \u00e9conomique qui en a accumul\u00e9 les mat\u00e9riaux. \u00ab Les d\u00e9localisations industrielles attir\u00e9es par ses bas salaires \u00bb, les investissements \u00e9trangers massifs. La Turquie a connu quelques ann\u00e9es une croissance (7, 8, 9 %) qui r\u00e9jouissait nos \u00ab brillantissimes \u00e9conomistes occidentaux \u00bb pour lesquels les chiffres remplacent la raison. La croissance selon cette engeance est la cl\u00e9 de tous les probl\u00e8mes et le \u00ab s\u00e9same \u00bb du bonheur. Mais, en v\u00e9rit\u00e9, m\u00eame la croissance en \u00e9conomie lib\u00e9rale globalis\u00e9e peut se r\u00e9v\u00e9ler \u00eatre autre chose qu\u2019un miracle, une calamit\u00e9 plut\u00f4t, qu\u2019il convient de mesurer \u00e0 l\u2019aune des salaires des conditions de travail de la qualit\u00e9 de la couverture sociale des conditions de s\u00e9curit\u00e9, etc.. L\u2019\u00e9conomie turque affiche une bonne sant\u00e9 en trompe-l&rsquo;\u0153il qui ne profite pas \u00e0 tout le monde, et n\u2019emp\u00eache nullement le d\u00e9veloppement des in\u00e9galit\u00e9s et de la mis\u00e8re sociale. D\u00e9ficit de la balance commerciale, d\u00e9pendance aux investissements \u00e9trangers et aux march\u00e9s ext\u00e9rieurs, particuli\u00e8rement de l\u2019Union europ\u00e9enne, inflation galopante et tassement de la croissance voil\u00e0 en quoi, bien que non encore concern\u00e9 par la crise actuelle au sens de la \u00ab r\u00e9cession \u00bb, la Turquie n\u2019\u00e9chappe pas tout de m\u00eame \u00e0 \u00ab la gravit\u00e9 universelle \u00bb du monde qui l\u2019environne.Il en va \u00e0 peu pr\u00e8s de m\u00eame du Br\u00e9sil, ce pays \u00ab du miracle \u00e9conomique \u00bb \u00e0 9 % de croissance annuelle. Lui qui faisait tant\u00ab gloser \u00bb, il y a peu encore, tout ce que la plan\u00e8te compte d\u2019experts et de prix Nobels en \u00e9conomie, est rest\u00e9 un champion mondial des in\u00e9galit\u00e9s (voir article de \u00ab courrier international \u00bb 30 septembre 2010, sign\u00e9 de Clovis Rossi.). Les ann\u00e9es de la pr\u00e9sidence Lula co\u00efncid\u00e8rent avec ce pr\u00e9tendu miracle. Comme nos ann\u00e9es Mitterrand \u00e0 nous, elles furent surtout celles des illusions populaires saccag\u00e9es. Un peu de baume l\u00e0 o\u00f9 quelques plaies sociales faisaient le plus mal avait hypnotis\u00e9 le peuple. Le r\u00e9veil est brutal. Des millions de manifestants, des violences, et voil\u00e0 que d\u00e9j\u00e0 nos m\u00e9dias et journalistes \u00ab avis\u00e9s \u00bb concluent \u00e0 la fin du \u00ab miracle br\u00e9silien \u00bb. Ils se trompent \u00e0 cent pour cent !Les manifestations et violences de ces derniers jours dans plusieurs grandes m\u00e9tropoles br\u00e9siliennes ne marquent pas la fin du miracle br\u00e9silien, elles en sont au contraire le vrai d\u00e9but. Le \u00ab miracle \u00bb des \u00e9conomistes et de la sph\u00e8re financi\u00e8re n\u2019en a pas \u00e9t\u00e9 vraiment un pour le peuple br\u00e9silien. Le miracle, le vrai, c\u2019est ce qui advient \u00e0 pr\u00e9sent dans cette patrie du football, \u00ab opium du peuple \u00bb, outil de canalisation des ardeurs populaires, quand le peuple indign\u00e9 s\u2019arrachant \u00e0 cette ali\u00e9nation s\u2019insurge contre les investissements somptuaires consentis pour accueillir la prochaine \u00ab Coupe du monde \u00bb. Le miracle le vrai, c\u2019est donc cela, le r\u00e9veil du peuple Br\u00e9silien qui emboitant le pas au \u00ab r\u00e9veil du peuple turc \u00bb semble vouloir nous confirmer dans l\u2019id\u00e9e selon laquelle ils pourraient-\u00eatre, apr\u00e8s trente ann\u00e9es d\u2019ensommeillement sous l\u2019assommoir de la pens\u00e9e unique ultralib\u00e9rale, les pr\u00e9mices d\u2019un r\u00e9veil g\u00e9n\u00e9ral des peuples. 24 juin 2013.<\/p>\n","protected":false},"excerpt":{"rendered":"<p>LE MIRACLE BR\u00c9SILIENAnn\u00e9e morose ! Crise, r\u00e9cession, ch\u00f4mage end\u00e9mique, paup\u00e9risation des peuples, et par-dessus cela une m\u00e9t\u00e9o ex\u00e9crable, du gris [&hellip;]<\/p>\n","protected":false},"author":1,"featured_media":0,"comment_status":"open","ping_status":"open","sticky":false,"template":"","format":"standard","meta":{"sfsi_plus_gutenberg_text_before_share":"","sfsi_plus_gutenberg_show_text_before_share":"","sfsi_plus_gutenberg_icon_type":"","sfsi_plus_gutenberg_icon_alignemt":"","sfsi_plus_gutenburg_max_per_row":"","site-sidebar-layout":"default","site-content-layout":"","ast-site-content-layout":"default","site-content-style":"default","site-sidebar-style":"default","ast-global-header-display":"","ast-banner-title-visibility":"","ast-main-header-display":"","ast-hfb-above-header-display":"","ast-hfb-below-header-display":"","ast-hfb-mobile-header-display":"","site-post-title":"","ast-breadcrumbs-content":"","ast-featured-img":"","footer-sml-layout":"","ast-disable-related-posts":"","theme-transparent-header-meta":"","adv-header-id-meta":"","stick-header-meta":"","header-above-stick-meta":"","header-main-stick-meta":"","header-below-stick-meta":"","astra-migrate-meta-layouts":"default","ast-page-background-enabled":"default","ast-page-background-meta":{"desktop":{"background-color":"var(--ast-global-color-4)","background-image":"","background-repeat":"repeat","background-position":"center center","background-size":"auto","background-attachment":"scroll","background-type":"","background-media":"","overlay-type":"","overlay-color":"","overlay-opacity":"","overlay-gradient":""},"tablet":{"background-color":"","background-image":"","background-repeat":"repeat","background-position":"center center","background-size":"auto","background-attachment":"scroll","background-type":"","background-media":"","overlay-type":"","overlay-color":"","overlay-opacity":"","overlay-gradient":""},"mobile":{"background-color":"","background-image":"","background-repeat":"repeat","background-position":"center center","background-size":"auto","background-attachment":"scroll","background-type":"","background-media":"","overlay-type":"","overlay-color":"","overlay-opacity":"","overlay-gradient":""}},"ast-content-background-meta":{"desktop":{"background-color":"var(--ast-global-color-5)","background-image":"","background-repeat":"repeat","background-position":"center center","background-size":"auto","background-attachment":"scroll","background-type":"","background-media":"","overlay-type":"","overlay-color":"","overlay-opacity":"","overlay-gradient":""},"tablet":{"background-color":"var(--ast-global-color-5)","background-image":"","background-repeat":"repeat","background-position":"center center","background-size":"auto","background-attachment":"scroll","background-type":"","background-media":"","overlay-type":"","overlay-color":"","overlay-opacity":"","overlay-gradient":""},"mobile":{"background-color":"var(--ast-global-color-5)","background-image":"","background-repeat":"repeat","background-position":"center center","background-size":"auto","background-attachment":"scroll","background-type":"","background-media":"","overlay-type":"","overlay-color":"","overlay-opacity":"","overlay-gradient":""}},"footnotes":""},"categories":[16],"tags":[],"class_list":["post-1410","post","type-post","status-publish","format-standard","hentry","category-archives-cms"],"_links":{"self":[{"href":"https:\/\/lavoiedessansvoix.fr\/lavoie\/wp-json\/wp\/v2\/posts\/1410","targetHints":{"allow":["GET"]}}],"collection":[{"href":"https:\/\/lavoiedessansvoix.fr\/lavoie\/wp-json\/wp\/v2\/posts"}],"about":[{"href":"https:\/\/lavoiedessansvoix.fr\/lavoie\/wp-json\/wp\/v2\/types\/post"}],"author":[{"embeddable":true,"href":"https:\/\/lavoiedessansvoix.fr\/lavoie\/wp-json\/wp\/v2\/users\/1"}],"replies":[{"embeddable":true,"href":"https:\/\/lavoiedessansvoix.fr\/lavoie\/wp-json\/wp\/v2\/comments?post=1410"}],"version-history":[{"count":0,"href":"https:\/\/lavoiedessansvoix.fr\/lavoie\/wp-json\/wp\/v2\/posts\/1410\/revisions"}],"wp:attachment":[{"href":"https:\/\/lavoiedessansvoix.fr\/lavoie\/wp-json\/wp\/v2\/media?parent=1410"}],"wp:term":[{"taxonomy":"category","embeddable":true,"href":"https:\/\/lavoiedessansvoix.fr\/lavoie\/wp-json\/wp\/v2\/categories?post=1410"},{"taxonomy":"post_tag","embeddable":true,"href":"https:\/\/lavoiedessansvoix.fr\/lavoie\/wp-json\/wp\/v2\/tags?post=1410"}],"curies":[{"name":"wp","href":"https:\/\/api.w.org\/{rel}","templated":true}]}}