{"id":1408,"date":"2013-06-29T17:31:00","date_gmt":"2013-06-29T15:31:00","guid":{"rendered":"https:\/\/lavoiedessansvoix.fr\/lavoie\/2013\/06\/29\/archive-le-front-national-aux-marches-du-pouvoir-lecon-des-elections-legislatives-partie\/"},"modified":"2013-06-29T17:31:00","modified_gmt":"2013-06-29T15:31:00","slug":"archive-le-front-national-aux-marches-du-pouvoir-lecon-des-elections-legislatives-partie","status":"publish","type":"post","link":"https:\/\/lavoiedessansvoix.fr\/lavoie\/2013\/06\/29\/archive-le-front-national-aux-marches-du-pouvoir-lecon-des-elections-legislatives-partie\/","title":{"rendered":"LE FRONT NATIONAL AUX MARCHES DU POUVOIR  (Le\u00e7on des \u00e9lections l\u00e9gislatives partielles de Villeneuve sur Lot)"},"content":{"rendered":"<p>LE FRONT NATIONAL AUX MARCHES DU POUVOIR(Le\u00e7on des \u00e9lections l\u00e9gislatives partielles de Villeneuve sur Lot)Le candidat du FN a r\u00e9uni au deuxi\u00e8me tour des \u00e9lections l\u00e9gislatives partielles, 46,24 % des voix, plus 7095 voix sur son score du premier tour. C\u2019est un \u00e9v\u00e8nement \u00e9lectoral majeur, qui s\u2019est produit \u00e0 Villeneuve sur Lot. Il marque un tournant probable de notre vie politique nationale. Alors certes il y a ceux qui pr\u00e9f\u00e8rent se voiler la face, ils en ont encore les moyens, \u00ab Jean-Louis Costes, le candidat UMP a remport\u00e9 la victoire \u00bb, disent-ils pour se rassurer, \u00ab ou le candidat du Front national est battu \u00bb ou encore, \u00ab le front r\u00e9publicain a fonctionn\u00e9 \u00bb il a barr\u00e9 la route au candidat FN. Bien que toutes ces approches soient incontestablement r\u00e9elles, elles ne sauraient masquer une autre r\u00e9alit\u00e9 tout aussi incontestable et tellement plus significative. Il faut l\u2019alliance des deux partis du syst\u00e8me, les deux plus grands partis politiques de France, tous deux exhauss\u00e9s de la qualit\u00e9 valorisante \u00ab de partis de gouvernement \u00bb, il faut la r\u00e9union des deux composantes de \u00ab l\u2019alternance \u00bb qui se succ\u00e8de au pouvoir depuis 30 ans, pour contenir difficilement la pouss\u00e9e \u00e9lectorale du Front national. Ce qu\u2019il faut en conclure, ce que dit ce scrutin, c\u2019est que l\u2019\u00e9lectorat exasp\u00e9r\u00e9 est maintenant totalement d\u00e9sinhib\u00e9. Le vote extr\u00eame droite est naturel, les tabous et les ostracismes n\u2019op\u00e8rent plus. Le corps \u00e9lectoral fran\u00e7ais est pr\u00eat \u00e0 confier les cl\u00e9s du pouvoir au \u00ab front national \u00bb.Alors, voil\u00e0 que nos politiciens v\u00e9reux s\u2019agitent dans leur panier de crabes, se renvoyant mutuellement la faute \u00e0 la face. Nous ne contestons pas qu\u2019ils ont, les uns et les autres, des parts de responsabilit\u00e9 dans ce rebond politique du FN. Nicolas Sarkozy \u00e0 la sienne qui dans sa derni\u00e8re campagne \u00e9lectorale des pr\u00e9sidentielles de 2012, a largement contribu\u00e9 \u00e0 valider le discours programme du parti Lep\u00e9niste. Jean Fran\u00e7ois Cop\u00e9 \u00e0 la sienne qui a coll\u00e9 aux d\u00e9rives de son chef, et celui-ci mis hors jeu, a persist\u00e9, avec force pains au chocolat et autres discours calamiteux, dans cette voie honteuse. Mais Alain Jupp\u00e9 n\u2019a-t-il pas la sienne aussi qui a valid\u00e9 le candidat Sarkozy et n\u2019a pas cru bon de stopper tout de suite la d\u00e9rive infernale de ce dernier ? En v\u00e9rit\u00e9, la faute vient de loin, et la responsabilit\u00e9 en incombe tout autant \u00e0 \u00ab la droite \u00bb qu\u2019\u00e0 \u00ab la gauche \u00bb, aux deux partis de \u00ab l\u2019alternance \u00bb, au syst\u00e8me de l\u2019alternance lui-m\u00eame, cet \u00e9crou verrouill\u00e9 qui ne laisse pas la moindre place \u00e0 l\u2019esp\u00e9rance dans un changement v\u00e9ritable.La gauche, puisque c\u2019est ainsi qu\u2019elle s\u2019appelle encore elle-m\u00eame, serait mal venue de vouloir s\u2019exon\u00e9rer de ses responsabilit\u00e9s propres et majeures en cette affaire. La premi\u00e8re alternance de 1981 s\u2019est faite sous le signe \u00ab du changement \u00bb. Or, dans le mot, \u00e0 l\u2019\u00e9poque, il y avait plus qu\u2019une simple saillie oratoire, une v\u00e9ritable charge \u00e9motionnelle et soci\u00e9tale. Le mot signifia alors l\u2019esp\u00e9rance authentique dans une vraie transformation sociale. Or ces esp\u00e9rances populaires ont \u00e9t\u00e9 trahies, ridiculis\u00e9es m\u00eame. Tel est \u00ab le p\u00e9ch\u00e9 originel \u00bb fondateur \u00ab de la gauche \u00bb qui a op\u00e9r\u00e9 ainsi l\u2019accumulation primitive des mat\u00e9riaux n\u00e9cessaires \u00e0 la prosp\u00e9rit\u00e9 politique du Front national. Ceux qui ont sans vergogne, instrumentalis\u00e9es puis bafou\u00e9es les esp\u00e9rances populaires, ont une responsabilit\u00e9 ind\u00e9niable, dans l\u2019ancrage de ce parti dans le paysage politique fran\u00e7ais. Ils seraient d\u2019autant moins avis\u00e9s de le contester qu\u2019ils ont \u00e9t\u00e9 m\u00eame plus loin, en lui assurant une visibilit\u00e9 m\u00e9diatique, puis en le fortifiant pour l\u2019instrumentaliser \u00e0 l\u2019usage de leurs luttes politiciennes.Alors certes, Harlem D\u00e9sir et Michel Sapin ont raison, la faute de l\u2019UMP et de Jean-Fran\u00e7ois Cop\u00e9 est patente dans la p\u00e9riode actuelle, mais membres et responsables politiques du Parti socialiste, ils seraient mieux fond\u00e9s \u00e0 faire profil bas que de \u00ab ramener leur science \u00bb.Arnaud  Montebourg, excessif et d\u00e9plac\u00e9 comme \u00e0 son habitude, accuse m\u00eame le pr\u00e9sident de la Commission europ\u00e9enne, Jos\u00e9-Manuel Barroso, d&rsquo;\u00eatre \u00ab\u00a0le carburant du Front national\u00a0\u00bb. Du c\u00f4t\u00e9 du PS, c\u2019est \u00e0 qui, semble-t-il, fera le plus de bruit pour couvrir la rumeur p\u00e9titoire qui monte du peuple, enfle et les accuse. C\u2019est que leur responsabilit\u00e9 ne se situe pas que dans le pass\u00e9, lointain ou r\u00e9cent. Le PS a lui-m\u00eame sa part actuelle de responsabilit\u00e9 dans cette nouvelle progression qui conduit le Front national aux marches du pouvoir ? Le parti de gauche, encore une fois, fait une analyse avec laquelle nous nous sentons une grande proximit\u00e9 \u00ab en menant une politique d&rsquo;aust\u00e9rit\u00e9 et de l&rsquo;offre pour r\u00e9pondre aux exigences de Bruxelles (\u2026) en organisant la d\u00e9sesp\u00e9rance sociale, le pr\u00e9sident de la R\u00e9publique cultive le terreau sur lequel poussent les mauvaises herbes de l&rsquo;extr\u00eame droite\u00a0\u00bb, a analys\u00e9 \u00c9ric Coquerel. \u00bb (AFP) ; C\u2019est cette proximit\u00e9 pr\u00e9cis\u00e9ment qui nous qualifie et nous autorise, en camarades loyaux, \u00e0 pointer du doigt d\u2019autres responsabilit\u00e9s, certes plus indirectes, mais non moins r\u00e9elles, dans la gen\u00e8se de la situation actuelle. Nous voulons parler de la responsabilit\u00e9 du Front de gauche, du PCF, et m\u00eame de \u00ab l\u2019extr\u00eame gauche \u00bb. Ceux-ci, depuis trente ans, en s\u2019identifiant \u00ab \u00e0 la gauche \u00bb c&rsquo;est-\u00e0-dire au PS, ont contribu\u00e9 \u00e0 fermer toutes les voies m\u00e9dianes et alternatives. Quand la gauche trahissait ouvertement ils appelaient \u00e0 voter tout de m\u00eame \u00e0 gauche au pr\u00e9texte que la \u00ab gauche \u00bb c\u2019est notre \u00ab camp \u00bb et que c\u2019est tout de m\u00eame mieux que la droite, ne laissant \u00e0 l\u2019\u00e9lectorat populaire d\u2019autres issues que la d\u00e9sesp\u00e9rance ou la col\u00e8re. Ils se sont obstin\u00e9s dans cette voie jusqu\u2019\u00e0 donner le sentiment qu\u2019il n\u2019y a pas d\u2019\u00e9chappatoire \u00e0 gauche de la gauche puisque ceux-ci en d\u00e9finitive ram\u00e8neront nos suffrages dans l\u2019escarcelle du PS. Contribuant par cette politique \u00e0 qualifier le \u00ab Front national \u00bb, comme le seul recours possible pour rompre l\u2019enfermement institutionnel.Depuis un an d\u00e9j\u00e0, nous l\u2019avons \u00e9crit, comme un cri de d\u00e9tresse, comme une sonnerie d\u2019alarme, comme un appel au secours, \u00ab il faut une v\u00e9ritable opposition de gauche au gouvernement \u00ab de gauche \u00bb. Des pas ont \u00e9t\u00e9 faits dans ce sens, que nous ne nions pas, mais ils sont insuffisants. D\u2019autant plus qu\u2019un pi\u00e8ge dangereux nous est tendu. Sous pr\u00e9texte de mont\u00e9e en puissance du FN, et c\u00e9dant aux sir\u00e8nes \u00ab de la gauche \u00bb unie dans l\u2019adversit\u00e9, la tentation du front r\u00e9publicain serait la r\u00e9ponse la plus inappropri\u00e9e qui soit. Dans les \u00e9lections partielles de Villeneuve sur Lot ce fut celle du PS. Nous venons de voir  qu\u2019il n\u2019a pas emp\u00each\u00e9 l\u2019extraordinaire progression du parti de Marine Le Pen. Mais \u00e0 terme cette \u00ab collusion \u00bb qui ne fait que confirmer les similitudes et apparentements des deux partis du syst\u00e8me et afficher davantage encore le FN comme seule alternative cr\u00e9dible, se retournera n\u00e9cessairement contre eux comme un boomerang. Mais Fran\u00e7ois Hollande n\u2019a-t-il pas dit, depuis Amman o\u00f9 il \u00e9tait en d\u00e9placement, que dans la perspective des municipales prochaines (la gauche devait se serrer les coudes) . \u00ab Attention la droite revient\u00bb on nous a d\u00e9j\u00e0 jou\u00e9 de ce refrain pour mieux nous berner. C\u2019est un pi\u00e8ge dangereux dans lequel il convient de ne pas tomber. Serrer les coudes \u00e0 gauche pour soi-disant conjurer le danger FN, cela reviendrait \u00e0 s\u2019annuler totalement comme opposition politique \u00e0 gauche de la gauche, c&rsquo;est-\u00e0-dire \u00e0 faire pr\u00e9cis\u00e9ment le contraire de ce qui est souhaitable, et ouvrir un \u00ab boulevard \u00bb au FN.Samedi 29 juin 2013..<\/p>\n","protected":false},"excerpt":{"rendered":"<p>LE FRONT NATIONAL AUX MARCHES DU POUVOIR(Le\u00e7on des \u00e9lections l\u00e9gislatives partielles de Villeneuve sur Lot)Le candidat du FN a r\u00e9uni [&hellip;]<\/p>\n","protected":false},"author":1,"featured_media":0,"comment_status":"open","ping_status":"open","sticky":false,"template":"","format":"standard","meta":{"sfsi_plus_gutenberg_text_before_share":"","sfsi_plus_gutenberg_show_text_before_share":"","sfsi_plus_gutenberg_icon_type":"","sfsi_plus_gutenberg_icon_alignemt":"","sfsi_plus_gutenburg_max_per_row":"","site-sidebar-layout":"default","site-content-layout":"","ast-site-content-layout":"default","site-content-style":"default","site-sidebar-style":"default","ast-global-header-display":"","ast-banner-title-visibility":"","ast-main-header-display":"","ast-hfb-above-header-display":"","ast-hfb-below-header-display":"","ast-hfb-mobile-header-display":"","site-post-title":"","ast-breadcrumbs-content":"","ast-featured-img":"","footer-sml-layout":"","ast-disable-related-posts":"","theme-transparent-header-meta":"","adv-header-id-meta":"","stick-header-meta":"","header-above-stick-meta":"","header-main-stick-meta":"","header-below-stick-meta":"","astra-migrate-meta-layouts":"default","ast-page-background-enabled":"default","ast-page-background-meta":{"desktop":{"background-color":"var(--ast-global-color-4)","background-image":"","background-repeat":"repeat","background-position":"center center","background-size":"auto","background-attachment":"scroll","background-type":"","background-media":"","overlay-type":"","overlay-color":"","overlay-opacity":"","overlay-gradient":""},"tablet":{"background-color":"","background-image":"","background-repeat":"repeat","background-position":"center center","background-size":"auto","background-attachment":"scroll","background-type":"","background-media":"","overlay-type":"","overlay-color":"","overlay-opacity":"","overlay-gradient":""},"mobile":{"background-color":"","background-image":"","background-repeat":"repeat","background-position":"center center","background-size":"auto","background-attachment":"scroll","background-type":"","background-media":"","overlay-type":"","overlay-color":"","overlay-opacity":"","overlay-gradient":""}},"ast-content-background-meta":{"desktop":{"background-color":"var(--ast-global-color-5)","background-image":"","background-repeat":"repeat","background-position":"center center","background-size":"auto","background-attachment":"scroll","background-type":"","background-media":"","overlay-type":"","overlay-color":"","overlay-opacity":"","overlay-gradient":""},"tablet":{"background-color":"var(--ast-global-color-5)","background-image":"","background-repeat":"repeat","background-position":"center center","background-size":"auto","background-attachment":"scroll","background-type":"","background-media":"","overlay-type":"","overlay-color":"","overlay-opacity":"","overlay-gradient":""},"mobile":{"background-color":"var(--ast-global-color-5)","background-image":"","background-repeat":"repeat","background-position":"center center","background-size":"auto","background-attachment":"scroll","background-type":"","background-media":"","overlay-type":"","overlay-color":"","overlay-opacity":"","overlay-gradient":""}},"footnotes":""},"categories":[16],"tags":[],"class_list":["post-1408","post","type-post","status-publish","format-standard","hentry","category-archives-cms"],"_links":{"self":[{"href":"https:\/\/lavoiedessansvoix.fr\/lavoie\/wp-json\/wp\/v2\/posts\/1408","targetHints":{"allow":["GET"]}}],"collection":[{"href":"https:\/\/lavoiedessansvoix.fr\/lavoie\/wp-json\/wp\/v2\/posts"}],"about":[{"href":"https:\/\/lavoiedessansvoix.fr\/lavoie\/wp-json\/wp\/v2\/types\/post"}],"author":[{"embeddable":true,"href":"https:\/\/lavoiedessansvoix.fr\/lavoie\/wp-json\/wp\/v2\/users\/1"}],"replies":[{"embeddable":true,"href":"https:\/\/lavoiedessansvoix.fr\/lavoie\/wp-json\/wp\/v2\/comments?post=1408"}],"version-history":[{"count":0,"href":"https:\/\/lavoiedessansvoix.fr\/lavoie\/wp-json\/wp\/v2\/posts\/1408\/revisions"}],"wp:attachment":[{"href":"https:\/\/lavoiedessansvoix.fr\/lavoie\/wp-json\/wp\/v2\/media?parent=1408"}],"wp:term":[{"taxonomy":"category","embeddable":true,"href":"https:\/\/lavoiedessansvoix.fr\/lavoie\/wp-json\/wp\/v2\/categories?post=1408"},{"taxonomy":"post_tag","embeddable":true,"href":"https:\/\/lavoiedessansvoix.fr\/lavoie\/wp-json\/wp\/v2\/tags?post=1408"}],"curies":[{"name":"wp","href":"https:\/\/api.w.org\/{rel}","templated":true}]}}