{"id":1407,"date":"2013-07-01T17:21:00","date_gmt":"2013-07-01T15:21:00","guid":{"rendered":"https:\/\/lavoiedessansvoix.fr\/lavoie\/2013\/07\/01\/archive-l-errance-initiatique-d-obama-en-afrique-du-sud\/"},"modified":"2013-07-01T17:21:00","modified_gmt":"2013-07-01T15:21:00","slug":"archive-l-errance-initiatique-d-obama-en-afrique-du-sud","status":"publish","type":"post","link":"https:\/\/lavoiedessansvoix.fr\/lavoie\/2013\/07\/01\/archive-l-errance-initiatique-d-obama-en-afrique-du-sud\/","title":{"rendered":"L\u2019ERRANCE INITIATIQUE D\u2019OBAMA EN AFRIQUE DU SUD."},"content":{"rendered":"<p>L\u2019ERRANCE INITIATIQUE D\u2019OBAMA EN AFRIQUE DU SUD.Nelson Mandela est chaud encore et d\u00e9j\u00e0 des vautours, qui r\u00f4dent autour de son lit d\u2019h\u00f4pital, lorgnant sa d\u00e9pouille morale. Barak Obama en visite d\u2019\u00c9tat en Afrique du Sud, voulait profiter de \u00ab l\u2019aubaine \u00bb pour recueillir lui-m\u00eame le dernier souffle du grand homme. Pensez un peu la belle pub, le scoop du si\u00e8cle, le premier pr\u00e9sident noir des \u00c9tats-Unis d\u2019Am\u00e9rique, prix Nobel de la paix, confident des derni\u00e8res paroles du premier pr\u00e9sident noir d\u2019Afrique du Sud, lui-m\u00eame prix Nobel de la paix. Mani\u00e8re \u00e0 peu de frais, pour le pr\u00e9sident am\u00e9ricain de redorer son blason terni, de \u00ab renoircir \u00bb quelque peu sa \u00ab n\u00e9gritude \u00bb d\u00e9lav\u00e9e par le statut de chef de file de l\u2019imp\u00e9rialisme occidental. \u00catre l\u00e0 \u00e0 son chevet, aux derniers instants sur terre de \u00ab Madiba \u00bb et donner l\u2019illusion au monde et \u00e0 l\u2019Afrique que c\u2019est \u00e0 lui, Barak Obama, que le grand homme a remis son \u00e2me et pass\u00e9 le relais. Nelson Mandela qui a toujours \u00e9t\u00e9 infiniment attentif \u00e0 la valeur symbolique de ses actes, prises de position et engagements, n\u2019a pas voulu faire cette faveur au pr\u00e9sident des \u00c9tats-Unis, fut-il noir. Il n\u2019a pas voulu offrir ce ressourcement moral, \u00e0 ses d\u00e9pens, au chef de l\u2019imp\u00e9rialisme yankee praticien d\u2019une politique internationale amorale et agressive.Certes, ce qui a fait sa qualit\u00e9 premi\u00e8re d\u2019homme d\u2019\u00c9tat, reconnue de tous, est son aptitude au pardon. Pour autant croyez-vous que le \u00ab vieux lion a tout oubli\u00e9 ? Certes les USA ont milit\u00e9 un temps, surtout \u00e0 la fin, pour la fin de l\u2019Apartheid. Mais Mandela se souvient qu\u2019ils ont surtout, plusieurs d\u00e9cennies durant, eux et leur alli\u00e9s isra\u00e9lien, soutenu et confort\u00e9 le r\u00e9gime politique honteux qui \u00e9tait une insulte \u00e0 l\u2019humanit\u00e9. En ce temps o\u00f9 l\u2019Alg\u00e9rie, par exemple, Cuba ou la Libye soutenaient eux la lutte de l\u2019ANC.Nelson Mandela nourrissait semble-t-il une v\u00e9ritable amiti\u00e9 pour le colonel Kadhafi, et une gratitude \u00e9ternelle pour le r\u00e9gime de Jamahiriya, qui l\u2019avaient tant aid\u00e9 quand d\u2019autres ne voulaient encore que sa mort pr\u00e9matur\u00e9e. Il a multipli\u00e9 les \u00e9loges et les remerciements \u00e0 la Libye o\u00f9 il fit de fr\u00e9quents voyages et \u00e0 son dirigeant embl\u00e9matique. Croyez-vous que Nelson Mandela ait vraiment appr\u00e9ci\u00e9 la r\u00e9solution 1973 de l\u2019ONU ouvrant la voie \u00e0 l\u2019intervention militaire occidentale en Libye ? Croyez-vous, parce que la France et l\u2019Angleterre men\u00e8rent le bal, qu\u2019il ait \u00e9t\u00e9 dupe du r\u00f4le r\u00e9el en cette affaire et de la responsabilit\u00e9 politique des USA et donc de Barak Obama ? Croyez-vous qu\u2019il avait, cons\u00e9quemment envie de \u00ab remercier \u00bb le chef conjur\u00e9 des assassins du Colonel Libyen ? Barak Obama n\u2019aura pas eu l\u2019insigne honneur de rendre visite \u00e0 Nelson Mandela sur son lit de mort. Presque humili\u00e9 il a d\u00fb se satisfaire d\u2019un p\u00e8lerinage initiatique. Telle une \u00e2me en peine il a, pour en invoquer l\u2019esprit, err\u00e9 sur les lieux symboliques de la vie et de la lutte du grand homme. Cet ostracisme qui a un peu g\u00e2ch\u00e9 le voyage du chef de \u00ab la maison Blanche \u00bb ne saurait \u00eatre analys\u00e9 seulement comme une simple cons\u00e9quence de l\u2019\u00e9tat de sant\u00e9 de Mandela. Il s\u2019est agi \u00e0 n\u2019en pas douter d\u2019une manifestation de sa volont\u00e9 d\u00e9lib\u00e9r\u00e9e de ne pas rencontrer le pr\u00e9sident des \u00c9tats-Unis d&rsquo;Am\u00e9rique.Mandela qui n\u2019est pas homme \u00e0 humilier son prochain a consenti tout de m\u00eame \u00e0 ce que sa famille honore d\u2019une politesse la famille Obama.Patrick Signon. \u00ab lavoiedessansvoix.fr \u00bb. Lundi 1er juillet 2013.<\/p>\n","protected":false},"excerpt":{"rendered":"<p>L\u2019ERRANCE INITIATIQUE D\u2019OBAMA EN AFRIQUE DU SUD.Nelson Mandela est chaud encore et d\u00e9j\u00e0 des vautours, qui r\u00f4dent autour de son [&hellip;]<\/p>\n","protected":false},"author":1,"featured_media":0,"comment_status":"open","ping_status":"open","sticky":false,"template":"","format":"standard","meta":{"sfsi_plus_gutenberg_text_before_share":"","sfsi_plus_gutenberg_show_text_before_share":"","sfsi_plus_gutenberg_icon_type":"","sfsi_plus_gutenberg_icon_alignemt":"","sfsi_plus_gutenburg_max_per_row":"","site-sidebar-layout":"default","site-content-layout":"","ast-site-content-layout":"default","site-content-style":"default","site-sidebar-style":"default","ast-global-header-display":"","ast-banner-title-visibility":"","ast-main-header-display":"","ast-hfb-above-header-display":"","ast-hfb-below-header-display":"","ast-hfb-mobile-header-display":"","site-post-title":"","ast-breadcrumbs-content":"","ast-featured-img":"","footer-sml-layout":"","ast-disable-related-posts":"","theme-transparent-header-meta":"","adv-header-id-meta":"","stick-header-meta":"","header-above-stick-meta":"","header-main-stick-meta":"","header-below-stick-meta":"","astra-migrate-meta-layouts":"default","ast-page-background-enabled":"default","ast-page-background-meta":{"desktop":{"background-color":"var(--ast-global-color-4)","background-image":"","background-repeat":"repeat","background-position":"center center","background-size":"auto","background-attachment":"scroll","background-type":"","background-media":"","overlay-type":"","overlay-color":"","overlay-opacity":"","overlay-gradient":""},"tablet":{"background-color":"","background-image":"","background-repeat":"repeat","background-position":"center center","background-size":"auto","background-attachment":"scroll","background-type":"","background-media":"","overlay-type":"","overlay-color":"","overlay-opacity":"","overlay-gradient":""},"mobile":{"background-color":"","background-image":"","background-repeat":"repeat","background-position":"center center","background-size":"auto","background-attachment":"scroll","background-type":"","background-media":"","overlay-type":"","overlay-color":"","overlay-opacity":"","overlay-gradient":""}},"ast-content-background-meta":{"desktop":{"background-color":"var(--ast-global-color-5)","background-image":"","background-repeat":"repeat","background-position":"center center","background-size":"auto","background-attachment":"scroll","background-type":"","background-media":"","overlay-type":"","overlay-color":"","overlay-opacity":"","overlay-gradient":""},"tablet":{"background-color":"var(--ast-global-color-5)","background-image":"","background-repeat":"repeat","background-position":"center center","background-size":"auto","background-attachment":"scroll","background-type":"","background-media":"","overlay-type":"","overlay-color":"","overlay-opacity":"","overlay-gradient":""},"mobile":{"background-color":"var(--ast-global-color-5)","background-image":"","background-repeat":"repeat","background-position":"center center","background-size":"auto","background-attachment":"scroll","background-type":"","background-media":"","overlay-type":"","overlay-color":"","overlay-opacity":"","overlay-gradient":""}},"footnotes":""},"categories":[16],"tags":[],"class_list":["post-1407","post","type-post","status-publish","format-standard","hentry","category-archives-cms"],"_links":{"self":[{"href":"https:\/\/lavoiedessansvoix.fr\/lavoie\/wp-json\/wp\/v2\/posts\/1407","targetHints":{"allow":["GET"]}}],"collection":[{"href":"https:\/\/lavoiedessansvoix.fr\/lavoie\/wp-json\/wp\/v2\/posts"}],"about":[{"href":"https:\/\/lavoiedessansvoix.fr\/lavoie\/wp-json\/wp\/v2\/types\/post"}],"author":[{"embeddable":true,"href":"https:\/\/lavoiedessansvoix.fr\/lavoie\/wp-json\/wp\/v2\/users\/1"}],"replies":[{"embeddable":true,"href":"https:\/\/lavoiedessansvoix.fr\/lavoie\/wp-json\/wp\/v2\/comments?post=1407"}],"version-history":[{"count":0,"href":"https:\/\/lavoiedessansvoix.fr\/lavoie\/wp-json\/wp\/v2\/posts\/1407\/revisions"}],"wp:attachment":[{"href":"https:\/\/lavoiedessansvoix.fr\/lavoie\/wp-json\/wp\/v2\/media?parent=1407"}],"wp:term":[{"taxonomy":"category","embeddable":true,"href":"https:\/\/lavoiedessansvoix.fr\/lavoie\/wp-json\/wp\/v2\/categories?post=1407"},{"taxonomy":"post_tag","embeddable":true,"href":"https:\/\/lavoiedessansvoix.fr\/lavoie\/wp-json\/wp\/v2\/tags?post=1407"}],"curies":[{"name":"wp","href":"https:\/\/api.w.org\/{rel}","templated":true}]}}