{"id":1399,"date":"2013-09-01T15:53:00","date_gmt":"2013-09-01T13:53:00","guid":{"rendered":"https:\/\/lavoiedessansvoix.fr\/lavoie\/2013\/09\/01\/archive-la-croix-et-la-banniere\/"},"modified":"2013-09-01T15:53:00","modified_gmt":"2013-09-01T13:53:00","slug":"archive-la-croix-et-la-banniere","status":"publish","type":"post","link":"https:\/\/lavoiedessansvoix.fr\/lavoie\/2013\/09\/01\/archive-la-croix-et-la-banniere\/","title":{"rendered":"\u00ab LA CROIX \u00bb ET LA BANNI\u00c8RE"},"content":{"rendered":"<p>\u00ab LA CROIX \u00bb ET LA BANNI\u00c8RENous n\u2019avons aucune affinit\u00e9 id\u00e9ologique avec les \u00e9glises du Christ, quelles qu\u2019elle soit, ni d\u2019ailleurs avec aucune autre religion ou aucun courant de pens\u00e9e mystique. Mais ne faut-il pas entendre et respecter ce que disent les autres qui sont des fractions importantes de l\u2019humanit\u00e9. \u00ab Les r\u00e9actions des responsables catholiques se multiplient contre l\u2019intervention militaire en Syrie \u00bb. Nous ne voyons aucune objection \u00e0 ouvrir notre espace \u00e0 un de ceux-ci qui s\u2019expriment dans le quotidien \u00ab LA CROIX \u00bb du 28 ao\u00fbt. D\u2019autant que le sujet sur lequel ils le font ne rel\u00e8ve pas de la th\u00e9ologie, mais concerne l\u2019actualit\u00e9, les questions de la paix et de la guerre. Nous avons choisi parmi d\u2019autre l\u2019insertion d\u2019un chr\u00e9tien syrien, non point tant parce qu\u2019il est syrien qu\u2019en raison de la clart\u00e9 de son discours, direct et qui va au fond des choses. \u00ab Les chr\u00e9tiens syriens \u00ab ont \u00e9t\u00e9 trahis et vendus par l\u2019Occident \u00bb, estime pour sa part le patriarche syriaque catholique Youssef III Younan interview\u00e9 par le site Terrasanta.net. \u00c9voquant le projet d\u2019intervention militaire en Syrie, il accuse les \u00c9tats-Unis et la France d\u2019avoir \u00ab arm\u00e9 les rebelles, incit\u00e9 \u00e0 la violence et encore plus empoisonn\u00e9 les relations entre sunnites et chiites. \u00bb \u00ab L\u2019Occident pense que les sunnites remplaceront d\u00e9mocratiquement la dictature, mais c\u2019est une grande illusion : un changement de r\u00e9gime par la force, sans donner de s\u00e9curit\u00e9 aux partis la\u00efcs, va d\u00e9clencher un conflit pire qu\u2019en Irak. \u00bb\u00ab Nous, les chr\u00e9tiens, avons \u00e9t\u00e9 trahis et vendus pour le p\u00e9trole \u00bbDans des termes tr\u00e8s durs, Youssef III Younan d\u00e9nonce \u00ab la politique cynique, machiav\u00e9lique de ces pays occidentaux : France, Grande-Bretagne, \u00c9tats-Unis qui ne voient que le p\u00e9trole et oublient leurs principes. (\u2026) Nous, les chr\u00e9tiens, avons \u00e9t\u00e9 trahis et vendus pour le p\u00e9trole. L\u2019Occident soutient la d\u00e9mocratie au nom de r\u00e9gimes qui n\u2019ont rien de d\u00e9mocratique : le Qatar et l\u2019Arabie saoudite sont parmi les pays les plus arri\u00e9r\u00e9s du monde. Leurs dirigeants sont re\u00e7us dans les palais comme des h\u00e9ros occidentaux de d\u00e9mocratie, de pluralisme politique et de tol\u00e9rance !CL. H. \u00bbEh oui, \u00ab dans des termes tr\u00e8s durs \u00bb, comme le dit l\u2019auteur de l\u2019article. Mais s\u2019agissant d\u2019un patriarche chr\u00e9tien, nul n\u2019osera dire qu\u2019il s\u2019agit l\u00e0 des propos d\u2019un \u00ab excit\u00e9 d\u2019extr\u00eame gauche. Et pourtant, que dit-il, sinon ce que nous-m\u00eames disons sur le Site \u00ab lavoiedessansvoix.fr \u00bb, quasiment depuis l\u2019origine des \u00e9v\u00e8nements ? Nous avons maintes fois, en effet, dans notre espace web, d\u00e9nonc\u00e9 les responsabilit\u00e9s de l\u2019Occident imp\u00e9rialiste dans les situations dramatiques qui se sont nou\u00e9es au Moyen-Orient. Certains de nos visiteurs ont pens\u00e9 parfois peut-\u00eatre que nous exag\u00e9rions, que nous \u00e9tions excessifs ? \u00c0 l\u2019heure o\u00f9 Obama dit clairement que la vraie question est celle \u00ab des int\u00e9r\u00eats cruciaux des \u00c9tats-Unis \u00bb, des responsables catholiques joignent, simple n\u00e9cessit\u00e9 des contingences, leur voix \u00e0 la notre, pour situer les vraies responsabilit\u00e9s criminelles de la tro\u00efka infernale (USA, Angleterre, France). Ceux qui avaient accord\u00e9 le moindre cr\u00e9dit aux discours l\u00e9nifiants des responsables politiques occidentaux, sur la d\u00e9mocratie, les libert\u00e9s, les droits de l\u2019homme, les motivations humanitaires, devront en rabattre.1er septembre 2013.<\/p>\n","protected":false},"excerpt":{"rendered":"<p>\u00ab LA CROIX \u00bb ET LA BANNI\u00c8RENous n\u2019avons aucune affinit\u00e9 id\u00e9ologique avec les \u00e9glises du Christ, quelles qu\u2019elle soit, ni [&hellip;]<\/p>\n","protected":false},"author":1,"featured_media":0,"comment_status":"open","ping_status":"open","sticky":false,"template":"","format":"standard","meta":{"sfsi_plus_gutenberg_text_before_share":"","sfsi_plus_gutenberg_show_text_before_share":"","sfsi_plus_gutenberg_icon_type":"","sfsi_plus_gutenberg_icon_alignemt":"","sfsi_plus_gutenburg_max_per_row":"","site-sidebar-layout":"default","site-content-layout":"","ast-site-content-layout":"default","site-content-style":"default","site-sidebar-style":"default","ast-global-header-display":"","ast-banner-title-visibility":"","ast-main-header-display":"","ast-hfb-above-header-display":"","ast-hfb-below-header-display":"","ast-hfb-mobile-header-display":"","site-post-title":"","ast-breadcrumbs-content":"","ast-featured-img":"","footer-sml-layout":"","ast-disable-related-posts":"","theme-transparent-header-meta":"","adv-header-id-meta":"","stick-header-meta":"","header-above-stick-meta":"","header-main-stick-meta":"","header-below-stick-meta":"","astra-migrate-meta-layouts":"default","ast-page-background-enabled":"default","ast-page-background-meta":{"desktop":{"background-color":"var(--ast-global-color-4)","background-image":"","background-repeat":"repeat","background-position":"center center","background-size":"auto","background-attachment":"scroll","background-type":"","background-media":"","overlay-type":"","overlay-color":"","overlay-opacity":"","overlay-gradient":""},"tablet":{"background-color":"","background-image":"","background-repeat":"repeat","background-position":"center center","background-size":"auto","background-attachment":"scroll","background-type":"","background-media":"","overlay-type":"","overlay-color":"","overlay-opacity":"","overlay-gradient":""},"mobile":{"background-color":"","background-image":"","background-repeat":"repeat","background-position":"center center","background-size":"auto","background-attachment":"scroll","background-type":"","background-media":"","overlay-type":"","overlay-color":"","overlay-opacity":"","overlay-gradient":""}},"ast-content-background-meta":{"desktop":{"background-color":"var(--ast-global-color-5)","background-image":"","background-repeat":"repeat","background-position":"center center","background-size":"auto","background-attachment":"scroll","background-type":"","background-media":"","overlay-type":"","overlay-color":"","overlay-opacity":"","overlay-gradient":""},"tablet":{"background-color":"var(--ast-global-color-5)","background-image":"","background-repeat":"repeat","background-position":"center center","background-size":"auto","background-attachment":"scroll","background-type":"","background-media":"","overlay-type":"","overlay-color":"","overlay-opacity":"","overlay-gradient":""},"mobile":{"background-color":"var(--ast-global-color-5)","background-image":"","background-repeat":"repeat","background-position":"center center","background-size":"auto","background-attachment":"scroll","background-type":"","background-media":"","overlay-type":"","overlay-color":"","overlay-opacity":"","overlay-gradient":""}},"footnotes":""},"categories":[16],"tags":[],"class_list":["post-1399","post","type-post","status-publish","format-standard","hentry","category-archives-cms"],"_links":{"self":[{"href":"https:\/\/lavoiedessansvoix.fr\/lavoie\/wp-json\/wp\/v2\/posts\/1399","targetHints":{"allow":["GET"]}}],"collection":[{"href":"https:\/\/lavoiedessansvoix.fr\/lavoie\/wp-json\/wp\/v2\/posts"}],"about":[{"href":"https:\/\/lavoiedessansvoix.fr\/lavoie\/wp-json\/wp\/v2\/types\/post"}],"author":[{"embeddable":true,"href":"https:\/\/lavoiedessansvoix.fr\/lavoie\/wp-json\/wp\/v2\/users\/1"}],"replies":[{"embeddable":true,"href":"https:\/\/lavoiedessansvoix.fr\/lavoie\/wp-json\/wp\/v2\/comments?post=1399"}],"version-history":[{"count":0,"href":"https:\/\/lavoiedessansvoix.fr\/lavoie\/wp-json\/wp\/v2\/posts\/1399\/revisions"}],"wp:attachment":[{"href":"https:\/\/lavoiedessansvoix.fr\/lavoie\/wp-json\/wp\/v2\/media?parent=1399"}],"wp:term":[{"taxonomy":"category","embeddable":true,"href":"https:\/\/lavoiedessansvoix.fr\/lavoie\/wp-json\/wp\/v2\/categories?post=1399"},{"taxonomy":"post_tag","embeddable":true,"href":"https:\/\/lavoiedessansvoix.fr\/lavoie\/wp-json\/wp\/v2\/tags?post=1399"}],"curies":[{"name":"wp","href":"https:\/\/api.w.org\/{rel}","templated":true}]}}