{"id":1394,"date":"2013-09-11T08:54:00","date_gmt":"2013-09-11T06:54:00","guid":{"rendered":"https:\/\/lavoiedessansvoix.fr\/lavoie\/2013\/09\/11\/archive-l-esprit-versaillais-a-propos-du-projet-de-resolution-onusienne-de-l-imbuvable-m\/"},"modified":"2013-09-11T08:54:00","modified_gmt":"2013-09-11T06:54:00","slug":"archive-l-esprit-versaillais-a-propos-du-projet-de-resolution-onusienne-de-l-imbuvable-m","status":"publish","type":"post","link":"https:\/\/lavoiedessansvoix.fr\/lavoie\/2013\/09\/11\/archive-l-esprit-versaillais-a-propos-du-projet-de-resolution-onusienne-de-l-imbuvable-m\/","title":{"rendered":"L\u2019ESPRIT VERSAILLAIS  \u00c0 PROPOS DU PROJET DE R\u00c9SOLUTION ONUSIENNE DE L\u2019IMBUVABLE MONSIEUR FABIUS"},"content":{"rendered":"<p>L\u2019ESPRIT VERSAILLAIS\u00c0 PROPOS DU PROJET DE R\u00c9SOLUTION ONUSIENNE DE L\u2019IMBUVABLE MONSIEUR FABIUSOn l\u2019a vu, les va-t-en-guerre fran\u00e7ais (et autres) n\u2019en ont rien \u00e0 fiche de l\u2019ONU et de sa \u00ab l\u00e9galit\u00e9 \u00bb, r\u00e9solus qu\u2019ils sont d\u2019intervenir militairement en Syrie, sans l\u2019aval de cette instance internationale. Au nombre de ceux-ci, et parmi les plus hargneux et les plus arrogants, voil\u00e0 trois semaines que le chef de l\u2019ex\u00e9cutif et celui de la diplomatie fran\u00e7aise se tapent du \u00ab Conseil de S\u00e9curit\u00e9 \u00bb comme d\u2019une queue de cerise.  C\u2019est pourtant sans honte, et avec l\u2019aplomb qui caract\u00e9rise habituellement les malhonn\u00eates gens que Laurent Fabius, plus rapide que son ombre, r\u00e9agissant \u00e0 l\u2019initiative russe du 9 septembre, se fait tout \u00e0 coup le champion de la \u00ab l\u00e9galit\u00e9 \u00bbonusienne en pr\u00e9sentant pr\u00e9cipitamment une r\u00e9solution fran\u00e7aise.Bon, nul n\u2019est dupe. Malgr\u00e9 les d\u00e9n\u00e9gations des Obama, Fabius, Hollande ou Kerry, il est clair que l\u2019initiative russe proposant la mise sous contr\u00f4le international et la destruction de l\u2019arsenal chimique syrien a \u00e9loign\u00e9 le risque d\u2019ex\u00e9cution des menaces de l\u2019imp\u00e9rialisme anglo-am\u00e9ricain. Ils ont beau dire que c\u2019est leurs muscles et leurs menaces d\u00e9lirantes qui ont fait peur \u00e0 Poutine et Bachar, chacun voit bien la r\u00e9alit\u00e9. Ce sont le calme et la sagesse diplomatique russe qui ont sauv\u00e9 la paix internationale quand des malades et des irresponsables, au nom de \u00ab la d\u00e9fense des int\u00e9r\u00eats cruciaux des \u00c9tats \u2013Unis \u00bb*, \u00e9taient pr\u00eats \u00e0 jeter l\u2019allumette dans le baril de poudre. Le clan occidental vient de subir une d\u00e9faite diplomatique en rase campagne. Poutine a fait \u00e9chec au fou. Le pape qui a pri\u00e9 Dieu et envoy\u00e9 une lettre au pr\u00e9sident du G20 a remerci\u00e9 Dieu. Il a raison. Il ne pouvait pas remercier Poutine. Cela aurait sans nul doute provoqu\u00e9 l\u2019ire des d\u00e9ments qui menacent la paix du monde. Il ne faut pas prendre le risque d\u2019humilier des fous dangereux. Mais attention aux optimistes. La menace s\u2019est \u00e9loign\u00e9e pour un temps, elle n\u2019a pas disparu. \u00c9chec, ce n\u2019est pas \u00ab \u00e9chec et mat \u00bb. Ils vont se d\u00e9gager de \u00ab ce mauvais pas \u00bb ils vont recommencer leurs d\u00e9lires, ils vont revenir \u00e0 la charge. D\u2019ailleurs, ne sont-ils pas toujours dans ce m\u00eame \u00ab tripe \u00bb ?On pourrait croire, d\u2019un premier abord, que le projet de r\u00e9solution de la France au Conseil de S\u00e9curit\u00e9 de l\u2019ONU, a pour objet de sauver la face, de tenter de faire oublier que la \u00ab diplomatie \u00bb fran\u00e7aise ne jurait encore il y a quelques heures que par le sang et par la guerre. Bien s\u00fbr il y a une part de \u00e7\u00e0 dans cette initiative. Mais l\u2019essentiel est ailleurs.Le mot \u00ab diplomatie \u00bb \u00e9voque couramment la pond\u00e9ration dans le propos, la politesse dans la conduite, le tact dans les propositions. La politesse eut consist\u00e9 ici, s\u2019agissant d\u2019une initiative russe, \u00e0 donner le temps \u00e0 la Russie de pr\u00e9ciser sa proposition en formulant sa propre r\u00e9solution \u00e0 soumettre au conseil de s\u00e9curit\u00e9 de l\u2019ONU. La pond\u00e9ration et le tact eurent consist\u00e9, se ralliant \u00e0 la proposition d\u2019autrui de ne pas la d\u00e9naturer en l\u2019assortissant de clauses propres \u00e0 la faire capoter**. Mais il faut bien se rendre \u00e0 l\u2019\u00e9vidence, toutes ces vertus diplomatiques n\u2019appartiennent pas \u00e0 l\u2019Ostrogoth qui s\u00e9vit au quai d\u2019Orsay. Celui-ci depuis qu\u2019il est en charge du dossier, s\u2019est moins comport\u00e9, comme un diplomate polic\u00e9 qu\u2019\u00e0 la mani\u00e8re d\u2019un chef de guerre en fureur. Lorsqu\u2019en mai, \u00e0 l\u2019occasion d\u2019une visite de John Kerry \u00e0 Moscou, fut arr\u00eat\u00e9 le principe de la \u00ab Conf\u00e9rence Gen\u00e8ve II sur la Syrie, nous appr\u00e9ci\u00e2mes tout de suite les r\u00e9actions de la diplomatie fran\u00e7aise en ces termes : \u00ab\u00a0la d\u00e9faite du CNS et le maintient de Bachar al Assad au pouvoir en Syrie, \u00e9quivaudrait \u00e0 un d\u00e9sastre diplomatique pour celle-ci\u00a0\u00bb?\u00a0\u00bb. \u00ab\u00a0C\u2019est pourquoi \u00e0 pr\u00e9sent la diplomatie fran\u00e7aise s\u2019\u00e9nerve, perd son sang froid. Ultime fa\u00e7on, la plus s\u00fbre \u00e0 son sens, d\u2019\u00e9viter le camouflet elle doit faire capoter la conf\u00e9rence \u00ab sine die \u00bb, ou pour le moins la condamner \u00e0 l\u2019\u00e9chec. C\u2019est pourquoi, ces derniers jours, \u00ab des journalistes ind\u00e9pendants du journal \u00ab Le Monde \u00bb, en mission command\u00e9e en Syrie, se sont efforc\u00e9s d\u2019accr\u00e9diter l\u2019id\u00e9e que l\u2019arm\u00e9e syrienne l\u00e9gale faisait usage d\u2019armes chimiques.\u00a0\u00bb(\u00ab La criminelle fuite en avant de la diplomatie fran\u00e7aise \u00bb 28 mai 2013). Puis nous f\u00fbmes amen\u00e9s \u00e0 \u00e9crire alors \u00ab Quant \u00e0 dire qu\u2019il ne veut pas \u00eatre trop pr\u00e9cis dans ces accusations pour ne pas nuire \u00e0 la conf\u00e9rence \u00ab Gen\u00e8ve 2 \u00bb cela rel\u00e8ve de la pire ignominie. \u00a0\u00bb Fran\u00e7ois Hollande, Laurent Fabius, la diplomatie fran\u00e7aise, ne travaille pas \u00e0 la pr\u00e9paration de \u00ab Gen\u00e8ve 2 \u00bb, toute leur \u00e9nergie, toute leur malignit\u00e9, ils l\u2019emploient au contraire \u00e0 faire en sorte que celle-ci n\u2019est jamais lieu.(\u00ab Laurent Fabius, entre irresponsabilit\u00e9 et ordure \u00bb 4 juin 2013).Avec la derni\u00e8re initiative russe pour \u00e9viter la catastrophe militaire, on se retrouve en fait dans un cas de figure similaire. Le ralliement de Fabius est du m\u00eame tonneau que fut son pr\u00e9tendu ralliement \u00e0 la conf\u00e9rence Gen\u00e8ve II. Les va-t-en-guerre ne peuvent d\u00e9cemment pas la rejeter sans examen. D\u00e9j\u00e0 que leurs opinions publiques sont r\u00e9ticentes \u00e0 les suivre. Ne serait-ce pas se les ali\u00e9ner d\u00e9finitivement ? Mais la r\u00e9solution Fabius est en vrai une peau de banane, jet\u00e9e sous les pas de la diplomatie russe avec pour objectif, point tant de lui souffler l\u2019initiative que, de s\u2019en emparer pour  conduire celle-ci \u00e0 l\u2019impasseEn v\u00e9rit\u00e9, le trio imp\u00e9rialiste (USA, Angleterre, France) veut la guerre, co\u00fbte que co\u00fbte) et le projet fran\u00e7ais de r\u00e9solution n\u2019est qu\u2019une feinte pour finir au plus vite l\u2019initiative russe, et reprendre les hostilit\u00e9s.Monsieur Fabius se croit-il rus\u00e9 ? Il a \u00e0 peine boug\u00e9 le petit doigt que d\u00e9j\u00e0 nous l\u2019avons d\u00e9crypt\u00e9.Il y a peu, un autre Ostrogoth, hasardait une banderille rh\u00e9torique empoisonn\u00e9e en direction de certains repr\u00e9sentants, de l\u2019opposition de droite, qui manifestaient ouvertement leur d\u00e9saccord avec les va-t-en-guerre du gouvernement et du PS. Harlem D\u00e9sir les traitait de \u00ab Munichois \u00bb. Dans sa superficialit\u00e9 croit-il que l\u2019infamie cens\u00e9e d\u00e9couler de l\u2019anath\u00e8me suffise \u00e0 dissimuler l\u2019ignorance de celui qui en use ? Moi, qui suis de l\u2019opposition, non pas de droite, mais de gauche, me suis senti tout autant vis\u00e9. Voil\u00e0 en quoi je suis fond\u00e9 \u00e0 lui r\u00e9pondre. L\u2019Histoire qui donne son sens infamant \u00e0 cette expression \u00e9cul\u00e9e est totalement inappropri\u00e9e \u00e0 la situation \u00e0 laquelle faisait allusion le premier secr\u00e9taire du PS. L\u2019Allemagne hitl\u00e9rienne \u00e9tait une grande puissance continentale dont les pr\u00e9tentions expansionnistes n\u2019\u00e9taient un secret pour personne, et qui se conduisait en agresseur. La Syrie elle est un petit pays au pass\u00e9 colonial, d\u2019un autre continent, qui n\u2019a attaqu\u00e9 personne hors de ses fronti\u00e8res ni n\u2019a entrepris aucunes men\u00e9es expansionnistes. C\u2019est m\u00eame l\u2019inverse qui est vrai. C\u2019est la Syrie en l\u2019occurrence qui est agress\u00e9e sur son propre sol par le clan occidental (\u00c9tats-Unis, Angleterre, France) et ses alli\u00e9s r\u00e9gionaux (Arabie Saoudite, Qatar, Turquie, Isra\u00ebl et Jordanie). Ce sont les pays du clan imp\u00e9rialiste occidental qui agressent des nations hors de leurs propres fronti\u00e8res et menacent la paix du monde par leur conduite agressive et dominatrice. S\u2019il fallait chercher l\u2019esprit munichois quelque part, c\u2019est donc chez ceux qui se couchent devant ou justifient l\u2019agression imp\u00e9rialiste qu\u2019il faudrait l\u2019identifier.Mais il n\u2019y a pas que la conf\u00e9rence de Munich dont le souvenir est de nature \u00e0 offenser la bonne conscience politique. Il y a aussi \u00ab le trait\u00e9 de Versailles \u00bb. Ce n\u2019est pas l\u2019esprit munichois bien s\u00fbr qui caract\u00e9rise \u00e0 pr\u00e9sent la diplomatie fran\u00e7aise, c\u2019est son esprit versaillais. Et, qu\u2019est-ce donc que l\u2019esprit versaillais ? C\u2019est celui qui au lendemain de la Premi\u00e8re Guerre mondiale a pr\u00e9sid\u00e9 \u00e0 la r\u00e9daction des trait\u00e9s de Versailles, de Saint-Germain, et quelques autres qui n\u2019en \u00e9taient que les d\u00e9clinaisons. Par quoi se caract\u00e9rise-t-il ? Par l\u2019arrogance, l\u2019oppression, la vindicte, la volont\u00e9 dominatrice et l\u2019incontinence dans le pillage et la rapine. L\u2019esprit versaillais est une r\u00e9surgence contemporaine de l\u2019art de la guerre du Moyen-\u00e2ge, quand les arm\u00e9es se \u00ab payaient sur la b\u00eate \u00bb et les rois sur le butin. L\u2019esprit versaillais est celui qui, qui sous le joug de la France, a mis l\u2019Allemagne \u00e0 genoux et aliment\u00e9 l\u2019esprit revanchard allemand qui fut l\u2019engrais de l\u2019Hitl\u00e9risme. L\u2019esprit versaillais c\u2019est celui qui anime Laurent Fabius et qui transparait dans son projet de r\u00e9solution onusienne, avide de vengeance et d\u2019humiliation de celui dont il a choisi lui-m\u00eame de se faire un ennemi.Mais Monsieur Fabius se m\u00e9prend. Comme Harlem D\u00e9sir, il se trompe de s\u00e9quence historique. La Syrie, en l\u2019\u00e9tat tout au moins, n\u2019est pas un pays vaincu sur lequel il peut s\u2019essuyer les pieds. C\u2019est un \u00c9tat ind\u00e9pendant et souverain. Elle ne vient pas de faire une offre de capitulation. Se d\u00e9clarant d\u2019accord avec la proposition russe, elle vient juste de vous faire une offre d\u2019apaisement pouvant ouvrir si vous le vouliez sur une offre de sortie de crise, la relance de l\u2019initiative \u00ab Gen\u00e8ve II \u00bb et la perspective d\u2019une sortie de crise n\u00e9goci\u00e9e.Mais nous ne sommes pas dupes. Nous vous avons fort bien compris Monsieur Fabius. Vous ne voulez pas de cela. Ce que vous voulez c\u2019est le sang des nations qui retombera, non pas bien s\u00fbr sur votre conscience, mais \u00e0 tout le moins sur votre m\u00e9moire.11 septembre 2013.\u2022    Dixit Barak Obama par la bouche de Caitlin Haydin Le 29 ao\u00fbt 2013. ** &#8211; D\u00e8s hier soir, 10 septembre, la Russie a fait savoir que le projet de r\u00e9solution fran\u00e7aise \u00e9tait inacceptable.<\/p>\n","protected":false},"excerpt":{"rendered":"<p>L\u2019ESPRIT VERSAILLAIS\u00c0 PROPOS DU PROJET DE R\u00c9SOLUTION ONUSIENNE DE L\u2019IMBUVABLE MONSIEUR FABIUSOn l\u2019a vu, les va-t-en-guerre fran\u00e7ais (et autres) n\u2019en [&hellip;]<\/p>\n","protected":false},"author":1,"featured_media":0,"comment_status":"open","ping_status":"open","sticky":false,"template":"","format":"standard","meta":{"sfsi_plus_gutenberg_text_before_share":"","sfsi_plus_gutenberg_show_text_before_share":"","sfsi_plus_gutenberg_icon_type":"","sfsi_plus_gutenberg_icon_alignemt":"","sfsi_plus_gutenburg_max_per_row":"","site-sidebar-layout":"default","site-content-layout":"","ast-site-content-layout":"default","site-content-style":"default","site-sidebar-style":"default","ast-global-header-display":"","ast-banner-title-visibility":"","ast-main-header-display":"","ast-hfb-above-header-display":"","ast-hfb-below-header-display":"","ast-hfb-mobile-header-display":"","site-post-title":"","ast-breadcrumbs-content":"","ast-featured-img":"","footer-sml-layout":"","ast-disable-related-posts":"","theme-transparent-header-meta":"","adv-header-id-meta":"","stick-header-meta":"","header-above-stick-meta":"","header-main-stick-meta":"","header-below-stick-meta":"","astra-migrate-meta-layouts":"default","ast-page-background-enabled":"default","ast-page-background-meta":{"desktop":{"background-color":"var(--ast-global-color-4)","background-image":"","background-repeat":"repeat","background-position":"center center","background-size":"auto","background-attachment":"scroll","background-type":"","background-media":"","overlay-type":"","overlay-color":"","overlay-opacity":"","overlay-gradient":""},"tablet":{"background-color":"","background-image":"","background-repeat":"repeat","background-position":"center center","background-size":"auto","background-attachment":"scroll","background-type":"","background-media":"","overlay-type":"","overlay-color":"","overlay-opacity":"","overlay-gradient":""},"mobile":{"background-color":"","background-image":"","background-repeat":"repeat","background-position":"center center","background-size":"auto","background-attachment":"scroll","background-type":"","background-media":"","overlay-type":"","overlay-color":"","overlay-opacity":"","overlay-gradient":""}},"ast-content-background-meta":{"desktop":{"background-color":"var(--ast-global-color-5)","background-image":"","background-repeat":"repeat","background-position":"center center","background-size":"auto","background-attachment":"scroll","background-type":"","background-media":"","overlay-type":"","overlay-color":"","overlay-opacity":"","overlay-gradient":""},"tablet":{"background-color":"var(--ast-global-color-5)","background-image":"","background-repeat":"repeat","background-position":"center center","background-size":"auto","background-attachment":"scroll","background-type":"","background-media":"","overlay-type":"","overlay-color":"","overlay-opacity":"","overlay-gradient":""},"mobile":{"background-color":"var(--ast-global-color-5)","background-image":"","background-repeat":"repeat","background-position":"center center","background-size":"auto","background-attachment":"scroll","background-type":"","background-media":"","overlay-type":"","overlay-color":"","overlay-opacity":"","overlay-gradient":""}},"footnotes":""},"categories":[16],"tags":[],"class_list":["post-1394","post","type-post","status-publish","format-standard","hentry","category-archives-cms"],"_links":{"self":[{"href":"https:\/\/lavoiedessansvoix.fr\/lavoie\/wp-json\/wp\/v2\/posts\/1394","targetHints":{"allow":["GET"]}}],"collection":[{"href":"https:\/\/lavoiedessansvoix.fr\/lavoie\/wp-json\/wp\/v2\/posts"}],"about":[{"href":"https:\/\/lavoiedessansvoix.fr\/lavoie\/wp-json\/wp\/v2\/types\/post"}],"author":[{"embeddable":true,"href":"https:\/\/lavoiedessansvoix.fr\/lavoie\/wp-json\/wp\/v2\/users\/1"}],"replies":[{"embeddable":true,"href":"https:\/\/lavoiedessansvoix.fr\/lavoie\/wp-json\/wp\/v2\/comments?post=1394"}],"version-history":[{"count":0,"href":"https:\/\/lavoiedessansvoix.fr\/lavoie\/wp-json\/wp\/v2\/posts\/1394\/revisions"}],"wp:attachment":[{"href":"https:\/\/lavoiedessansvoix.fr\/lavoie\/wp-json\/wp\/v2\/media?parent=1394"}],"wp:term":[{"taxonomy":"category","embeddable":true,"href":"https:\/\/lavoiedessansvoix.fr\/lavoie\/wp-json\/wp\/v2\/categories?post=1394"},{"taxonomy":"post_tag","embeddable":true,"href":"https:\/\/lavoiedessansvoix.fr\/lavoie\/wp-json\/wp\/v2\/tags?post=1394"}],"curies":[{"name":"wp","href":"https:\/\/api.w.org\/{rel}","templated":true}]}}