{"id":1390,"date":"2013-09-19T08:13:32","date_gmt":"2013-09-19T06:13:32","guid":{"rendered":"https:\/\/lavoiedessansvoix.fr\/lavoie\/2013\/09\/19\/archive-petites-audaces-de-la-mauvaise-foi-mediatique\/"},"modified":"2013-09-19T08:13:32","modified_gmt":"2013-09-19T06:13:32","slug":"archive-petites-audaces-de-la-mauvaise-foi-mediatique","status":"publish","type":"post","link":"https:\/\/lavoiedessansvoix.fr\/lavoie\/2013\/09\/19\/archive-petites-audaces-de-la-mauvaise-foi-mediatique\/","title":{"rendered":"PETITES AUDACES DE LA MAUVAISE FOI M\u00c9DIATIQUE"},"content":{"rendered":"<p>PETITES AUDACES DE LA MAUVAISE FOI M\u00c9DIATIQUEJournal de 13 heures de \u00ab France 2 \u00bb. \u00c9lise Lucet commentant la toute derni\u00e8re intervention de Bachar Al Assad , qui demande cyniquement, dit-elle, des financements pour l\u2019\u00e9limination de l\u2019arsenal chimique syrien, affirme que celui-ci a reconnu pour la premi\u00e8re fois d\u00e9tenir de telles armes. Et de UN !Nous savons que le 15 septembre, lors de son interview donn\u00e9 \u00e0 Claire Chazal sur TF1, Fran\u00e7ois Hollande, a dit \u00e0 peu pr\u00e8s ceci : \u00ab La pression que nous avons exerc\u00e9e avec les \u00c9tats-Unis a pay\u00e9. Bachar Al Assad qui avait toujours ni\u00e9 d\u00e9tenir un arsenal chimique l\u2019a enfin admis.\u00bb. Et de DEUX !Pour notre part, nous avons remarqu\u00e9 le 16 septembre, dans l\u2019article intitul\u00e9 : \u00ab Mais quelle ordure ce mec \u00bb : \u00ab\u00a0Autre mensonge flagrant. Il y a presque un an d\u00e9j\u00e0, je crois \u00e0 l\u2019\u00e9poque o\u00f9 Obama notifiait sa fameuse \u00ab ligne rouge \u00bb, Bachar Al Assad dans une intervention publique affirma qu\u2019il ne ferait pas usage des armes chimiques contre son peuple ni contre la r\u00e9bellion. Mais il ajouta qu\u2019il en ferait usage en cas d\u2019intervention \u00e9trang\u00e8re. N\u2019\u00e9tait-ce pas reconnaitre en poss\u00e9der.\u00a0\u00bbEt de TROIS !Et ou !  si l\u2019on en croit Claire Chazal, ce serait donc la troisi\u00e8me fois que Bachar Al Assad reconnait pour la premi\u00e8re fois d\u00e9tenir des armes chimiques.19 septembre 2013.<\/p>\n","protected":false},"excerpt":{"rendered":"<p>PETITES AUDACES DE LA MAUVAISE FOI M\u00c9DIATIQUEJournal de 13 heures de \u00ab France 2 \u00bb. \u00c9lise Lucet commentant la toute [&hellip;]<\/p>\n","protected":false},"author":1,"featured_media":0,"comment_status":"open","ping_status":"open","sticky":false,"template":"","format":"standard","meta":{"sfsi_plus_gutenberg_text_before_share":"","sfsi_plus_gutenberg_show_text_before_share":"","sfsi_plus_gutenberg_icon_type":"","sfsi_plus_gutenberg_icon_alignemt":"","sfsi_plus_gutenburg_max_per_row":"","site-sidebar-layout":"default","site-content-layout":"","ast-site-content-layout":"default","site-content-style":"default","site-sidebar-style":"default","ast-global-header-display":"","ast-banner-title-visibility":"","ast-main-header-display":"","ast-hfb-above-header-display":"","ast-hfb-below-header-display":"","ast-hfb-mobile-header-display":"","site-post-title":"","ast-breadcrumbs-content":"","ast-featured-img":"","footer-sml-layout":"","ast-disable-related-posts":"","theme-transparent-header-meta":"","adv-header-id-meta":"","stick-header-meta":"","header-above-stick-meta":"","header-main-stick-meta":"","header-below-stick-meta":"","astra-migrate-meta-layouts":"default","ast-page-background-enabled":"default","ast-page-background-meta":{"desktop":{"background-color":"var(--ast-global-color-4)","background-image":"","background-repeat":"repeat","background-position":"center center","background-size":"auto","background-attachment":"scroll","background-type":"","background-media":"","overlay-type":"","overlay-color":"","overlay-opacity":"","overlay-gradient":""},"tablet":{"background-color":"","background-image":"","background-repeat":"repeat","background-position":"center center","background-size":"auto","background-attachment":"scroll","background-type":"","background-media":"","overlay-type":"","overlay-color":"","overlay-opacity":"","overlay-gradient":""},"mobile":{"background-color":"","background-image":"","background-repeat":"repeat","background-position":"center center","background-size":"auto","background-attachment":"scroll","background-type":"","background-media":"","overlay-type":"","overlay-color":"","overlay-opacity":"","overlay-gradient":""}},"ast-content-background-meta":{"desktop":{"background-color":"var(--ast-global-color-5)","background-image":"","background-repeat":"repeat","background-position":"center center","background-size":"auto","background-attachment":"scroll","background-type":"","background-media":"","overlay-type":"","overlay-color":"","overlay-opacity":"","overlay-gradient":""},"tablet":{"background-color":"var(--ast-global-color-5)","background-image":"","background-repeat":"repeat","background-position":"center center","background-size":"auto","background-attachment":"scroll","background-type":"","background-media":"","overlay-type":"","overlay-color":"","overlay-opacity":"","overlay-gradient":""},"mobile":{"background-color":"var(--ast-global-color-5)","background-image":"","background-repeat":"repeat","background-position":"center center","background-size":"auto","background-attachment":"scroll","background-type":"","background-media":"","overlay-type":"","overlay-color":"","overlay-opacity":"","overlay-gradient":""}},"footnotes":""},"categories":[16],"tags":[],"class_list":["post-1390","post","type-post","status-publish","format-standard","hentry","category-archives-cms"],"_links":{"self":[{"href":"https:\/\/lavoiedessansvoix.fr\/lavoie\/wp-json\/wp\/v2\/posts\/1390","targetHints":{"allow":["GET"]}}],"collection":[{"href":"https:\/\/lavoiedessansvoix.fr\/lavoie\/wp-json\/wp\/v2\/posts"}],"about":[{"href":"https:\/\/lavoiedessansvoix.fr\/lavoie\/wp-json\/wp\/v2\/types\/post"}],"author":[{"embeddable":true,"href":"https:\/\/lavoiedessansvoix.fr\/lavoie\/wp-json\/wp\/v2\/users\/1"}],"replies":[{"embeddable":true,"href":"https:\/\/lavoiedessansvoix.fr\/lavoie\/wp-json\/wp\/v2\/comments?post=1390"}],"version-history":[{"count":0,"href":"https:\/\/lavoiedessansvoix.fr\/lavoie\/wp-json\/wp\/v2\/posts\/1390\/revisions"}],"wp:attachment":[{"href":"https:\/\/lavoiedessansvoix.fr\/lavoie\/wp-json\/wp\/v2\/media?parent=1390"}],"wp:term":[{"taxonomy":"category","embeddable":true,"href":"https:\/\/lavoiedessansvoix.fr\/lavoie\/wp-json\/wp\/v2\/categories?post=1390"},{"taxonomy":"post_tag","embeddable":true,"href":"https:\/\/lavoiedessansvoix.fr\/lavoie\/wp-json\/wp\/v2\/tags?post=1390"}],"curies":[{"name":"wp","href":"https:\/\/api.w.org\/{rel}","templated":true}]}}