{"id":1389,"date":"2013-09-21T08:46:00","date_gmt":"2013-09-21T06:46:00","guid":{"rendered":"https:\/\/lavoiedessansvoix.fr\/lavoie\/2013\/09\/21\/archive-quot-francois-fillon-explose-quot-et-quot-c-est-parti-comme-en-quatorze-quot\/"},"modified":"2013-09-21T08:46:00","modified_gmt":"2013-09-21T06:46:00","slug":"archive-quot-francois-fillon-explose-quot-et-quot-c-est-parti-comme-en-quatorze-quot","status":"publish","type":"post","link":"https:\/\/lavoiedessansvoix.fr\/lavoie\/2013\/09\/21\/archive-quot-francois-fillon-explose-quot-et-quot-c-est-parti-comme-en-quatorze-quot\/","title":{"rendered":"&quot;FRAN\u00c7OIS FILLON EXPLOSE&quot;. ET, &quot;C&rsquo;EST PARTI COMME EN QUATORZE.&quot;"},"content":{"rendered":"<p>\u00ab\u00a0FRAN\u00c7OIS FILLON EXPLOSE\u00a0\u00bb. ET, \u00ab\u00a0C&rsquo;EST PARTI COMME EN QUATORZE.\u00a0\u00bb(Ce sont deux petits articles, inspir\u00e9s tous deux par la \u00ab sortie \u00bb magistrale de Fran\u00e7ois Fillon \u00e0 Moscou le 18 septembre, que nous vous proposons aujourd\u2019hui.)1 &#8211; FRAN\u00c7OIS FILLON EXPLOSEFran\u00e7ois Hollande, Fran\u00e7ois Pape, Fran\u00e7ois Fillon Les trois Fran\u00e7ois. Deux contre un. Il y a quelques jours de \u00e7a, quand Fran\u00e7ois \u00ab la France \u00bb, hurlait \u00e0 la mort comme un loup, Fran\u00e7ois l\u2019\u00c9glise, berger des agneaux de Dieu b\u00ealait \u00e0 la paix et appelait toutes ses brebis et les brebis des autres proph\u00e8tes \u00e0 b\u00ealer de concert. Mais il ne s\u2019en tenait pas \u00e0 la pri\u00e8re en direction de l\u2019autorit\u00e9 spirituelle supr\u00eame. Il prenait la pr\u00e9caution, tout de m\u00eame, \u00ab ceinture et bretelle \u00bb d\u2019en r\u00e9f\u00e9rer aussi aux pouvoirs temporels. Et \u00e0 qui donc, Fran\u00e7ois l\u2019\u00c9v\u00eaque de Rome, jugeait-il bon d\u2019adresser sa pri\u00e8re \u00e9pistolaire ? \u00c0 Vladimir Poutine, au pr\u00e9texte certes habile que le Pr\u00e9sident de la f\u00e9d\u00e9ration de Russie, l\u2019alli\u00e9 de Bachar Al Assad et protecteur des chr\u00e9tiens d\u2019Orient, \u00e9tait pour deux jours aussi le Pr\u00e9sident du G20. En s\u2019adressant ainsi \u00e0 leur adversaire qu\u2019ils qualifient volontiers de dictateur et accuse \u00ab de prendre le Conseil de S\u00e9curit\u00e9 de l\u2019ONU en otage \u00bb, l\u2019intention pontificale n\u2019\u00e9tait-elle pas de souffleter Obama et Hollande le couple infernal ?Or, voil\u00e0 t\u2019y pas que quelques jours plus tard un autre larron entre en sc\u00e8ne qui en \u00ab\u00a0rajoute une couche.\u00a0\u00bbFran\u00e7ois le timide qui se tenait, en \u00ab collaborateur \u00bb fid\u00e8le, fesses serr\u00e9es, toujours deux pas en retrait derri\u00e8re son chef, le doigt sur la couture du pantalon, change de personnalit\u00e9, v\u00e9ritable m\u00e9tamorphose. Il \u00e9clot, il explose, il se r\u00e9v\u00e8le, aux autres et probablement \u00e0 lui m\u00eame. D\u00e9cembre 2010 c\u2019\u00e9tait en Tunisie le premier acte \u00ab du printemps arabe \u00bb, septembre 2013, c\u2019est \u00e0 Moscou le d\u00e9but \u00ab du printemps Fillon \u00bb. Fran\u00e7ois Pape avait sans nul doute voulu offenser ceux \u00e0 qui il ne pardonne pas de trahir les \u00e9glises orientales, Fran\u00e7ois Fillon, saluant son \u00ab cher Vladimir \u00bb n\u2019a pas craint d\u2019offenser celui auquel il reproche d\u2019avoir humili\u00e9 la France en mettant son p\u00e9dalo \u00e0 la remorque du navire amiral.Car, et c\u2019est une fa\u00e7on d\u2019en minimiser la port\u00e9e, certains n\u2019ont voulu entendre dans la sortie de Fran\u00e7ois Fillon, qu\u2019une petite phrase politicienne. Il aurait voulu se placer en premier adversaire de Fran\u00e7ois Hollande pour 2017. N\u2019est-ce pas un peu t\u00f4t ? Ne serait-ce pas aller un peu vite en besogne ? N\u2019est-ce pas surtout le moyen de faire l\u2019impasse sur le sens intrins\u00e8que et la port\u00e9e r\u00e9elle de cette phrase ? Fran\u00e7ois Fillon a dit ce qu\u2019il a dit. Il a d\u00e9nonc\u00e9 le suivisme de la diplomatie fran\u00e7aise, c&rsquo;est-\u00e0-dire l\u2019inf\u00e9odation de la politique \u00e9trang\u00e8re de la France \u00e0 celle des \u00c9tats unis. Fran\u00e7ois Fillon en quelque sorte, \u00e0 explos\u00e9 la politique \u00e9trang\u00e8re de la France.Bien que nous ne partagions rien d\u2019autre avec lui, nous le remercions d\u2019avoir ainsi, par inadvertance, renforc\u00e9 de son cr\u00e9dit de haut dignitaire de l\u2019\u00c9tat, l\u2019analyse et la critique que \u00ab La voie des sans voix \u00bb fait, depuis l\u2019av\u00e8nement de Sarkozy, de la politique \u00e9trang\u00e8re de la France.2 &#8211; C\u2019EST REPARTI COMME EN QUATORZE\u00ab \u00c7a ne se fait pas ! Surtout pour un ancien Premier ministre \u00bb. \u00ab Quand tu es ministre, tu fermes ta gueule ou tu d\u00e9missionnes \u00bb a dit un jour JP Chev\u00e8nement. \u00ab\u00a0Quant tu ne l\u2019ai plus tu la fermes encore\u00a0\u00bb pourraient ajouter Rafarin ou Jupp\u00e9. \u00ab\u00a0Il ne doit pas, \u00e0 l\u2019ext\u00e9rieur critiquer \u00ab la politique de la France\u00a0\u00bb. Nous avions entendu d\u00e9j\u00e0, \u00e0 l\u2019occasion de la publication de l\u2019interview de Bachar Al Assad par le Figaro, sonner ainsi les trompettes de la censure. Certains au pr\u00e9texte que par le suffrage universel ils sont d\u00e9tenteurs de la souverainet\u00e9 nationale, pr\u00e9cipitent la France dans des aventures guerri\u00e8res et criminelles, l\u2019abaissent et l\u2019humilie, et nonobstant que c\u2019est \u00ab la France \u00bb, qu\u2019elle est en guerre, les responsables politiques devraient \u00ab la fermer \u00bb ? Mais qu\u2019est-ce donc que ce chauvinisme rance ?C\u2019est l\u2019esprit de la censure de guerre. On voudrait aujourd\u2019hui que se taise un ancien premier ministre, et demain les journalistes et les citoyens lambda.Monsieur Jupp\u00e9 est du nombre de ceux qui s\u2019indignent de cette \u00ab profanation \u00bb du pouvoir central, de cet accroc \u00e0 \u00ab l\u2019esprit non \u00e9crit de la constitution \u00bb, et qui dit, \u00ab c\u2019est Poutine qui bloque, je pense que c\u2019est le message que Fran\u00e7ois Fillon aura fait passer tout de m\u00eame \u00e0 celui-ci. \u00bb. Car on l\u2019a compris, ceux qui s\u2019indignent de droites ou de gauches, sont en v\u00e9rit\u00e9 \u00ab les va-t-en-guerre \u00bb qui sont surtout f\u00e2ch\u00e9s qu\u2019une voix discordante au plus haut niveau s\u2019inscrive en faux contre leurs vell\u00e9it\u00e9s agressives. Si \u00ab c\u2019est Poutine qui bloque \u00bb, alors pour s\u00fbr, c\u2019est Jupp\u00e9 qui d\u00e9bloque. Ce gar\u00e7on dont on cru un instant qu\u2019il jouerait \u00e0 l\u2019avant centre comme premier attaquant restera, ce que durera sa carri\u00e8re, au poste d\u2019ailier droit. Jupp\u00e9 a compris une chose en politique, l\u2019importance de l\u2019\u00e9chafaudage institutionnel du gaullisme, et la primaut\u00e9 de la fonction pr\u00e9sidentielle qui en est la cl\u00e9 de voute. Il s\u2019en veut le gardien, il s\u2019y tient quel que soit l\u2019occupant du \u00ab tr\u00f4ne \u00bb, quelques petitesses, dont ce dernier, se rendre coupable. Ainsi, allait-il dans un pass\u00e9 r\u00e9cent, plusieurs fois au secours de Sarkozy, ainsi se pr\u00e9cipite-t-il de m\u00eame \u00e0 la rescousse de Hollande. Jupp\u00e9 a d\u00e9finitivement endoss\u00e9 le costume de \u00ab\u00a0serviteur de l\u2019\u00c9tat\u00a0\u00bb \u00ab stricto sensu \u00bb il n\u2019en sera jamais le chef. Hier matin, jusqu\u2019\u00e0 la mi-journ\u00e9e, presse, radios, t\u00e9l\u00e9s, focalisaient sur la sortie de Fran\u00e7ois Fillon. La \u00ab blogosph\u00e8re \u00bb s\u2019enflammait. Hier soir, journaux de 20 heures, calme plat, plus un mot sur le sujet. La censure est pass\u00e9e par l\u00e0. C\u2019est reparti comme en quatorze.20 septembre 2013.<\/p>\n","protected":false},"excerpt":{"rendered":"<p>\u00ab\u00a0FRAN\u00c7OIS FILLON EXPLOSE\u00a0\u00bb. ET, \u00ab\u00a0C&rsquo;EST PARTI COMME EN QUATORZE.\u00a0\u00bb(Ce sont deux petits articles, inspir\u00e9s tous deux par la \u00ab sortie [&hellip;]<\/p>\n","protected":false},"author":1,"featured_media":0,"comment_status":"open","ping_status":"open","sticky":false,"template":"","format":"standard","meta":{"sfsi_plus_gutenberg_text_before_share":"","sfsi_plus_gutenberg_show_text_before_share":"","sfsi_plus_gutenberg_icon_type":"","sfsi_plus_gutenberg_icon_alignemt":"","sfsi_plus_gutenburg_max_per_row":"","site-sidebar-layout":"default","site-content-layout":"","ast-site-content-layout":"default","site-content-style":"default","site-sidebar-style":"default","ast-global-header-display":"","ast-banner-title-visibility":"","ast-main-header-display":"","ast-hfb-above-header-display":"","ast-hfb-below-header-display":"","ast-hfb-mobile-header-display":"","site-post-title":"","ast-breadcrumbs-content":"","ast-featured-img":"","footer-sml-layout":"","ast-disable-related-posts":"","theme-transparent-header-meta":"","adv-header-id-meta":"","stick-header-meta":"","header-above-stick-meta":"","header-main-stick-meta":"","header-below-stick-meta":"","astra-migrate-meta-layouts":"default","ast-page-background-enabled":"default","ast-page-background-meta":{"desktop":{"background-color":"var(--ast-global-color-4)","background-image":"","background-repeat":"repeat","background-position":"center center","background-size":"auto","background-attachment":"scroll","background-type":"","background-media":"","overlay-type":"","overlay-color":"","overlay-opacity":"","overlay-gradient":""},"tablet":{"background-color":"","background-image":"","background-repeat":"repeat","background-position":"center center","background-size":"auto","background-attachment":"scroll","background-type":"","background-media":"","overlay-type":"","overlay-color":"","overlay-opacity":"","overlay-gradient":""},"mobile":{"background-color":"","background-image":"","background-repeat":"repeat","background-position":"center center","background-size":"auto","background-attachment":"scroll","background-type":"","background-media":"","overlay-type":"","overlay-color":"","overlay-opacity":"","overlay-gradient":""}},"ast-content-background-meta":{"desktop":{"background-color":"var(--ast-global-color-5)","background-image":"","background-repeat":"repeat","background-position":"center center","background-size":"auto","background-attachment":"scroll","background-type":"","background-media":"","overlay-type":"","overlay-color":"","overlay-opacity":"","overlay-gradient":""},"tablet":{"background-color":"var(--ast-global-color-5)","background-image":"","background-repeat":"repeat","background-position":"center center","background-size":"auto","background-attachment":"scroll","background-type":"","background-media":"","overlay-type":"","overlay-color":"","overlay-opacity":"","overlay-gradient":""},"mobile":{"background-color":"var(--ast-global-color-5)","background-image":"","background-repeat":"repeat","background-position":"center center","background-size":"auto","background-attachment":"scroll","background-type":"","background-media":"","overlay-type":"","overlay-color":"","overlay-opacity":"","overlay-gradient":""}},"footnotes":""},"categories":[16],"tags":[],"class_list":["post-1389","post","type-post","status-publish","format-standard","hentry","category-archives-cms"],"_links":{"self":[{"href":"https:\/\/lavoiedessansvoix.fr\/lavoie\/wp-json\/wp\/v2\/posts\/1389","targetHints":{"allow":["GET"]}}],"collection":[{"href":"https:\/\/lavoiedessansvoix.fr\/lavoie\/wp-json\/wp\/v2\/posts"}],"about":[{"href":"https:\/\/lavoiedessansvoix.fr\/lavoie\/wp-json\/wp\/v2\/types\/post"}],"author":[{"embeddable":true,"href":"https:\/\/lavoiedessansvoix.fr\/lavoie\/wp-json\/wp\/v2\/users\/1"}],"replies":[{"embeddable":true,"href":"https:\/\/lavoiedessansvoix.fr\/lavoie\/wp-json\/wp\/v2\/comments?post=1389"}],"version-history":[{"count":0,"href":"https:\/\/lavoiedessansvoix.fr\/lavoie\/wp-json\/wp\/v2\/posts\/1389\/revisions"}],"wp:attachment":[{"href":"https:\/\/lavoiedessansvoix.fr\/lavoie\/wp-json\/wp\/v2\/media?parent=1389"}],"wp:term":[{"taxonomy":"category","embeddable":true,"href":"https:\/\/lavoiedessansvoix.fr\/lavoie\/wp-json\/wp\/v2\/categories?post=1389"},{"taxonomy":"post_tag","embeddable":true,"href":"https:\/\/lavoiedessansvoix.fr\/lavoie\/wp-json\/wp\/v2\/tags?post=1389"}],"curies":[{"name":"wp","href":"https:\/\/api.w.org\/{rel}","templated":true}]}}