{"id":1387,"date":"2013-09-26T04:03:00","date_gmt":"2013-09-26T02:03:00","guid":{"rendered":"https:\/\/lavoiedessansvoix.fr\/lavoie\/2013\/09\/26\/archive-roms-le-malentendu-de-l-integration\/"},"modified":"2013-09-26T04:03:00","modified_gmt":"2013-09-26T02:03:00","slug":"archive-roms-le-malentendu-de-l-integration","status":"publish","type":"post","link":"https:\/\/lavoiedessansvoix.fr\/lavoie\/2013\/09\/26\/archive-roms-le-malentendu-de-l-integration\/","title":{"rendered":"\u00ab ROMS \u00bb, LE MALENTENDU DE L\u2019INT\u00c9GRATION."},"content":{"rendered":"<p>\u00ab ROMS \u00bb, LE MALENTENDU DE L\u2019INT\u00c9GRATION.Manuels Valls c\u2019est illustr\u00e9 ces derniers jours en d\u00e9clarant : \u00ab Il est illusoire de penser que l\u2019on r\u00e8gle le probl\u00e8me des populations Roms \u00e0 travers uniquement l\u2019insertion. Ajoutant que le syst\u00e8me des villages d&rsquo;insertion, qu&rsquo;il mettait lui-m\u00eame en avant un an plus t\u00f4t, ne concernait que \u00ab\u00a0quelques familles\u00a0\u00bb et que pour le reste, l&rsquo;int\u00e9gration \u00e9tait impossible. \u00bb (Le Monde. 25 9 2013)\u00c0 quoi Arnaud Montebourg a r\u00e9pondu en direction du ministre de l&rsquo;Int\u00e9rieur. \u00abIl n&rsquo;existe pas de th\u00e9orie selon laquelle tel peuple, telle personne de telle origine ne pourrait jamais au grand jamais s&rsquo;int\u00e9grer, \u00bb\u2026 \u00ab On a dit \u00e7a des Italiens, on a dit \u00e7a des Espagnols, on a dit \u00e7a des Portugais, on a dit \u00e7a des Arabes. D\u00e9cr\u00e9ter par avance que c&rsquo;est impossible me para\u00eet excessif et m\u00e9rite d&rsquo;\u00eatre corrig\u00e9.\u00bb Le Figaro (25 9 2013).Et \u00ab Le Monde \u00bb de pr\u00e9ciser, dans le m\u00eame article d\u00e9j\u00e0 cit\u00e9 : \u00a0\u00bb \u2026en d\u00e9signant l&rsquo;ensemble d&rsquo;une population \u00e9trang\u00e8re \u2013 et n\u00e9anmoins europ\u00e9enne \u2013, en stigmatisant une population ethniquement \u00e9tiquet\u00e9e, en la jugeant incapable de s&rsquo;int\u00e9grer en France, le ministre de l&rsquo;Int\u00e9rieur renonce \u00e0 des principes \u00e9l\u00e9mentaires r\u00e9publicains : l&rsquo;accueil, l&rsquo;int\u00e9gration, la solidarit\u00e9.\u00a0\u00bb Pour avoir droit de fouler le sol national et de s\u00e9journer dans \u00ab notre Patrie \u00bb, il faudrait donc \u00ab s\u2019int\u00e9grer \u00bb. Ne pas le faire serait de nature \u00e0 priver les \u00ab r\u00e9calcitrants \u00bb, du droit \u00e9l\u00e9mentaire, et th\u00e9oriquement inali\u00e9nable, de libre circulation reconnue \u00e0 tous les citoyens de l\u2019espace europ\u00e9en. Manuel Valls dit m\u00eame quelque part \u00ab s\u2019ins\u00e9rer \u00bb. Arnaud Montebourg qui le croch\u00e8te ne dit pas autre chose. L\u2019un dit que c\u2019est impossible et l\u2019autre que l\u2019on n\u2019a pas le droit de dire \u00e7a. Mais le d\u00e9bat des deux hommes tourne bien autour du seul th\u00e8me de \u00ab l\u2019int\u00e9gration \u00bb. Malgr\u00e9 son ton sentencieux, le journal \u00ab Le Monde \u00bb qui en r\u00e9f\u00e8re \u00ab aux principes \u00e9l\u00e9mentaires r\u00e9publicains \u00bb ne dit rien de plus.Mais le principe r\u00e9publicain, n\u2019est-ce pas surtout et avant tout le respect \u00ab de la diff\u00e9rence \u00bb ? Le principe r\u00e9publicain, n\u2019est-ce pas le respect des minorit\u00e9s, politiques, ethniques, religieuses et culturelles ? TOUS, de Manuels Valls \u00e0 Montebourg, en passant par Martine Aubry et Sarkozy et son discours \u00ab de Grenoble \u00bb auquel se r\u00e9f\u00e8re l\u2019actuel ministre de l\u2019Int\u00e9rieur, r\u00e9duisent ces principes \u00e0 la question de \u00ab l\u2019int\u00e9gration \u00bb. Mais l\u2019int\u00e9gration prise dans ce sens, n\u2019est-ce pas la n\u00e9gation m\u00eame des grands principes \u00ab \u00e9l\u00e9mentaires \u00bb ? \u00ab J\u2019accepte ta diff\u00e9rence si tu deviens pareil \u00e0 moi \u00bb, si tu adoptes le m\u00eame mode de vie que moi, la m\u00eame culture.Nous nous insurgeons contre cette mani\u00e8re de voir et de faire des \u00ab int\u00e9grateurs \u00bb, \u00ab inserseurs \u00bb et autres assimilateurs, de tous genres qui nous assomment de grandes d\u00e9clarations de principes sur le respect de la diff\u00e9rence, mais qui en v\u00e9rit\u00e9 la nie et la brime en toute circonstance, ne la supporte qu\u2019\u00e0 la condition expresse de l\u2019effacer. Le d\u00e9bat sur le port du voile et les lois liberticides qui s\u2019en sont suivies, contestant \u00e0 certains \u00ab leur diff\u00e9rence vestimentaire \u00bb, \u00e9tait un pr\u00e9c\u00e9dent dangereux dans cette voie de l\u2019intol\u00e9rance, au nom m\u00eame de la r\u00e9publique, une entorse honteuse aux principes r\u00e9publicains et une d\u00e9rive \u00ab dogmatique \u00bb du concept de la\u00efcit\u00e9. La justification en ce qui concerne le voile, dans un pays pourtant pionnier de la \u00ab libert\u00e9 de conscience \u00bb et de \u00ab la libert\u00e9 de culte \u00bb, fut qu\u2019il constituait un signe ext\u00e9rieur d\u2019appartenance religieuse et qu\u2019il \u00e9tait \u00ab d\u00e9gradant pour la femme \u00bb. La justification officielle, tout aussi contestable en ce qui concerne les brimades impos\u00e9es aux \u00ab Roms \u00bb, est l\u2019apparition de camps, v\u00e9ritables bidons-villes, \u00e0 la p\u00e9riph\u00e9rie de nos cit\u00e9s, les conditions de vie \u00ab indignes \u00bb qui y r\u00e8gnent, et la petite d\u00e9linquance qui s\u00e9vit \u00e0 leur proximit\u00e9. Pour v\u00e9ritables que soient ces observations, dans un cas comme dans l\u2019autre, elles n\u2019en sont pas moins des pr\u00e9textes pour s\u2019\u00e9manciper des principes et devoirs de la R\u00e9publique. Le principe r\u00e9publicain disons nous, sans crainte de nous tromper, c\u2019est d\u2019accueillir et de faire une place, aux populations roms ou autres migrants ou minorit\u00e9s, dans le respect de leurs diff\u00e9rences.Bon, on savait depuis belle lurette que la \u00ab Droite \u00bb et la \u00ab Gauche \u00bb, en mati\u00e8re de politique \u00e9conomique et sociale, c\u2019\u00e9tait \u00ab blanc bonnet et bonnet blanc \u00bb. Nous avons vu r\u00e9cemment, \u00e0 propos de la question syrienne, qu\u2019il n\u2019y avait pas la moindre diff\u00e9rence non plus, entre Sarkozy et Hollande en mati\u00e8re de politique \u00e9trang\u00e8re qui consiste dans le m\u00eame alignement honteux sur la politique am\u00e9ricaine. Mais, la \u00ab pr\u00e9tendue gauche \u00bb semblait vouloir s\u2019accrocher tout de m\u00eame \u00e0 quelques d\u00e9tails distinctifs en mati\u00e8re de \u00ab soci\u00e9t\u00e9 \u00bb : n\u2019avait-elle pas aboli jadis la peine de mort et n\u2019ouvrait-elle pas \u00e0 pr\u00e9sent \u00ab le droit au mariage aux couples homosexuels \u00bb ?.Mais avec cette incursion de Manuel Valls dans les pas de Sarkozy, m\u00eame cette ultime \u00ab diff\u00e9renciation morale \u00bb disparait. Nous voil\u00e0 revenus trois ans en arri\u00e8re quand, la conduite inqualifiable de la France, sur cette m\u00eame question, avait d\u00e9j\u00e0 valu \u00e0 notre pays \u00ab des droits de l\u2019homme \u00bb l\u2019humiliation de se faire tancer, en septembre 2010, par la commission europ\u00e9enne.Nous avions \u00e9crit alors :\u00ab Le mode de vie des populations nomades, qui est une question culturelle, et en inad\u00e9quation avec la culture de nos soci\u00e9t\u00e9s s\u00e9dentaires. Dans ces derni\u00e8res, la totalit\u00e9 de l\u2019espace, priv\u00e9 ou public, rel\u00e8ve du statut de la propri\u00e9t\u00e9, et ne fait aucune place \u00e0 ceux qui ne sont, ni propri\u00e9taires, ni locataires, c&rsquo;est-\u00e0-dire hors statut. Et c\u2019est sans nul doute, parce que leurs existences bousculent notre sens exacerb\u00e9 de la propri\u00e9t\u00e9, pilier fondamental de notre mode de vie, que les populations nomades sont de longtemps, trait\u00e9es en parias par nos institutions. Le respect de la diff\u00e9rence culturelle, le respect du droit des minorit\u00e9s, sans lesquels il n\u2019y a pas de d\u00e9mocratie, commande que l\u2019on cherche les moyens d\u2019une cohabitation la plus harmonieuse possible.La question n\u2019est donc pas celle de la \u00ab l\u00e9galit\u00e9 \u00bb ou pas des camps, mais bien celle de l\u2019acceptation ou non de la diff\u00e9rence. On peut vouloir cr\u00e9er un cadre juridique ayant pour objet de d\u00e9finir \u00ab une l\u00e9galit\u00e9 \u00bb \u00e0 un mode de vie ressenti comme \u00ab a social \u00bb. Comme cela a \u00e9t\u00e9 fait, concernant \u00ab les gens du voyage \u00bb, avec l\u2019obligation, malheureusement si mal respect\u00e9e, faite aux communes, de tenir des terrains am\u00e9nag\u00e9s \u00e0 la disposition de ceux-ci.Ainsi pos\u00e9e, la question de l\u2019ill\u00e9galit\u00e9 des camps de Roms, invoqu\u00e9e pour justifier l\u2019action brutale et amorale de l\u2019\u00c9tat fran\u00e7ais, devrait \u00e9ventuellement d\u00e9boucher sur la recherche d\u2019un \u00ab possible l\u00e9gal \u00bb, et ne saurait en aucun cas justifier ni leur d\u00e9mant\u00e8lement ni l\u2019expulsion de leurs populations. \u00bbTrois ans plus tard nous pouvons ajouter, et ce sera notre conclusion : la question de l\u2019int\u00e9gration, possible ou non, ne saurait \u00eatre davantage tenue pour une justification valable \u00e0 pareille inconduite de l\u2019\u00c9tat.26 septembre 2013.<\/p>\n","protected":false},"excerpt":{"rendered":"<p>\u00ab ROMS \u00bb, LE MALENTENDU DE L\u2019INT\u00c9GRATION.Manuels Valls c\u2019est illustr\u00e9 ces derniers jours en d\u00e9clarant : \u00ab Il est illusoire [&hellip;]<\/p>\n","protected":false},"author":1,"featured_media":0,"comment_status":"open","ping_status":"open","sticky":false,"template":"","format":"standard","meta":{"sfsi_plus_gutenberg_text_before_share":"","sfsi_plus_gutenberg_show_text_before_share":"","sfsi_plus_gutenberg_icon_type":"","sfsi_plus_gutenberg_icon_alignemt":"","sfsi_plus_gutenburg_max_per_row":"","site-sidebar-layout":"default","site-content-layout":"","ast-site-content-layout":"default","site-content-style":"default","site-sidebar-style":"default","ast-global-header-display":"","ast-banner-title-visibility":"","ast-main-header-display":"","ast-hfb-above-header-display":"","ast-hfb-below-header-display":"","ast-hfb-mobile-header-display":"","site-post-title":"","ast-breadcrumbs-content":"","ast-featured-img":"","footer-sml-layout":"","ast-disable-related-posts":"","theme-transparent-header-meta":"","adv-header-id-meta":"","stick-header-meta":"","header-above-stick-meta":"","header-main-stick-meta":"","header-below-stick-meta":"","astra-migrate-meta-layouts":"default","ast-page-background-enabled":"default","ast-page-background-meta":{"desktop":{"background-color":"var(--ast-global-color-4)","background-image":"","background-repeat":"repeat","background-position":"center center","background-size":"auto","background-attachment":"scroll","background-type":"","background-media":"","overlay-type":"","overlay-color":"","overlay-opacity":"","overlay-gradient":""},"tablet":{"background-color":"","background-image":"","background-repeat":"repeat","background-position":"center center","background-size":"auto","background-attachment":"scroll","background-type":"","background-media":"","overlay-type":"","overlay-color":"","overlay-opacity":"","overlay-gradient":""},"mobile":{"background-color":"","background-image":"","background-repeat":"repeat","background-position":"center center","background-size":"auto","background-attachment":"scroll","background-type":"","background-media":"","overlay-type":"","overlay-color":"","overlay-opacity":"","overlay-gradient":""}},"ast-content-background-meta":{"desktop":{"background-color":"var(--ast-global-color-5)","background-image":"","background-repeat":"repeat","background-position":"center center","background-size":"auto","background-attachment":"scroll","background-type":"","background-media":"","overlay-type":"","overlay-color":"","overlay-opacity":"","overlay-gradient":""},"tablet":{"background-color":"var(--ast-global-color-5)","background-image":"","background-repeat":"repeat","background-position":"center center","background-size":"auto","background-attachment":"scroll","background-type":"","background-media":"","overlay-type":"","overlay-color":"","overlay-opacity":"","overlay-gradient":""},"mobile":{"background-color":"var(--ast-global-color-5)","background-image":"","background-repeat":"repeat","background-position":"center center","background-size":"auto","background-attachment":"scroll","background-type":"","background-media":"","overlay-type":"","overlay-color":"","overlay-opacity":"","overlay-gradient":""}},"footnotes":""},"categories":[16],"tags":[],"class_list":["post-1387","post","type-post","status-publish","format-standard","hentry","category-archives-cms"],"_links":{"self":[{"href":"https:\/\/lavoiedessansvoix.fr\/lavoie\/wp-json\/wp\/v2\/posts\/1387","targetHints":{"allow":["GET"]}}],"collection":[{"href":"https:\/\/lavoiedessansvoix.fr\/lavoie\/wp-json\/wp\/v2\/posts"}],"about":[{"href":"https:\/\/lavoiedessansvoix.fr\/lavoie\/wp-json\/wp\/v2\/types\/post"}],"author":[{"embeddable":true,"href":"https:\/\/lavoiedessansvoix.fr\/lavoie\/wp-json\/wp\/v2\/users\/1"}],"replies":[{"embeddable":true,"href":"https:\/\/lavoiedessansvoix.fr\/lavoie\/wp-json\/wp\/v2\/comments?post=1387"}],"version-history":[{"count":0,"href":"https:\/\/lavoiedessansvoix.fr\/lavoie\/wp-json\/wp\/v2\/posts\/1387\/revisions"}],"wp:attachment":[{"href":"https:\/\/lavoiedessansvoix.fr\/lavoie\/wp-json\/wp\/v2\/media?parent=1387"}],"wp:term":[{"taxonomy":"category","embeddable":true,"href":"https:\/\/lavoiedessansvoix.fr\/lavoie\/wp-json\/wp\/v2\/categories?post=1387"},{"taxonomy":"post_tag","embeddable":true,"href":"https:\/\/lavoiedessansvoix.fr\/lavoie\/wp-json\/wp\/v2\/tags?post=1387"}],"curies":[{"name":"wp","href":"https:\/\/api.w.org\/{rel}","templated":true}]}}