{"id":1384,"date":"2013-10-02T08:56:47","date_gmt":"2013-10-02T06:56:47","guid":{"rendered":"https:\/\/lavoiedessansvoix.fr\/lavoie\/2013\/10\/02\/archive-l-exception-de-la-loi-a-propos-du-repos-dominical\/"},"modified":"2013-10-02T08:56:47","modified_gmt":"2013-10-02T06:56:47","slug":"archive-l-exception-de-la-loi-a-propos-du-repos-dominical","status":"publish","type":"post","link":"https:\/\/lavoiedessansvoix.fr\/lavoie\/2013\/10\/02\/archive-l-exception-de-la-loi-a-propos-du-repos-dominical\/","title":{"rendered":"L\u2019EXCEPTION DE LA LOI  \u00c0 PROPOS DU REPOS DOMINICAL."},"content":{"rendered":"<p>L\u2019EXCEPTION DE LA LOI\u00c0 PROPOS DU REPOS DOMINICAL.\u00ab Ces gens-l\u00e0 \u00bb parlent faux. Ils ne disent pas \u00ab nous allons faire baisser les salaires \u00bb, ils disent \u00ab nous prenons des mesures pour am\u00e9liorer la comp\u00e9titivit\u00e9 des entreprises \u00bb. Ils ne disent pas \u00ab nous avons comme objectif de r\u00e9duire la couverture sociale des Fran\u00e7ais \u00bb, ils disent : \u00ab nous faisons baisser les charges des entreprises \u00bb, ils ne disent pas \u00ab nous allons continuer \u00e0 r\u00e9duire les emplois industriels aussi longtemps que les salaires nationaux seront plus \u00e9lev\u00e9s que ceux de la Tha\u00eflande ou de la Roumanie \u00bb, ils disent \u00ab nous faisons de l\u2019emploi notre priorit\u00e9 \u00bb, etc.Il y a en effet diverses philosophies en mati\u00e8re \u00ab d\u2019esprit des lois \u00bb. Certains ont recours parfois \u00ab aux lois d\u2019exception \u00bb. Ceux que certains appellent encore \u00ab les sociaux-d\u00e9mocrates \u00bb pratiquent eux \u00ab l\u2019exception de la loi \u00bb, c\u2019est m\u00eame un de leurs stratag\u00e8mes favoris.C\u2019est dire qu\u2019ils \u00e9dictent ou d\u00e9fendent des lois sociales : la retraite \u00e0 60 ans, \u00ab\u00a0grande conqu\u00eate de la Gauche de 81\u00a0\u00bb, les 35 heures, \u00ab\u00a0grande conqu\u00eate de la Gauche de 97\u00a0\u00bb, le droit au repos dominical. Ils pr\u00e9tendent m\u00eame vouloir d\u00e9fendre fermement celles-ci. Pas question de les abroger, ni m\u00eame d\u2019en contester le principe. Leur technique \u00e0 eux c\u2019est la loi-cadre. Ou, \u00e0 vrai dire, la loi-cadre-vide. Celle qui \u00e9dicte un principe jamais appliqu\u00e9. La loi qui \u00ab encadre \u00bb. \u00ab Allez donc vous faire encadrer \u00bb semblent-ils dire en effet tout bas \u00e0 l\u2019adresse des salari\u00e9s. Il en va ainsi du droit \u00e0 la retraite \u00e0 60 ans, ils affirment ne pas y toucher, mais allongent \u00e0 43 les annuit\u00e9s n\u00e9cessaires donnant droit \u00e0 une retraite \u00e0 taux plein, modifient de surcroit le mode de calcul des pensions, si bien qu\u2019en v\u00e9rit\u00e9 plus personne ne pourra partir \u00e0 l\u2019\u00e2ge ouvrable. Il en va de m\u00eame pour la semaine de 35 heures, qui sortit des administrations est d\u00e9j\u00e0 devenu l\u2019exception dans le secteur priv\u00e9, submerg\u00e9e qu\u2019elle est par les d\u00e9rogations d\u2019entreprises, d\u00e9bord\u00e9e par la pratique massive des heures suppl\u00e9mentaires. La loi c\u2019est le droit au repos dominical. \u00c0 la loi, il y a, et c\u2019est bien naturel, des d\u00e9rogations. Certains secteurs comme la sant\u00e9 par exemple le n\u00e9cessitent. La loi ce doit \u00eatre la loi, et les d\u00e9rogations ne devraient \u00eatre que de l\u2019ordre de ces \u00ab exceptions \u00bb qui, dit-on, confirment les r\u00e8gles. Ils sont d\u2019accord. Le droit au repos dominical, c\u2019est la loi, le Code du travail. Ils ne toucheront pas \u00e0 ce principe nous disent \u00e0 son de trompe ces \u00ab faux-culs \u00bb. \u00ab\u00a0Nous ne transigerons pas sur le repos dominical\u00a0\u00bb, tonitrue Benoit Hamon ministre d\u00e9l\u00e9gu\u00e9 \u00e0 l&rsquo;\u00c9conomie sociale et solidaire et \u00e0 la Consommation. C\u2019\u00e9tait le 28 septembre. Le surlendemain \u00ab \u00c0 l&rsquo;issue d&rsquo;une r\u00e9union lundi \u00e0 Matignon entre le Premier ministre, Jean-Marc Ayrault, et les ministres Sylvia Pinel (Commerce), Michel Sapin (Travail), Beno\u00eet Hamon (Consommation) et Pierre Moscovici (\u00c9conomie), mission a \u00e9t\u00e9 confi\u00e9e \u00e0 Jean-Paul Bailly de faire des propositions de r\u00e9forme fin novembre. \u00bb (le Point.fr, 30 septembre 2013)Et bien s\u00fbr, comme Benoit Hamon l\u2019avant-veille, Michel Sapin, lundi matin, jure aussi ses \u00ab grands Dieux\u00bb qu\u2019il \u00ab ne s&rsquo;agit en aucun cas de \u00ab\u00a0toucher \u00e0 cette r\u00e8gle\u00a0\u00bb du repos dominical. \u00bb Non bien s\u00fbr. C\u2019est bien vrai qu\u2019ils \u00ab n\u2019y toucheront pas. Fid\u00e8les \u00e0 leur m\u00e9thode ils la videront seulement de sa substance. Que croyez-vous donc que va faire la \u00ab mission Bailly \u00bb, sinon \u00e9tendre encore les d\u00e9rogations, tant, qu\u2019\u00e0 la fin c\u2019est la loi qui deviendra l\u2019exception. \u00ab 2 octobre 2013.<\/p>\n","protected":false},"excerpt":{"rendered":"<p>L\u2019EXCEPTION DE LA LOI\u00c0 PROPOS DU REPOS DOMINICAL.\u00ab Ces gens-l\u00e0 \u00bb parlent faux. Ils ne disent pas \u00ab nous allons [&hellip;]<\/p>\n","protected":false},"author":1,"featured_media":0,"comment_status":"open","ping_status":"open","sticky":false,"template":"","format":"standard","meta":{"sfsi_plus_gutenberg_text_before_share":"","sfsi_plus_gutenberg_show_text_before_share":"","sfsi_plus_gutenberg_icon_type":"","sfsi_plus_gutenberg_icon_alignemt":"","sfsi_plus_gutenburg_max_per_row":"","site-sidebar-layout":"default","site-content-layout":"","ast-site-content-layout":"default","site-content-style":"default","site-sidebar-style":"default","ast-global-header-display":"","ast-banner-title-visibility":"","ast-main-header-display":"","ast-hfb-above-header-display":"","ast-hfb-below-header-display":"","ast-hfb-mobile-header-display":"","site-post-title":"","ast-breadcrumbs-content":"","ast-featured-img":"","footer-sml-layout":"","ast-disable-related-posts":"","theme-transparent-header-meta":"","adv-header-id-meta":"","stick-header-meta":"","header-above-stick-meta":"","header-main-stick-meta":"","header-below-stick-meta":"","astra-migrate-meta-layouts":"default","ast-page-background-enabled":"default","ast-page-background-meta":{"desktop":{"background-color":"var(--ast-global-color-4)","background-image":"","background-repeat":"repeat","background-position":"center center","background-size":"auto","background-attachment":"scroll","background-type":"","background-media":"","overlay-type":"","overlay-color":"","overlay-opacity":"","overlay-gradient":""},"tablet":{"background-color":"","background-image":"","background-repeat":"repeat","background-position":"center center","background-size":"auto","background-attachment":"scroll","background-type":"","background-media":"","overlay-type":"","overlay-color":"","overlay-opacity":"","overlay-gradient":""},"mobile":{"background-color":"","background-image":"","background-repeat":"repeat","background-position":"center center","background-size":"auto","background-attachment":"scroll","background-type":"","background-media":"","overlay-type":"","overlay-color":"","overlay-opacity":"","overlay-gradient":""}},"ast-content-background-meta":{"desktop":{"background-color":"var(--ast-global-color-5)","background-image":"","background-repeat":"repeat","background-position":"center center","background-size":"auto","background-attachment":"scroll","background-type":"","background-media":"","overlay-type":"","overlay-color":"","overlay-opacity":"","overlay-gradient":""},"tablet":{"background-color":"var(--ast-global-color-5)","background-image":"","background-repeat":"repeat","background-position":"center center","background-size":"auto","background-attachment":"scroll","background-type":"","background-media":"","overlay-type":"","overlay-color":"","overlay-opacity":"","overlay-gradient":""},"mobile":{"background-color":"var(--ast-global-color-5)","background-image":"","background-repeat":"repeat","background-position":"center center","background-size":"auto","background-attachment":"scroll","background-type":"","background-media":"","overlay-type":"","overlay-color":"","overlay-opacity":"","overlay-gradient":""}},"footnotes":""},"categories":[16],"tags":[],"class_list":["post-1384","post","type-post","status-publish","format-standard","hentry","category-archives-cms"],"_links":{"self":[{"href":"https:\/\/lavoiedessansvoix.fr\/lavoie\/wp-json\/wp\/v2\/posts\/1384","targetHints":{"allow":["GET"]}}],"collection":[{"href":"https:\/\/lavoiedessansvoix.fr\/lavoie\/wp-json\/wp\/v2\/posts"}],"about":[{"href":"https:\/\/lavoiedessansvoix.fr\/lavoie\/wp-json\/wp\/v2\/types\/post"}],"author":[{"embeddable":true,"href":"https:\/\/lavoiedessansvoix.fr\/lavoie\/wp-json\/wp\/v2\/users\/1"}],"replies":[{"embeddable":true,"href":"https:\/\/lavoiedessansvoix.fr\/lavoie\/wp-json\/wp\/v2\/comments?post=1384"}],"version-history":[{"count":0,"href":"https:\/\/lavoiedessansvoix.fr\/lavoie\/wp-json\/wp\/v2\/posts\/1384\/revisions"}],"wp:attachment":[{"href":"https:\/\/lavoiedessansvoix.fr\/lavoie\/wp-json\/wp\/v2\/media?parent=1384"}],"wp:term":[{"taxonomy":"category","embeddable":true,"href":"https:\/\/lavoiedessansvoix.fr\/lavoie\/wp-json\/wp\/v2\/categories?post=1384"},{"taxonomy":"post_tag","embeddable":true,"href":"https:\/\/lavoiedessansvoix.fr\/lavoie\/wp-json\/wp\/v2\/tags?post=1384"}],"curies":[{"name":"wp","href":"https:\/\/api.w.org\/{rel}","templated":true}]}}