{"id":1383,"date":"2013-10-02T17:19:58","date_gmt":"2013-10-02T15:19:58","guid":{"rendered":"https:\/\/lavoiedessansvoix.fr\/lavoie\/2013\/10\/02\/archive-tout-et-son-contraire-najat-vallaud-belkacem-se-prend-les-pieds-dans-le-tapis\/"},"modified":"2013-10-02T17:19:58","modified_gmt":"2013-10-02T15:19:58","slug":"archive-tout-et-son-contraire-najat-vallaud-belkacem-se-prend-les-pieds-dans-le-tapis","status":"publish","type":"post","link":"https:\/\/lavoiedessansvoix.fr\/lavoie\/2013\/10\/02\/archive-tout-et-son-contraire-najat-vallaud-belkacem-se-prend-les-pieds-dans-le-tapis\/","title":{"rendered":"TOUT ET SON CONTRAIRE Najat Vallaud-Belkacem se prend les pieds dans le tapis."},"content":{"rendered":"<p>TOUT ET SON CONTRAIRENajat Vallaud-Belkacem se prend les pieds dans le tapis.Revenant d\u2019une promenade, j\u2019eus l\u2019occasion d\u2019entendre sur mon autoradio une grande partie de l&rsquo;\u00e9mission \u00ab\u00a0Tous Politiques\u00a0\u00bb (France Inter \/ France 24 \/ Le Parisien). Najat Vallaud-Belkacem porte-parole du gouvernement et ministre des Droits des femmes, \u00bb en \u00e9tait l\u2019invit\u00e9e, ce dimanche 29 septembre. Celle-ci qui protestait de la bonne foi du gouvernement auquel elle appartient voulait d\u00e9montrer qu\u2019avec les \u00ab emplois d\u2019avenir \u00bb, \u00ab contrats de g\u00e9n\u00e9ration \u00bb, et autres emplois aid\u00e9s, celui-ci redistribuait du pouvoir d\u2019achat. Et comme ces interlocuteurs paraissaient sceptiques, elle contre-attaqua. \u00ab D\u2019ailleurs &#8211; dit-elle &#8211; il faudrait voir \u00e0 ne pas nous accuser de tout et son contraire. Ce gouvernement est celui qui a fait le plus d\u2019effort pour l\u2019am\u00e9lioration de la comp\u00e9titivit\u00e9 des entreprises. \u00bb Soit, on le lui conc\u00e8de. Le malheur pour la petite dame, c\u2019est que cette phrase contredit la pr\u00e9c\u00e9dente.  Chacun sait que \u00ab comp\u00e9titivit\u00e9 \u00bb est d\u2019abord synonyme de baisse des salaires et donc de r\u00e9cession du pouvoir d\u2019achat. D\u00e8s lors si l\u2019on s\u2019enorgueillit d\u2019avoir \u0153uvr\u00e9 si bien et si efficacement pour la baisse de la masse salariale, comment peut-on dans le m\u00eame temps pr\u00e9tendre que l\u2019on a redistribu\u00e9 du pouvoir d\u2019achat. Il est certes possible que l\u2019on ait distribu\u00e9 diff\u00e9remment le pouvoir d\u2019achat existant, d\u2019ailleurs d\u00e9j\u00e0 ponctionn\u00e9, et que certaines cat\u00e9gories de salari\u00e9s b\u00e9n\u00e9ficient d\u2019une partie des ponctions que l\u2019on a faites sur d\u2019autres. Mais si l\u2019on a v\u00e9ritablement fait reculer le pouvoir d\u2019achat des salaires et am\u00e9liorer ainsi la comp\u00e9titivit\u00e9, cela signifie n\u00e9cessairement que de mani\u00e8re globale l\u2019on a confisqu\u00e9 plus de pouvoir d\u2019achat, que l\u2019on en a distribu\u00e9.Najat Vallaud-Belkacem qui reprochait \u00e0 d\u2019autres de le faire, n\u2019a-t-elle pas dit elle-m\u00eame \u00ab le tout et son contraire \u00bb ?2 octobre 2013.<\/p>\n","protected":false},"excerpt":{"rendered":"<p>TOUT ET SON CONTRAIRENajat Vallaud-Belkacem se prend les pieds dans le tapis.Revenant d\u2019une promenade, j\u2019eus l\u2019occasion d\u2019entendre sur mon autoradio [&hellip;]<\/p>\n","protected":false},"author":1,"featured_media":0,"comment_status":"open","ping_status":"open","sticky":false,"template":"","format":"standard","meta":{"sfsi_plus_gutenberg_text_before_share":"","sfsi_plus_gutenberg_show_text_before_share":"","sfsi_plus_gutenberg_icon_type":"","sfsi_plus_gutenberg_icon_alignemt":"","sfsi_plus_gutenburg_max_per_row":"","site-sidebar-layout":"default","site-content-layout":"","ast-site-content-layout":"default","site-content-style":"default","site-sidebar-style":"default","ast-global-header-display":"","ast-banner-title-visibility":"","ast-main-header-display":"","ast-hfb-above-header-display":"","ast-hfb-below-header-display":"","ast-hfb-mobile-header-display":"","site-post-title":"","ast-breadcrumbs-content":"","ast-featured-img":"","footer-sml-layout":"","ast-disable-related-posts":"","theme-transparent-header-meta":"","adv-header-id-meta":"","stick-header-meta":"","header-above-stick-meta":"","header-main-stick-meta":"","header-below-stick-meta":"","astra-migrate-meta-layouts":"default","ast-page-background-enabled":"default","ast-page-background-meta":{"desktop":{"background-color":"var(--ast-global-color-4)","background-image":"","background-repeat":"repeat","background-position":"center center","background-size":"auto","background-attachment":"scroll","background-type":"","background-media":"","overlay-type":"","overlay-color":"","overlay-opacity":"","overlay-gradient":""},"tablet":{"background-color":"","background-image":"","background-repeat":"repeat","background-position":"center center","background-size":"auto","background-attachment":"scroll","background-type":"","background-media":"","overlay-type":"","overlay-color":"","overlay-opacity":"","overlay-gradient":""},"mobile":{"background-color":"","background-image":"","background-repeat":"repeat","background-position":"center center","background-size":"auto","background-attachment":"scroll","background-type":"","background-media":"","overlay-type":"","overlay-color":"","overlay-opacity":"","overlay-gradient":""}},"ast-content-background-meta":{"desktop":{"background-color":"var(--ast-global-color-5)","background-image":"","background-repeat":"repeat","background-position":"center center","background-size":"auto","background-attachment":"scroll","background-type":"","background-media":"","overlay-type":"","overlay-color":"","overlay-opacity":"","overlay-gradient":""},"tablet":{"background-color":"var(--ast-global-color-5)","background-image":"","background-repeat":"repeat","background-position":"center center","background-size":"auto","background-attachment":"scroll","background-type":"","background-media":"","overlay-type":"","overlay-color":"","overlay-opacity":"","overlay-gradient":""},"mobile":{"background-color":"var(--ast-global-color-5)","background-image":"","background-repeat":"repeat","background-position":"center center","background-size":"auto","background-attachment":"scroll","background-type":"","background-media":"","overlay-type":"","overlay-color":"","overlay-opacity":"","overlay-gradient":""}},"footnotes":""},"categories":[16],"tags":[],"class_list":["post-1383","post","type-post","status-publish","format-standard","hentry","category-archives-cms"],"_links":{"self":[{"href":"https:\/\/lavoiedessansvoix.fr\/lavoie\/wp-json\/wp\/v2\/posts\/1383","targetHints":{"allow":["GET"]}}],"collection":[{"href":"https:\/\/lavoiedessansvoix.fr\/lavoie\/wp-json\/wp\/v2\/posts"}],"about":[{"href":"https:\/\/lavoiedessansvoix.fr\/lavoie\/wp-json\/wp\/v2\/types\/post"}],"author":[{"embeddable":true,"href":"https:\/\/lavoiedessansvoix.fr\/lavoie\/wp-json\/wp\/v2\/users\/1"}],"replies":[{"embeddable":true,"href":"https:\/\/lavoiedessansvoix.fr\/lavoie\/wp-json\/wp\/v2\/comments?post=1383"}],"version-history":[{"count":0,"href":"https:\/\/lavoiedessansvoix.fr\/lavoie\/wp-json\/wp\/v2\/posts\/1383\/revisions"}],"wp:attachment":[{"href":"https:\/\/lavoiedessansvoix.fr\/lavoie\/wp-json\/wp\/v2\/media?parent=1383"}],"wp:term":[{"taxonomy":"category","embeddable":true,"href":"https:\/\/lavoiedessansvoix.fr\/lavoie\/wp-json\/wp\/v2\/categories?post=1383"},{"taxonomy":"post_tag","embeddable":true,"href":"https:\/\/lavoiedessansvoix.fr\/lavoie\/wp-json\/wp\/v2\/tags?post=1383"}],"curies":[{"name":"wp","href":"https:\/\/api.w.org\/{rel}","templated":true}]}}