{"id":1381,"date":"2013-10-08T06:27:00","date_gmt":"2013-10-08T04:27:00","guid":{"rendered":"https:\/\/lavoiedessansvoix.fr\/lavoie\/2013\/10\/08\/archive-l-aveu-d-echec-d-obama\/"},"modified":"2013-10-08T06:27:00","modified_gmt":"2013-10-08T04:27:00","slug":"archive-l-aveu-d-echec-d-obama","status":"publish","type":"post","link":"https:\/\/lavoiedessansvoix.fr\/lavoie\/2013\/10\/08\/archive-l-aveu-d-echec-d-obama\/","title":{"rendered":"L\u2019AVEU D\u2019\u00c9CHEC D\u2019OBAMA"},"content":{"rendered":"<p>L\u2019AVEU D\u2019\u00c9CHEC D\u2019OBAMAHier, des forces sp\u00e9ciales des \u00c9tats-Unis sont intervenues dans deux pays africains. De leur propre initiative, sans aval des autorit\u00e9s des pays concern\u00e9s ni bien s\u00fbrs sans le moindre mandat de l\u2019ONU. Ils ont, disent-ils, d\u00e9clar\u00e9 la guerre au terrorisme et s\u2019arrogent le droit de poursuivre \u00ab les terroristes \u00bb n\u2019importe o\u00f9 sur la plan\u00e8te. Cela au m\u00e9pris de la souverainet\u00e9 et de la susceptibilit\u00e9 des \u00c9tats humili\u00e9s. N\u2019est-ce pas la mani\u00e8re la plus outranci\u00e8re d\u2019affirmer leur souverainet\u00e9 sur ce qu\u2019ils consid\u00e8rent \u00eatre leur empire plan\u00e9taire ?Certes, c\u2019est cela et rien moins. Mais, et c\u2019est le revers de la m\u00e9daille, c\u2019est aussi autre chose. En 2OO1, au lendemain des attentats du 11 septembre, Georges W Bush d\u00e9clarait, disait-il, la guerre au terrorisme. En v\u00e9rit\u00e9 \u00e0 tous ceux qui refusaient le leadership am\u00e9ricain. Dans sa brutalit\u00e9, cet homme frustre, parvint \u00e0 s\u2019ali\u00e9ner la France, qui fit usage de son droit de v\u00e9to au Conseil de S\u00e9curit\u00e9 de l\u2019ONU, pour refuser de s\u2019engager dans la meurtri\u00e8re coalition am\u00e9ricaine contre l\u2019Irak. L\u2019\u00e9pisode eut pour effet, ceux-ci se passant de l\u2019aval de l\u2019ONU, de projeter les USA sur le devant de la sc\u00e8ne internationale et de les mettre en situation d\u2019assumer seul les cons\u00e9quences d\u00e9sagr\u00e9ables de leur politique agressive. Telle \u00e9tait la faute de Bush cadet qu\u2019il convenait de corriger au plus vite. Cette correction serait, quel qu\u2019il soit, la mission premi\u00e8re du pr\u00e9sident des \u00c9tats-Unis qui lui succ\u00e9derait. Et il est vrai qu\u2019\u00e0 la r\u00e9alisation de cette t\u00e2che un \u00e9lu d\u00e9mocrate serait mieux plac\u00e9.Le candidat d\u00e9mocrate \u00ab du syst\u00e8me \u00bb fut cet \u00e9lu. Il s\u2019appelait Barak Obama et, cerise sur le g\u00e2teau, il \u00e9tait de race noire. Les m\u00e9dias occidentaux \u00e0 la solde focalis\u00e8rent sur cet aspect des choses. L\u2019Am\u00e9rique o\u00f9 les noirs, se battaient encore, dans les ann\u00e9es soixante et dix, pour l\u2019obtention des droits civiques, \u00e9lisait, moins de cinquante ans apr\u00e8s un pr\u00e9sident noir. C\u2019\u00e9tait la magie de l\u2019Am\u00e9rique, le retour du r\u00eave am\u00e9ricain. Un noir, un \u00ab d\u00e9mocrate \u00bb, n\u2019\u00e9tait-ce pas au demeurant la promesse de la fin de la politique internationale arrogante et agressive des \u00c9tats-Unis ?Certes, Sarkozy avait fait all\u00e9geance d\u00e8s avant \u00e0 son pr\u00e9d\u00e9cesseur, l\u2019abominable Mr Bush Junior. Il faut dire que par le caract\u00e8re impulsif et brutal et par l\u2019inculture, les deux hommes avaient quelques affinit\u00e9s. Il eut d\u2019autant plus de faciliter \u00e0 acc\u00e9der aux dol\u00e9ances de la nouvelle administration Obama. Lui qui, ministre de Jacques Chirac dans le gouvernement de Villepin, regrettait publiquement que la France n\u2019ait pas pris part \u00e0 la coalition internationale contre l\u2019Irak. Il n\u2019eut pas de peine, quand ses amis am\u00e9ricains en \u00e9mirent le souhait, \u00e0 endosser le costume du p\u00e8re Fouettard dans l\u2019affaire libyenne. D\u00e8s lors, Les USA pouvaient se retirer de l\u2019avant-sc\u00e8ne, se limitant \u00e0 tirer les ficelles de leur th\u00e9\u00e2tre de marionnettes et fantoches. Ils allaient ainsi, d\u00e9fenseurs des droits de l\u2019homme et des peuples, \u00e9tendard de la d\u00e9mocratie plan\u00e9taire, se tenant, dubitatifs, \u00e0 l\u2019\u00e9cart de l\u2019interventionnisme franco-anglais, se donner des allures de mod\u00e9rateur, redorer leur blason terni, faire remonter leur c\u00f4te de popularit\u00e9 dans le monde arabo-musulmanLes promesses \u00e9lectorales nous a apprit Charles Pasqua sont faites pour ceux qui veulent y croire. Il en va de m\u00eame des vessies, elles ne sont des lanternes que pour ceux qui consentent \u00e0 s\u2019illusionner. Le pr\u00e9sident des USA, qu\u2019elle que soit la couleur de sa peau, et c\u2019est ainsi qu\u2019il se r\u00e9v\u00e9la, \u00e9tait le pr\u00e9sident de la premi\u00e8re puissance mondiale qui aspirait au statut de leader d\u2019un empire plan\u00e9taire unipolaire..Le jeu de r\u00f4le s\u2019est fracass\u00e9 sur la r\u00e9alit\u00e9 syrienne. Le masque est tomb\u00e9 quand Obama, contraint de sortir de sa r\u00e9serve a voulu intervenir militairement quasiment seul et sans aval du Conseil de S\u00e9curit\u00e9. Quand il a avou\u00e9 que ses motivations, nonobstant la \u00ab d\u00e9mocratie \u00bb et les questions humanitaires, \u00e9taient la d\u00e9fense des int\u00e9r\u00eats cruciaux des \u00c9tats-Unis d\u2019Am\u00e9rique. Alors, ceux-ci ont renou\u00e9 avec leur statut de puissance agressive et de \u00ab gendarme du monde \u00bb. Ils voulaient s\u2019en garder, mais se retrouvent \u00e0 nouveau aux avant-postes et en subiront sous peu les cons\u00e9quences dans les opinions arabes. C\u2019est dans ce contexte que surviennent les exp\u00e9ditions punitives en Libye et en Somalie. Mani\u00e8re, peut-\u00eatre aussi de laver l\u2019affront que la diplomatie russe leur a inflig\u00e9 sur le dossier syrien. Ces d\u00e9monstrations de force et d\u2019arrogance ne sont-elles pas en v\u00e9rit\u00e9 que des rodomontades ? D&rsquo;aucuns voudront bien s\u00fbr nous les faire prendre pour des actes de bravoure. Mais ce ne sont en v\u00e9rit\u00e9 que les gesticulations du d\u00e9sarroi, un aveu d\u2019\u00e9chec de la politique internationale de l\u2019administration Obama.7 octobre 2013.Des ennuis techniques nous ont oblig\u00e9s \u00e0 retarder la publication de cet article qui aurait du para\u00eetre hier avant minuit.<\/p>\n","protected":false},"excerpt":{"rendered":"<p>L\u2019AVEU D\u2019\u00c9CHEC D\u2019OBAMAHier, des forces sp\u00e9ciales des \u00c9tats-Unis sont intervenues dans deux pays africains. De leur propre initiative, sans aval [&hellip;]<\/p>\n","protected":false},"author":1,"featured_media":0,"comment_status":"open","ping_status":"open","sticky":false,"template":"","format":"standard","meta":{"sfsi_plus_gutenberg_text_before_share":"","sfsi_plus_gutenberg_show_text_before_share":"","sfsi_plus_gutenberg_icon_type":"","sfsi_plus_gutenberg_icon_alignemt":"","sfsi_plus_gutenburg_max_per_row":"","site-sidebar-layout":"default","site-content-layout":"","ast-site-content-layout":"default","site-content-style":"default","site-sidebar-style":"default","ast-global-header-display":"","ast-banner-title-visibility":"","ast-main-header-display":"","ast-hfb-above-header-display":"","ast-hfb-below-header-display":"","ast-hfb-mobile-header-display":"","site-post-title":"","ast-breadcrumbs-content":"","ast-featured-img":"","footer-sml-layout":"","ast-disable-related-posts":"","theme-transparent-header-meta":"","adv-header-id-meta":"","stick-header-meta":"","header-above-stick-meta":"","header-main-stick-meta":"","header-below-stick-meta":"","astra-migrate-meta-layouts":"default","ast-page-background-enabled":"default","ast-page-background-meta":{"desktop":{"background-color":"var(--ast-global-color-4)","background-image":"","background-repeat":"repeat","background-position":"center center","background-size":"auto","background-attachment":"scroll","background-type":"","background-media":"","overlay-type":"","overlay-color":"","overlay-opacity":"","overlay-gradient":""},"tablet":{"background-color":"","background-image":"","background-repeat":"repeat","background-position":"center center","background-size":"auto","background-attachment":"scroll","background-type":"","background-media":"","overlay-type":"","overlay-color":"","overlay-opacity":"","overlay-gradient":""},"mobile":{"background-color":"","background-image":"","background-repeat":"repeat","background-position":"center center","background-size":"auto","background-attachment":"scroll","background-type":"","background-media":"","overlay-type":"","overlay-color":"","overlay-opacity":"","overlay-gradient":""}},"ast-content-background-meta":{"desktop":{"background-color":"var(--ast-global-color-5)","background-image":"","background-repeat":"repeat","background-position":"center center","background-size":"auto","background-attachment":"scroll","background-type":"","background-media":"","overlay-type":"","overlay-color":"","overlay-opacity":"","overlay-gradient":""},"tablet":{"background-color":"var(--ast-global-color-5)","background-image":"","background-repeat":"repeat","background-position":"center center","background-size":"auto","background-attachment":"scroll","background-type":"","background-media":"","overlay-type":"","overlay-color":"","overlay-opacity":"","overlay-gradient":""},"mobile":{"background-color":"var(--ast-global-color-5)","background-image":"","background-repeat":"repeat","background-position":"center center","background-size":"auto","background-attachment":"scroll","background-type":"","background-media":"","overlay-type":"","overlay-color":"","overlay-opacity":"","overlay-gradient":""}},"footnotes":""},"categories":[16],"tags":[],"class_list":["post-1381","post","type-post","status-publish","format-standard","hentry","category-archives-cms"],"_links":{"self":[{"href":"https:\/\/lavoiedessansvoix.fr\/lavoie\/wp-json\/wp\/v2\/posts\/1381","targetHints":{"allow":["GET"]}}],"collection":[{"href":"https:\/\/lavoiedessansvoix.fr\/lavoie\/wp-json\/wp\/v2\/posts"}],"about":[{"href":"https:\/\/lavoiedessansvoix.fr\/lavoie\/wp-json\/wp\/v2\/types\/post"}],"author":[{"embeddable":true,"href":"https:\/\/lavoiedessansvoix.fr\/lavoie\/wp-json\/wp\/v2\/users\/1"}],"replies":[{"embeddable":true,"href":"https:\/\/lavoiedessansvoix.fr\/lavoie\/wp-json\/wp\/v2\/comments?post=1381"}],"version-history":[{"count":0,"href":"https:\/\/lavoiedessansvoix.fr\/lavoie\/wp-json\/wp\/v2\/posts\/1381\/revisions"}],"wp:attachment":[{"href":"https:\/\/lavoiedessansvoix.fr\/lavoie\/wp-json\/wp\/v2\/media?parent=1381"}],"wp:term":[{"taxonomy":"category","embeddable":true,"href":"https:\/\/lavoiedessansvoix.fr\/lavoie\/wp-json\/wp\/v2\/categories?post=1381"},{"taxonomy":"post_tag","embeddable":true,"href":"https:\/\/lavoiedessansvoix.fr\/lavoie\/wp-json\/wp\/v2\/tags?post=1381"}],"curies":[{"name":"wp","href":"https:\/\/api.w.org\/{rel}","templated":true}]}}