{"id":1379,"date":"2013-10-09T03:14:00","date_gmt":"2013-10-09T01:14:00","guid":{"rendered":"https:\/\/lavoiedessansvoix.fr\/lavoie\/2013\/10\/09\/archive-manuel-valls-du-mimetisme-a-l-affirmation-du-soi\/"},"modified":"2013-10-09T03:14:00","modified_gmt":"2013-10-09T01:14:00","slug":"archive-manuel-valls-du-mimetisme-a-l-affirmation-du-soi","status":"publish","type":"post","link":"https:\/\/lavoiedessansvoix.fr\/lavoie\/2013\/10\/09\/archive-manuel-valls-du-mimetisme-a-l-affirmation-du-soi\/","title":{"rendered":"MANUEL VALLS, DU MIM\u00c9TISME A L\u2019AFFIRMATION DU \u00ab SOI\u2019."},"content":{"rendered":"<p>MANUEL VALLS,DU MIM\u00c9TISME A L\u2019AFFIRMATION DU \u00ab SOI\u2019.28Manuel Valls est, nous disent les sondages, ces outils \u00e0 formater l\u2019opinion, la personnalit\u00e9 politique pr\u00e9f\u00e9r\u00e9e des Fran\u00e7ais. Mais est-il un gar\u00e7on intelligent ? Voil\u00e0 la question que nous nous posons, nous.En mati\u00e8re de personnalit\u00e9, une chose est sure, il n\u2019a pas atteint la maturit\u00e9, la pleine autonomie. Il en est encore \u00e0 l\u2019\u00e2ge o\u00f9 l\u2019on cherche sa propre identit\u00e9 et o\u00f9 l\u2019on a besoin de s\u2019identifier \u00e0 d\u2019autres, de les copier, de les mimer. Et \u00e0 n\u2019en pas douter deux personnages fascinent le jeune Manuel. Deux ministres de l\u2019int\u00e9rieur, Charles Pasqua et Nicolas Sarkozy. Au premier il a emprunt\u00e9 ses mimiques renfrogn\u00e9es, les sourcils qu\u2019il fron\u00e7ait quand il \u00ab grondait les m\u00e9chants \u00bb. Au second il emprunte ses divagations de chien fou sur les traces du Front national et les formules provocantes \u00e0 la limite de l\u2019outrance.\u00c0 Marine Le Pen qui l\u2019accuse d\u2019avoir entrepris \u00e0 Forbach, o\u00f9 il \u00e9tait hier, une tourn\u00e9e \u00ab anti FN \u00bb. \u00ab Manuel Valls a r\u00e9pliqu\u00e9 au micro d\u2019Europe 1 qu\u2019il faisait plut\u00f4t \u00ab&#8201;une tourn\u00e9e contre le sentiment d\u2019abandon&#8201;\u00bb. \u00ab&#8201;C\u2019est une tourn\u00e9e pour la s\u00e9curit\u00e9 des Fran\u00e7ais\u2026 Je me d\u00e9place l\u00e0 o\u00f9 il y a un besoin de s\u00e9curit\u00e9&#8201;\u00bb, a-t-il pr\u00e9cis\u00e9 aux journalistes qui l\u2019interrogeaient \u00bb Les Echos.fr. 8 10 2013.)Ce qu\u2019il y a de paradoxal avec Manuel Valls, comme avec son mod\u00e8le Sarkozy, c\u2019est que lorsqu\u2019ils pr\u00e9tendent vouloir lutter contre le FN, ils deviennent les meilleurs propagandistes des id\u00e9es de celui-ci, et lui tende les draps du lit o\u00f9 ils prennent semble-t-il plaisir \u00e0 se savoir cocufi\u00e9s.Manuel Valls a d\u00e9fini ainsi lui m\u00eame le but de son d\u00e9placement. \u00ab&#8201;Pour qu\u2019il y ait du progr\u00e8s social et de la d\u00e9mocratie, il faut d\u2019abord que l\u2019ordre r\u00e9publicain s\u2019impose partout&#8201;\u00bb (Les Echos.fr. 8 10 2013.) Alors l\u00e0 nous ne sommes pas du tout, mais alors, vois-tu, pas du tout d\u2019accord Manuel. Nous pensons nous, et ce n\u2019est m\u00eame pas seulement une pens\u00e9e, c\u2019est le produit d\u2019une longue observation historique, que le progr\u00e8s social et la d\u00e9mocratie doivent bien davantage aux \u00ab d\u00e9sordres sociaux, aux gr\u00e8ves, aux luttes, aux r\u00e9voltes et aux r\u00e9volutions, qu\u2019ils ne doivent \u00e0 l\u2019ordre r\u00e9publicain dont l\u2019objet et de garder les pauvres dans l\u2019indigence et les riches dans l\u2019opulence.Mais que l\u2019on ne se m\u00e9prenne pas, pour faire des emprunts \u00e0 des personnalit\u00e9s politiques de droite, il n\u2019en est pas moins un homme de gauche Manuel Valls. Des emprunts, ou plut\u00f4t des filiations, il en poss\u00e8de aussi dans \u00ab son propre camp\u00bb issu de la tradition sociale-d\u00e9mocrate europ\u00e9enne. N\u2019est-il pas le digne descendant des Gustav Noske et des Jules Moch ? La logique s\u00e9curitaire et l\u2019obsession de l\u2019ordre peuvent aussi conduire \u00e0 des extr\u00e9mit\u00e9s.Patrick Seignon. \u00ab lavoiedessansvoix.fr \u00bb. 8 octobre 2013.<\/p>\n","protected":false},"excerpt":{"rendered":"<p>MANUEL VALLS,DU MIM\u00c9TISME A L\u2019AFFIRMATION DU \u00ab SOI\u2019.28Manuel Valls est, nous disent les sondages, ces outils \u00e0 formater l\u2019opinion, la [&hellip;]<\/p>\n","protected":false},"author":1,"featured_media":0,"comment_status":"open","ping_status":"open","sticky":false,"template":"","format":"standard","meta":{"sfsi_plus_gutenberg_text_before_share":"","sfsi_plus_gutenberg_show_text_before_share":"","sfsi_plus_gutenberg_icon_type":"","sfsi_plus_gutenberg_icon_alignemt":"","sfsi_plus_gutenburg_max_per_row":"","site-sidebar-layout":"default","site-content-layout":"","ast-site-content-layout":"default","site-content-style":"default","site-sidebar-style":"default","ast-global-header-display":"","ast-banner-title-visibility":"","ast-main-header-display":"","ast-hfb-above-header-display":"","ast-hfb-below-header-display":"","ast-hfb-mobile-header-display":"","site-post-title":"","ast-breadcrumbs-content":"","ast-featured-img":"","footer-sml-layout":"","ast-disable-related-posts":"","theme-transparent-header-meta":"","adv-header-id-meta":"","stick-header-meta":"","header-above-stick-meta":"","header-main-stick-meta":"","header-below-stick-meta":"","astra-migrate-meta-layouts":"default","ast-page-background-enabled":"default","ast-page-background-meta":{"desktop":{"background-color":"var(--ast-global-color-4)","background-image":"","background-repeat":"repeat","background-position":"center center","background-size":"auto","background-attachment":"scroll","background-type":"","background-media":"","overlay-type":"","overlay-color":"","overlay-opacity":"","overlay-gradient":""},"tablet":{"background-color":"","background-image":"","background-repeat":"repeat","background-position":"center center","background-size":"auto","background-attachment":"scroll","background-type":"","background-media":"","overlay-type":"","overlay-color":"","overlay-opacity":"","overlay-gradient":""},"mobile":{"background-color":"","background-image":"","background-repeat":"repeat","background-position":"center center","background-size":"auto","background-attachment":"scroll","background-type":"","background-media":"","overlay-type":"","overlay-color":"","overlay-opacity":"","overlay-gradient":""}},"ast-content-background-meta":{"desktop":{"background-color":"var(--ast-global-color-5)","background-image":"","background-repeat":"repeat","background-position":"center center","background-size":"auto","background-attachment":"scroll","background-type":"","background-media":"","overlay-type":"","overlay-color":"","overlay-opacity":"","overlay-gradient":""},"tablet":{"background-color":"var(--ast-global-color-5)","background-image":"","background-repeat":"repeat","background-position":"center center","background-size":"auto","background-attachment":"scroll","background-type":"","background-media":"","overlay-type":"","overlay-color":"","overlay-opacity":"","overlay-gradient":""},"mobile":{"background-color":"var(--ast-global-color-5)","background-image":"","background-repeat":"repeat","background-position":"center center","background-size":"auto","background-attachment":"scroll","background-type":"","background-media":"","overlay-type":"","overlay-color":"","overlay-opacity":"","overlay-gradient":""}},"footnotes":""},"categories":[16],"tags":[],"class_list":["post-1379","post","type-post","status-publish","format-standard","hentry","category-archives-cms"],"_links":{"self":[{"href":"https:\/\/lavoiedessansvoix.fr\/lavoie\/wp-json\/wp\/v2\/posts\/1379","targetHints":{"allow":["GET"]}}],"collection":[{"href":"https:\/\/lavoiedessansvoix.fr\/lavoie\/wp-json\/wp\/v2\/posts"}],"about":[{"href":"https:\/\/lavoiedessansvoix.fr\/lavoie\/wp-json\/wp\/v2\/types\/post"}],"author":[{"embeddable":true,"href":"https:\/\/lavoiedessansvoix.fr\/lavoie\/wp-json\/wp\/v2\/users\/1"}],"replies":[{"embeddable":true,"href":"https:\/\/lavoiedessansvoix.fr\/lavoie\/wp-json\/wp\/v2\/comments?post=1379"}],"version-history":[{"count":0,"href":"https:\/\/lavoiedessansvoix.fr\/lavoie\/wp-json\/wp\/v2\/posts\/1379\/revisions"}],"wp:attachment":[{"href":"https:\/\/lavoiedessansvoix.fr\/lavoie\/wp-json\/wp\/v2\/media?parent=1379"}],"wp:term":[{"taxonomy":"category","embeddable":true,"href":"https:\/\/lavoiedessansvoix.fr\/lavoie\/wp-json\/wp\/v2\/categories?post=1379"},{"taxonomy":"post_tag","embeddable":true,"href":"https:\/\/lavoiedessansvoix.fr\/lavoie\/wp-json\/wp\/v2\/tags?post=1379"}],"curies":[{"name":"wp","href":"https:\/\/api.w.org\/{rel}","templated":true}]}}