{"id":1374,"date":"2013-10-18T15:57:00","date_gmt":"2013-10-18T13:57:00","guid":{"rendered":"https:\/\/lavoiedessansvoix.fr\/lavoie\/2013\/10\/18\/archive-reviendra-t-il-demain-le-temps-beni-des-colonies\/"},"modified":"2013-10-18T15:57:00","modified_gmt":"2013-10-18T13:57:00","slug":"archive-reviendra-t-il-demain-le-temps-beni-des-colonies","status":"publish","type":"post","link":"https:\/\/lavoiedessansvoix.fr\/lavoie\/2013\/10\/18\/archive-reviendra-t-il-demain-le-temps-beni-des-colonies\/","title":{"rendered":"REVIENDRA-T-IL DEMAIN : \u00ab LE TEMPS BENI DES COLONIES \u00bb* ?"},"content":{"rendered":"<p>REVIENDRA-T-IL DEMAIN :\u00ab LE TEMPS BENI DES COLONIES \u00bb* ? Mais, vers quels rivages de la raison d\u00e9rive donc Bernard Guetta. ? Pour ceux qui ne le sauraient pas, Bernard Guetta est un journaliste fran\u00e7ais qui r\u00e9alise une chronique g\u00e9opolitique, chaque jour \u00e0 8 heures 20 sur \u00ab France Inter \u00bb. Il nous est arriv\u00e9 de lui d\u00e9cerner des satisf\u00e9cits. C\u2019\u00e9tait il y a deux ans au moins, \u00e0 propos de certaines de ses analyses dont nous avions remarqu\u00e9 la pertinence, au d\u00e9but de ce qui fut baptis\u00e9 \u00ab printemps arabe \u00bb. Mais, heureusement, reconnaitre la justesse contingente des analyses politiques de quiconque n\u2019oblige \u00e0 aucune proximit\u00e9 avec ses engagements sociaux et ses orientations politiques. Depuis, nous avons eu de nombreuses occasions d\u2019\u00eatre d\u00e9\u00e7us de sa trajectoire, voire m\u00eame en col\u00e8re de ces impudences. Nous n\u2019avons pas relev\u00e9 chaque fois. Mais hier, nous avons \u00e9cout\u00e9 Bernard Guetta et c\u2019est effar\u00e9s que nous fumes. Bernard Guetta entretenait ses auditeurs de la question de l\u2019immigration et de Lampedusa, o\u00f9 vous l\u2019avez entendu, plusieurs embarcations ont encore fait naufrage, provoquant la mort de plusieurs dizaines d\u2019\u00eatres humains. Alors, nous dit le chroniqueur, \u00ab Les regards se tournent vers Bruxelles. L\u2019Europe ne dispose pas des moyens de refouler ses embarcations. Pourtant, affirme-t-il, reprenant \u00e0 son compte, l\u2019indigne saillie de Michel Rocard, \u00ab elle ne peut accueillir toute la mis\u00e8re du monde \u00bb. \u00ab Les Europ\u00e9ens peuvent beaucoup pour la stabilit\u00e9 politique de ces pays \u00bb. Poursuit-il. L\u00e0 on esp\u00e8re qu\u2019il va parler de l\u2019impact de l\u2019\u00e9conomie globalis\u00e9e sur le d\u00e9s\u00e9quilibre des \u00e9conomies africaines, qu\u2019il va accuser la d\u00e9gradation des termes de l\u2019\u00e9change, qu\u2019il va nous dire qu\u2019il faudrait autoriser, voire aider ses pays \u00e0 construire des \u00e9conomies vivri\u00e8res et autosuffisantes, etc. Mais non, ce n\u2019est pas \u00e7a le propos de Bernard Guetta. Il poursuit \u00ab Mais \u00e0 part la France quels sont les Europ\u00e9ens qui \u00e9taient pr\u00eats \u00e0 intervenir au Mali et \u2026. \u00bb j\u2019ai eu de la peine \u00e0 noter la suite, tant mon indignation \u00e9tait grande. L\u2019aide de l\u2019Europe \u00e0 l\u2019Afrique telle qu\u2019il la con\u00e7oit, c\u2019est donc \u00e7a, l\u2019ing\u00e9rence militaire et politique ? Ce dont il parle, ce n\u2019est donc pas la stabilit\u00e9 politique fond\u00e9e sur des bases \u00e9conomiques saines, mais celle fond\u00e9e sur des r\u00e9gimes polic\u00e9s et autoritaires arcbout\u00e9s sur la pr\u00e9sence tut\u00e9laire de la puissance coloniale. Ce dont il parle c\u2019est donc \u00e7a, des moyens de coercitions, indig\u00e8nes ou export\u00e9s, pour stopper \u00e0 la source cette immigration de la mis\u00e8re. Mais le pire, c\u2019est le cynisme que cette pens\u00e9e affiche. Bernard Guetta en appelle \u00e0 l\u2019ing\u00e9rence europ\u00e9enne, pour soi-disant \u00ab stabiliser \u00bb la r\u00e9gion, mais les ing\u00e9rences europ\u00e9ennes et occidentales, en g\u00e9n\u00e9ral, de toutes natures, en Afrique, et ailleurs, ne sont-ce pas elles pr\u00e9cis\u00e9ment (C\u00f4te d\u2019Ivoire, Niger, Mali, Soudan, Congo, Centre Afrique, Somalie, Lybie, Syrie. ) qui sont causes, de tous les chaos et de l\u2019instabilit\u00e9 qui y s\u00e9vit ? Prendre pr\u00e9texte des d\u00e9sordres dont les puissances imp\u00e9rialistes sont responsables pour r\u00e9tablir la tutelle coloniale de l\u2019occident, telle est la quintessence de la pens\u00e9e \u00ab Guettiste \u00bb.Oui, le mot n\u2019est pas trop fort, je suis effar\u00e9. 15 octobre 2013.(la publication de cet article a \u00e9t\u00e9 retard\u00e9 \u00e0 cause d\u2019une nouvelle attaque massive de spams. Veuillez nous en excuser.) * Emprunt\u00e9 au titre d\u2019une chanson de Michel Sardou.<\/p>\n","protected":false},"excerpt":{"rendered":"<p>REVIENDRA-T-IL DEMAIN :\u00ab LE TEMPS BENI DES COLONIES \u00bb* ? Mais, vers quels rivages de la raison d\u00e9rive donc Bernard [&hellip;]<\/p>\n","protected":false},"author":1,"featured_media":0,"comment_status":"open","ping_status":"open","sticky":false,"template":"","format":"standard","meta":{"sfsi_plus_gutenberg_text_before_share":"","sfsi_plus_gutenberg_show_text_before_share":"","sfsi_plus_gutenberg_icon_type":"","sfsi_plus_gutenberg_icon_alignemt":"","sfsi_plus_gutenburg_max_per_row":"","site-sidebar-layout":"default","site-content-layout":"","ast-site-content-layout":"default","site-content-style":"default","site-sidebar-style":"default","ast-global-header-display":"","ast-banner-title-visibility":"","ast-main-header-display":"","ast-hfb-above-header-display":"","ast-hfb-below-header-display":"","ast-hfb-mobile-header-display":"","site-post-title":"","ast-breadcrumbs-content":"","ast-featured-img":"","footer-sml-layout":"","ast-disable-related-posts":"","theme-transparent-header-meta":"","adv-header-id-meta":"","stick-header-meta":"","header-above-stick-meta":"","header-main-stick-meta":"","header-below-stick-meta":"","astra-migrate-meta-layouts":"default","ast-page-background-enabled":"default","ast-page-background-meta":{"desktop":{"background-color":"var(--ast-global-color-4)","background-image":"","background-repeat":"repeat","background-position":"center center","background-size":"auto","background-attachment":"scroll","background-type":"","background-media":"","overlay-type":"","overlay-color":"","overlay-opacity":"","overlay-gradient":""},"tablet":{"background-color":"","background-image":"","background-repeat":"repeat","background-position":"center center","background-size":"auto","background-attachment":"scroll","background-type":"","background-media":"","overlay-type":"","overlay-color":"","overlay-opacity":"","overlay-gradient":""},"mobile":{"background-color":"","background-image":"","background-repeat":"repeat","background-position":"center center","background-size":"auto","background-attachment":"scroll","background-type":"","background-media":"","overlay-type":"","overlay-color":"","overlay-opacity":"","overlay-gradient":""}},"ast-content-background-meta":{"desktop":{"background-color":"var(--ast-global-color-5)","background-image":"","background-repeat":"repeat","background-position":"center center","background-size":"auto","background-attachment":"scroll","background-type":"","background-media":"","overlay-type":"","overlay-color":"","overlay-opacity":"","overlay-gradient":""},"tablet":{"background-color":"var(--ast-global-color-5)","background-image":"","background-repeat":"repeat","background-position":"center center","background-size":"auto","background-attachment":"scroll","background-type":"","background-media":"","overlay-type":"","overlay-color":"","overlay-opacity":"","overlay-gradient":""},"mobile":{"background-color":"var(--ast-global-color-5)","background-image":"","background-repeat":"repeat","background-position":"center center","background-size":"auto","background-attachment":"scroll","background-type":"","background-media":"","overlay-type":"","overlay-color":"","overlay-opacity":"","overlay-gradient":""}},"footnotes":""},"categories":[16],"tags":[],"class_list":["post-1374","post","type-post","status-publish","format-standard","hentry","category-archives-cms"],"_links":{"self":[{"href":"https:\/\/lavoiedessansvoix.fr\/lavoie\/wp-json\/wp\/v2\/posts\/1374","targetHints":{"allow":["GET"]}}],"collection":[{"href":"https:\/\/lavoiedessansvoix.fr\/lavoie\/wp-json\/wp\/v2\/posts"}],"about":[{"href":"https:\/\/lavoiedessansvoix.fr\/lavoie\/wp-json\/wp\/v2\/types\/post"}],"author":[{"embeddable":true,"href":"https:\/\/lavoiedessansvoix.fr\/lavoie\/wp-json\/wp\/v2\/users\/1"}],"replies":[{"embeddable":true,"href":"https:\/\/lavoiedessansvoix.fr\/lavoie\/wp-json\/wp\/v2\/comments?post=1374"}],"version-history":[{"count":0,"href":"https:\/\/lavoiedessansvoix.fr\/lavoie\/wp-json\/wp\/v2\/posts\/1374\/revisions"}],"wp:attachment":[{"href":"https:\/\/lavoiedessansvoix.fr\/lavoie\/wp-json\/wp\/v2\/media?parent=1374"}],"wp:term":[{"taxonomy":"category","embeddable":true,"href":"https:\/\/lavoiedessansvoix.fr\/lavoie\/wp-json\/wp\/v2\/categories?post=1374"},{"taxonomy":"post_tag","embeddable":true,"href":"https:\/\/lavoiedessansvoix.fr\/lavoie\/wp-json\/wp\/v2\/tags?post=1374"}],"curies":[{"name":"wp","href":"https:\/\/api.w.org\/{rel}","templated":true}]}}