{"id":1373,"date":"2013-10-18T15:59:00","date_gmt":"2013-10-18T13:59:00","guid":{"rendered":"https:\/\/lavoiedessansvoix.fr\/lavoie\/2013\/10\/18\/archive-ps-la-politique-du-fn-avec-du-doigte\/"},"modified":"2013-10-18T15:59:00","modified_gmt":"2013-10-18T13:59:00","slug":"archive-ps-la-politique-du-fn-avec-du-doigte","status":"publish","type":"post","link":"https:\/\/lavoiedessansvoix.fr\/lavoie\/2013\/10\/18\/archive-ps-la-politique-du-fn-avec-du-doigte\/","title":{"rendered":"PS, LA POLITIQUE DU FN, AVEC DU DOIGT\u00c9."},"content":{"rendered":"<p>PS,LA POLITIQUE DU FN, AVEC DU DOIGT\u00c9. \u00ab Une jeune kosovare de 15 ans a \u00e9t\u00e9 renvoy\u00e9e vers son pays d&rsquo;origine le 9 octobre dernier alors qu&rsquo;elle participait \u00e0 une sortie scolaire dans le Doubs. \u00bb \u00ab ..une enqu\u00eate administrative a \u00e9t\u00e9 ouverte par le ministre de l&rsquo;Int\u00e9rieur \u00bb \u00ab  sur les conditions de cette expulsion qu&rsquo;il estime avoir \u00e9t\u00e9 r\u00e9alis\u00e9 dans le \u00ab\u00a0respect du droit et des personnes\u00a0\u00bb.De nombreuses voix s&rsquo;\u00e9l\u00e8vent \u00e0 gauche contre la politique du premier flic de France. \u00bb, nous apprennent Bertrand Langlois et Denis Charlet \/ AFP (Le Point.fr avec AFP &#8211; publi\u00e9 le 16\/10\/2013 \u00e0 14:29). Les socialistes s\u2019indignent ? Le parti de la majorit\u00e9 pr\u00e9sidentielle actuelle sortirait-il vraiment des cadres impartis par son statut de \u00ab parti-godillots \u00bb ? Nous avons voulu voir par nous m\u00eame :\u00ab Jean-Christophe Cambad\u00e9lis , Manuel Valls a raison de dire que ses services respectent le droit. Personne ne peut lui en tenir grief \u00bb..  \u00ab S&rsquo;il faut toujours respecter la loi, la politique est un art d&rsquo;ex\u00e9cution. Il n&rsquo;est pas interdit d&rsquo;\u00eatre humain \u2026 \u00bbSandrine Mazetier : d\u00e9put\u00e9e de Paris et secr\u00e9taire nationale \u00e0 l&rsquo;Immigration au PS,\u00bb\u00a0\u00bbce qui s&rsquo;est pass\u00e9 autour de Leonarda est scandaleux et \u00ab \u00e7a m\u00e9ritait au moins que le pr\u00e9fet soit convoqu\u00e9, voire sanctionn\u00e9. (\u2026) C&rsquo;est tout \u00e0 fait de la responsabilit\u00e9 du pr\u00e9fet. \u00bbBernard Roman : d\u00e9put\u00e9 socialiste du Nord ne craint pas semble-t-il d\u2019utiliser des mots forts. Il a qualifi\u00e9 de \u00ab\u00a0rafle\u00a0\u00bb l&rsquo;expulsion de la jeune Kosovare. Il revendique m\u00eame un \u00ab\u00a0devoir d&rsquo;insurrection\u00a0\u00bb\u00ab contre de tels actes \u00bb \u00bb. Des mots, en v\u00e9rit\u00e9, rien que des mots m\u00eame s\u2019il ajoute qu\u2019il \u00ab y a des limites au-del\u00e0 desquelles on sort du champ de ce qui est acceptable pour la gauche,. \u00bb puisqu\u2019il soutient tout de m\u00eame, \u00ab sans aucun probl\u00e8me la politique et le positionnement de Manuel Valls dans sa t\u00e2che de ministre de l&rsquo;Int\u00e9rieur. Harlem D\u00e9sir : premier secr\u00e9taire du PS, ancien pr\u00e9sident de SOS racisme, estime que l&rsquo;\u00e9l\u00e8ve kosovare  \u00ab doit pouvoir revenir dans sa classe \u00bb mais seulement \u00ab en attendant les r\u00e9sultats de l&rsquo;enqu\u00eate administrative ordonn\u00e9e par le gouvernement \u00bb. Il a aussi affirm\u00e9 que \u00ab\u00a0la loi doit \u00eatre appliqu\u00e9e avec fermet\u00e9 et humanit\u00e9. \u00bb Claude Bartolone :  pr\u00e9sident socialiste de l&rsquo;Assembl\u00e9e nationale s&rsquo;est indign\u00e9 de l&rsquo;expulsion de la jeune Kosovare. \u00ab\u00a0Il y a la loi. Mais il y a aussi des valeurs avec lesquelles la gauche ne saurait transiger. Sous peine de perdre son \u00e2me\u00a0\u00bbBruno Le Roux : commentant l&rsquo;expulsion de la coll\u00e9gienne, a mis en cause le pr\u00e9fet, et non Manuel Valls. Le patron des d\u00e9put\u00e9s PS, proche du chef de l&rsquo;\u00c9tat, a d\u00e9clar\u00e9 qu&rsquo;il ne fallait \u00ab\u00a0pas aller chercher les enfants \u00e0 l&rsquo;\u00e9cole \u00bb.. \u00ab  On peut attendre, on peut diff\u00e9rer. \u00bb\u00a0\u00bbMouvement des jeunes socialistes : le Mouvement a pri\u00e9 \u00ab\u00a0le ministre de l&rsquo;Int\u00e9rieur d&rsquo;apporter des explications \u00e0 cette affaire et de rassurer l&rsquo;ensemble des humanistes en affirmant que des policiers ne peuvent pas arr\u00eater des \u00e9l\u00e8ves dans le cadre scolaire. \u00bble porte-parole du PS David Assouline a jug\u00e9 \u00ab\u00a0choquantes\u00a0\u00bb les conditions dans lesquelles la coll\u00e9gienne a \u00e9t\u00e9 remise \u00e0 la police. \u00ab\u00a0il appartient \u00e0 la pr\u00e9fecture d&rsquo;appliquer les textes l\u00e9gislatifs et r\u00e9glementaires avec humanit\u00e9 et en veillant syst\u00e9matiquement \u00e0 l&rsquo;int\u00e9r\u00eat des enfants\u00a0\u00bb.*On le voit, tout le monde au PS, soutiens la politique migratoire du gouvernement et du ministre de l\u2019Int\u00e9rieur, en charge de son application. Les critiques, les pr\u00e9tendues indignations, ne portent que sur la forme : \u00ab l\u2019ex\u00e9cution \u00bb (cambad\u00e9lis),, \u00ab l\u2019humanit\u00e9 \u00bb (Harlem D\u00e9sir, David Assouline. Les \u00ab valeurs et l\u2019\u00e2me \u00bb (Claude Bortolone) ? L\u2019attente et l\u2019esquive (Bruno le Roux. L\u2019humanisme (MJS),Mais la palme revient \u00e0 J\u00e9r\u00f4me Guedj (entendu sur France 2) dont la r\u00e9action r\u00e9sume et condense toutes les autres. D\u00e9put\u00e9 PS et pr\u00e9sident du conseil g\u00e9n\u00e9ral de l\u2019Essonne, J\u00e9r\u00f4me Guedj le dit lui aussi \u00e0 sa fa\u00e7on : \u00ab ce sont d\u00e9j\u00e0 des situations difficiles, on n\u2019est en droit d\u2019attendre qu\u2019elles soient abord\u00e9es avec plus de doigt\u00e9 \u00bb (citation approximative dans la tournure, mais exacte quant au sens) Eh oui, mais c\u2019est b\u2019en vrai \u00e7\u00e0,Il a raison cet homme.C\u2019est \u00e7\u00e0 la politique d\u2019immigration des socialistes !C\u2019est la politique du FN avec du doigt\u00e9. Remarquez, on n\u2019est pas vraiment surpris, sa politique sociale et \u00e9conomique, s\u2019\u00e9tait d\u00e9j\u00e0 celle de la droite avec de la vaseline.Patrick Seignon. \u00ab lavoixdessansvoie.fr \u00bb. 18 octobre 2013.<\/p>\n","protected":false},"excerpt":{"rendered":"<p>PS,LA POLITIQUE DU FN, AVEC DU DOIGT\u00c9. \u00ab Une jeune kosovare de 15 ans a \u00e9t\u00e9 renvoy\u00e9e vers son pays [&hellip;]<\/p>\n","protected":false},"author":1,"featured_media":0,"comment_status":"open","ping_status":"open","sticky":false,"template":"","format":"standard","meta":{"sfsi_plus_gutenberg_text_before_share":"","sfsi_plus_gutenberg_show_text_before_share":"","sfsi_plus_gutenberg_icon_type":"","sfsi_plus_gutenberg_icon_alignemt":"","sfsi_plus_gutenburg_max_per_row":"","site-sidebar-layout":"default","site-content-layout":"","ast-site-content-layout":"default","site-content-style":"default","site-sidebar-style":"default","ast-global-header-display":"","ast-banner-title-visibility":"","ast-main-header-display":"","ast-hfb-above-header-display":"","ast-hfb-below-header-display":"","ast-hfb-mobile-header-display":"","site-post-title":"","ast-breadcrumbs-content":"","ast-featured-img":"","footer-sml-layout":"","ast-disable-related-posts":"","theme-transparent-header-meta":"","adv-header-id-meta":"","stick-header-meta":"","header-above-stick-meta":"","header-main-stick-meta":"","header-below-stick-meta":"","astra-migrate-meta-layouts":"default","ast-page-background-enabled":"default","ast-page-background-meta":{"desktop":{"background-color":"var(--ast-global-color-4)","background-image":"","background-repeat":"repeat","background-position":"center center","background-size":"auto","background-attachment":"scroll","background-type":"","background-media":"","overlay-type":"","overlay-color":"","overlay-opacity":"","overlay-gradient":""},"tablet":{"background-color":"","background-image":"","background-repeat":"repeat","background-position":"center center","background-size":"auto","background-attachment":"scroll","background-type":"","background-media":"","overlay-type":"","overlay-color":"","overlay-opacity":"","overlay-gradient":""},"mobile":{"background-color":"","background-image":"","background-repeat":"repeat","background-position":"center center","background-size":"auto","background-attachment":"scroll","background-type":"","background-media":"","overlay-type":"","overlay-color":"","overlay-opacity":"","overlay-gradient":""}},"ast-content-background-meta":{"desktop":{"background-color":"var(--ast-global-color-5)","background-image":"","background-repeat":"repeat","background-position":"center center","background-size":"auto","background-attachment":"scroll","background-type":"","background-media":"","overlay-type":"","overlay-color":"","overlay-opacity":"","overlay-gradient":""},"tablet":{"background-color":"var(--ast-global-color-5)","background-image":"","background-repeat":"repeat","background-position":"center center","background-size":"auto","background-attachment":"scroll","background-type":"","background-media":"","overlay-type":"","overlay-color":"","overlay-opacity":"","overlay-gradient":""},"mobile":{"background-color":"var(--ast-global-color-5)","background-image":"","background-repeat":"repeat","background-position":"center center","background-size":"auto","background-attachment":"scroll","background-type":"","background-media":"","overlay-type":"","overlay-color":"","overlay-opacity":"","overlay-gradient":""}},"footnotes":""},"categories":[16],"tags":[],"class_list":["post-1373","post","type-post","status-publish","format-standard","hentry","category-archives-cms"],"_links":{"self":[{"href":"https:\/\/lavoiedessansvoix.fr\/lavoie\/wp-json\/wp\/v2\/posts\/1373","targetHints":{"allow":["GET"]}}],"collection":[{"href":"https:\/\/lavoiedessansvoix.fr\/lavoie\/wp-json\/wp\/v2\/posts"}],"about":[{"href":"https:\/\/lavoiedessansvoix.fr\/lavoie\/wp-json\/wp\/v2\/types\/post"}],"author":[{"embeddable":true,"href":"https:\/\/lavoiedessansvoix.fr\/lavoie\/wp-json\/wp\/v2\/users\/1"}],"replies":[{"embeddable":true,"href":"https:\/\/lavoiedessansvoix.fr\/lavoie\/wp-json\/wp\/v2\/comments?post=1373"}],"version-history":[{"count":0,"href":"https:\/\/lavoiedessansvoix.fr\/lavoie\/wp-json\/wp\/v2\/posts\/1373\/revisions"}],"wp:attachment":[{"href":"https:\/\/lavoiedessansvoix.fr\/lavoie\/wp-json\/wp\/v2\/media?parent=1373"}],"wp:term":[{"taxonomy":"category","embeddable":true,"href":"https:\/\/lavoiedessansvoix.fr\/lavoie\/wp-json\/wp\/v2\/categories?post=1373"},{"taxonomy":"post_tag","embeddable":true,"href":"https:\/\/lavoiedessansvoix.fr\/lavoie\/wp-json\/wp\/v2\/tags?post=1373"}],"curies":[{"name":"wp","href":"https:\/\/api.w.org\/{rel}","templated":true}]}}