{"id":1371,"date":"2013-10-20T18:25:00","date_gmt":"2013-10-20T16:25:00","guid":{"rendered":"https:\/\/lavoiedessansvoix.fr\/lavoie\/2013\/10\/20\/archive-ami-si-tu-tombe-un-ami-sort-de-l-ombre-a-ta-place\/"},"modified":"2013-10-20T18:25:00","modified_gmt":"2013-10-20T16:25:00","slug":"archive-ami-si-tu-tombe-un-ami-sort-de-l-ombre-a-ta-place","status":"publish","type":"post","link":"https:\/\/lavoiedessansvoix.fr\/lavoie\/2013\/10\/20\/archive-ami-si-tu-tombe-un-ami-sort-de-l-ombre-a-ta-place\/","title":{"rendered":"\u00ab AMI SI TU TOMBE UN AMI SORT DE L\u2019OMBRE \u00c0 TA PLACE \u00bb*"},"content":{"rendered":"<p>https:\/\/encrypted-tbn0.gstatic.com\/images?q=tbn:ANd9GcRRoT8kRpavywllzQjc2JvF6pNWkDgxOEe8TvNHvVVlZuCnWJaE\u00ab AMI SI TU TOMBE UN AMI SORT DE L\u2019OMBRE \u00c0 TA PLACE \u00bb*Vous avez constat\u00e9, chers  amis visiteurs, que la diffusion de \u00ab lavoiedessansvoix.fr \u00bb, sur le  Web, \u00e9tait fortement perturb\u00e9e et a m\u00eame \u00e9t\u00e9 interrompue ces derniers  jours..C\u2019est que nous avons subi des attaques massives de spams, mettant en  danger le serveur de notre h\u00e9bergeur. Nous avons \u00e9t\u00e9 contraints de  proc\u00e9der \u00e0 des nettoyages du Site et de nos ordinateurs. Les pirates ont  atteint, momentan\u00e9ment un de leurs buts, celui d\u2019entraver la mont\u00e9e en  puissance de notre audience. Dans un article intitul\u00e9 \u00ab Le Bulletin de  Sant\u00e9 de lavoiedessansvoix \u00bb nous donnions des informations sur la  r\u00e9alit\u00e9 de celle-ci. Or, au mois de septembre, elle a cr\u00fb, passant \u00e0  1250 visiteurs (unique) et 3500 visites. Elle croissait encore de  mani\u00e8re tr\u00e8s significative en octobre, puisqu\u2019\u00e0 la moiti\u00e9 du mois, juste  avant que nous soyons stopp\u00e9s par cette derni\u00e8re attaque, nous en  \u00e9tions d\u00e9j\u00e0 \u00e0 830 visiteurs (uniques) et 2300 visites. \u00ab Juste avant cette derni\u00e8re attaque \u00bb ? Ce n\u2019est pas la premi\u00e8re en effet. Nous en avons subi d\u2019autres de diverses formes. Mais les deux derni\u00e8res ont pris des dimensions plus importantes, provoquant la suspension de notre Site, par notre h\u00e9bergeur. Les spammers, les hackers, les pirates, croyez-vous qu\u2019ils agissent gratuitement, seuls et au hasard de leurs phobies de leurs lubies ou de leurs d\u00e9lires ? Certes, dans l\u2019absolu, cela peut arriver quelques fois. Mais dans la plupart des cas, il ne fait aucun doute que ceux-l\u00e0 sont des salari\u00e9s appoint\u00e9s, ou des \u00ab tueurs du web \u00bb, sous contrat ou d\u00fbment mandat\u00e9s, par d\u2019autres qui ont leurs \u00ab raisons \u00bb de vouloir nous faire taire.Par qui donc sommes-nous attaqu\u00e9s vraiment ? Bien s\u00fbr il est impossible de le dire clairement, les preuves factuelles sont bien difficiles \u00e0 r\u00e9unir en cette mati\u00e8re. Mais un faisceau de circonstances, accumul\u00e9es au fil du temps et en croisant les \u00e9v\u00e8nements, nous permet de les cerner tout de m\u00eame, de les approcher. Nous nous garderons de nommer trop clairement les probables fautifs, car ils fondraient alors sur nous avec toute leur puissance m\u00e9diatique financi\u00e8re et l\u00e9gislative et nous \u00ab crucifierait \u00bb au pr\u00e9texte de \u00ab d\u00e9nonciation mensong\u00e8re \u00bb et du sacro-saint principe de \u00ab la pr\u00e9somption d\u2019innocence \u00bb. Voil\u00e0 toutefois ce que nous avons constat\u00e9 :Le 27 septembre, nous avons publi\u00e9 un article intitul\u00e9 : \u00ab Homo-absurdus \u00bb dans lequel nous traitions de certaines d\u00e9clarations d\u2019un haut personnage de l\u2019\u00c9tat devant l\u2019Assembl\u00e9e g\u00e9n\u00e9rale annuelle de l\u2019ONU \u00bb et le 28 \u00ab Alerte AVG, attaque par virus \u00bb. Le 9 octobre, publication de l\u2019article \u00ab Manuel Valls, du mim\u00e9tisme \u00e0 l\u2019affirmation de soi \u00bb, Le 11 notre h\u00e9bergeur suspendait lavoiedessansvoix, cons\u00e9cutivement \u00e0 une attaque massive de spams. Nous y rem\u00e9di\u00e2mes rapidement et l\u2019interruption ne dura gu\u00e8re. Aussi passa-t-elle probablement inaper\u00e7ue de la majorit\u00e9 de nos visiteurs. Mais le 14 octobre \u00e0 21 heures 49 nous publi\u00e2mes un autre article mettant en sc\u00e8ne le premier de ces personnages, et intitul\u00e9 : \u00ab Prix Nobel de la paix, les propos impudents de Fran\u00e7ois Hollande \u00bb. Le 15 au matin, notre Site \u00e9tait \u00e0 nouveau suspendu. C\u2019est la continuit\u00e9 m\u00eame de notre Site qui est \u00e0 pr\u00e9sent menac\u00e9e. Nous serions bien niais si en de pareilles circonstances, nous refusions de comprendre que des cellules sp\u00e9cialis\u00e9es existes dont la mission est d\u2019assurer \u00absur le web, la protection rapproch\u00e9e de certains hauts personnages de l\u2019\u00c9tat.Eh oui, le doute n\u2019est gu\u00e8re permis. Ce sont ceux-l\u00e0 qui nous attaquent : les champions de \u00ab la d\u00e9mocratie \u00bb, les d\u00e9fenseurs de la libert\u00e9 d\u2019expression, les laudateurs du \u00ab contre-pouvoir de la presse \u00bb, les dithyrambistes de cet espace de libert\u00e9 qu\u2019est le web fils du \u00ab progr\u00e8s capitaliste \u00bb.Mais la d\u00e9mocratie ils ne la respectent en v\u00e9rit\u00e9 que pour autant qu\u2019elle ne menace pas l\u2019ordre \u00e9tablit, qu\u2019elle ne conteste pas leur hi\u00e9rarchie de valeurs. La libert\u00e9 d\u2019expression ? Ils la tol\u00e8rent \u00e0 la condition qu\u2019elle ne leur fasse pas ombrage. Quant \u00e0 la presse et aux m\u00e9dias audiovisuels, pass\u00e9s sous les fourches caudines des puissances de l\u2019argent ils n\u2019ont de contre pouvoir que le nom. \u00ab La toile \u00bb est plus pour les petits, un espace de d\u00e9foulement qu\u2019elle n\u2019est l\u2019espace de libert\u00e9 qu\u2019ils proclament. Chacun, devant son ordinateur, peut s\u2019exprimer, mais les filtres et les dispositifs sont nombreux pour contenir la pl\u00e8be du web dans ces cantonnements populeux et n\u2019ouvrir les \u00ab avenues \u00bb de la \u00ab visibilit\u00e9 \u00bb qu\u2019\u00e0 ceux qui disposent des moyens techniques et financiers de sublimer le support. L\u00e0 comme ailleurs, les vrais b\u00e9n\u00e9ficiaires de la libert\u00e9 sont ceux qui l\u2019ach\u00e8tent \u00e0 prix d\u2019or. Ceux-l\u00e0 ont des moyens de mener une guerre de chaque instant, contre les Lilliputiens pr\u00e9tentieux qui voulaient ficeler Gulliver.Ils pourraient, \u00ab chevaliers de la pens\u00e9e humaine \u00bbnous disputer sur les id\u00e9es, nous opposer leurs arguments, mais ne serait-ce pas nous donner trop d\u2019importance ? Ils pourraient, \u00e0 d\u00e9faut, s\u2019ils se pensent injuri\u00e9s ou diffam\u00e9s, nous poursuivre en justice \u00e0 ces motifs. Mais ne serai-ce pas prendre le risque de d\u00e9voiler leur vrai visage et de faire exploser notre audience ? Alors, ils choisissent, pour nous atteindre, d\u2019agir dans l\u2019ombre avec les m\u00e9thodes insidieuses des l\u00e2ches et dans le silence du huis clos.Veulent-ils nous faire taire ? Oui ! Viendront-ils \u00e0 bout de \u00ab lavoiedessansvoix  ? Peut-\u00eatre ! Nous savons trop la puissance dont ils disposent, ce serait pr\u00e9tentieux de pr\u00e9tendre le contraire. Y parviendront-ils facilement ? Non ! Nous nous battrons. Nous feront-ils taire vraiment ? Non bien s\u00fbr. Lancinante, notre voix \u00e9teinte l\u00e0, ressurgira l\u00e0 bas, multiple et musarde \u00e0 l\u2019autre bout du web. Nous ne croyons pas \u00e0 la m\u00e9tempsychose nous la pratiquerons pourtant. Tueront-ils \u00ab la voie des sans voix \u00bb ? Elle se r\u00e9incarnera aussit\u00f4t, dix avatars multiplieront sa parole.Notre m\u00e8re en nous tenant par le talon, nous a baign\u00e9s, \u00e0 peine n\u00e9 dans les eaux du Styx de la \u00ab r\u00e9sistance \u00bb. Nous avons dans le sang et dans le c\u0153ur cette trempe des hommes debout. Nous ne sommes pas de ceux que l\u2019on intimide. On ne nous fera pas taire. On a peur, certes, nous l\u2019avouons bien humblement. La peur est salvatrice. Mais nous ne rendrons pas les armes de la rh\u00e9torique. Nous sommes port\u00e9s par cet optimisme terrible qui est la flamme des grands combats de l\u2019histoire, et qui susurre \u00e0 notre oreille :\u00ab Ami si tu tombe, un ami sort de l\u2019ombre \u00e0 ta place \u00bb*Patrick Seignon. \u00ab lavoiedessansvoix.fr \u00bb. 19 octobre 2013.* \u00ab Le chant des partisans \u00bb Joseph Kessel et Maurice Druon.<\/p>\n","protected":false},"excerpt":{"rendered":"<p>https:\/\/encrypted-tbn0.gstatic.com\/images?q=tbn:ANd9GcRRoT8kRpavywllzQjc2JvF6pNWkDgxOEe8TvNHvVVlZuCnWJaE\u00ab AMI SI TU TOMBE UN AMI SORT DE L\u2019OMBRE \u00c0 TA PLACE \u00bb*Vous avez constat\u00e9, chers amis visiteurs, que [&hellip;]<\/p>\n","protected":false},"author":1,"featured_media":0,"comment_status":"open","ping_status":"open","sticky":false,"template":"","format":"standard","meta":{"sfsi_plus_gutenberg_text_before_share":"","sfsi_plus_gutenberg_show_text_before_share":"","sfsi_plus_gutenberg_icon_type":"","sfsi_plus_gutenberg_icon_alignemt":"","sfsi_plus_gutenburg_max_per_row":"","site-sidebar-layout":"default","site-content-layout":"","ast-site-content-layout":"default","site-content-style":"default","site-sidebar-style":"default","ast-global-header-display":"","ast-banner-title-visibility":"","ast-main-header-display":"","ast-hfb-above-header-display":"","ast-hfb-below-header-display":"","ast-hfb-mobile-header-display":"","site-post-title":"","ast-breadcrumbs-content":"","ast-featured-img":"","footer-sml-layout":"","ast-disable-related-posts":"","theme-transparent-header-meta":"","adv-header-id-meta":"","stick-header-meta":"","header-above-stick-meta":"","header-main-stick-meta":"","header-below-stick-meta":"","astra-migrate-meta-layouts":"default","ast-page-background-enabled":"default","ast-page-background-meta":{"desktop":{"background-color":"var(--ast-global-color-4)","background-image":"","background-repeat":"repeat","background-position":"center center","background-size":"auto","background-attachment":"scroll","background-type":"","background-media":"","overlay-type":"","overlay-color":"","overlay-opacity":"","overlay-gradient":""},"tablet":{"background-color":"","background-image":"","background-repeat":"repeat","background-position":"center center","background-size":"auto","background-attachment":"scroll","background-type":"","background-media":"","overlay-type":"","overlay-color":"","overlay-opacity":"","overlay-gradient":""},"mobile":{"background-color":"","background-image":"","background-repeat":"repeat","background-position":"center center","background-size":"auto","background-attachment":"scroll","background-type":"","background-media":"","overlay-type":"","overlay-color":"","overlay-opacity":"","overlay-gradient":""}},"ast-content-background-meta":{"desktop":{"background-color":"var(--ast-global-color-5)","background-image":"","background-repeat":"repeat","background-position":"center center","background-size":"auto","background-attachment":"scroll","background-type":"","background-media":"","overlay-type":"","overlay-color":"","overlay-opacity":"","overlay-gradient":""},"tablet":{"background-color":"var(--ast-global-color-5)","background-image":"","background-repeat":"repeat","background-position":"center center","background-size":"auto","background-attachment":"scroll","background-type":"","background-media":"","overlay-type":"","overlay-color":"","overlay-opacity":"","overlay-gradient":""},"mobile":{"background-color":"var(--ast-global-color-5)","background-image":"","background-repeat":"repeat","background-position":"center center","background-size":"auto","background-attachment":"scroll","background-type":"","background-media":"","overlay-type":"","overlay-color":"","overlay-opacity":"","overlay-gradient":""}},"footnotes":""},"categories":[16],"tags":[],"class_list":["post-1371","post","type-post","status-publish","format-standard","hentry","category-archives-cms"],"_links":{"self":[{"href":"https:\/\/lavoiedessansvoix.fr\/lavoie\/wp-json\/wp\/v2\/posts\/1371","targetHints":{"allow":["GET"]}}],"collection":[{"href":"https:\/\/lavoiedessansvoix.fr\/lavoie\/wp-json\/wp\/v2\/posts"}],"about":[{"href":"https:\/\/lavoiedessansvoix.fr\/lavoie\/wp-json\/wp\/v2\/types\/post"}],"author":[{"embeddable":true,"href":"https:\/\/lavoiedessansvoix.fr\/lavoie\/wp-json\/wp\/v2\/users\/1"}],"replies":[{"embeddable":true,"href":"https:\/\/lavoiedessansvoix.fr\/lavoie\/wp-json\/wp\/v2\/comments?post=1371"}],"version-history":[{"count":0,"href":"https:\/\/lavoiedessansvoix.fr\/lavoie\/wp-json\/wp\/v2\/posts\/1371\/revisions"}],"wp:attachment":[{"href":"https:\/\/lavoiedessansvoix.fr\/lavoie\/wp-json\/wp\/v2\/media?parent=1371"}],"wp:term":[{"taxonomy":"category","embeddable":true,"href":"https:\/\/lavoiedessansvoix.fr\/lavoie\/wp-json\/wp\/v2\/categories?post=1371"},{"taxonomy":"post_tag","embeddable":true,"href":"https:\/\/lavoiedessansvoix.fr\/lavoie\/wp-json\/wp\/v2\/tags?post=1371"}],"curies":[{"name":"wp","href":"https:\/\/api.w.org\/{rel}","templated":true}]}}