{"id":1367,"date":"2013-10-28T10:35:00","date_gmt":"2013-10-28T09:35:00","guid":{"rendered":"https:\/\/lavoiedessansvoix.fr\/lavoie\/2013\/10\/28\/archive-qu-est-ce-que-l-austerite\/"},"modified":"2013-10-28T10:35:00","modified_gmt":"2013-10-28T09:35:00","slug":"archive-qu-est-ce-que-l-austerite","status":"publish","type":"post","link":"https:\/\/lavoiedessansvoix.fr\/lavoie\/2013\/10\/28\/archive-qu-est-ce-que-l-austerite\/","title":{"rendered":"QU\u2019EST-CE QUE L\u2019AUST\u00c9RIT\u00c9\u00a0?"},"content":{"rendered":"<p>QU\u2019EST-CE QUE L\u2019AUST\u00c9RIT\u00c9 ?Il nous est arriv\u00e9 d\u2019entendre, vous les avez probablement entendu comme nous, certains, parmi ceux-l\u00e0 Jean-Luc M\u00e9lenchon, s\u2019\u00e9tonner, apparemment \u00e0 juste titre que Fran\u00e7ois Hollande qui a reconnu que l\u2019aust\u00e9rit\u00e9 conduisait \u00e0 la r\u00e9cession, promet encore plus d\u2019aust\u00e9rit\u00e9.Certes cela, qui est de nature \u00e0 heurter le \u00ab bon sens \u00bb, peut paraitre incompr\u00e9hensible \u00e0 qui croit que la r\u00e9cession est seulement une calamit\u00e9. Qu\u2019il conviendrait de tout faire pour l\u2019\u00e9viter, particuli\u00e8rement en remisant les politiques d\u2019aust\u00e9rit\u00e9 qui foin de la juguler ne font en v\u00e9rit\u00e9 que l\u2019engendrer.Ceux qui raisonnent ainsi le font parce qu\u2019ils pensent que la mission des responsables politiques est, ou devrait \u00eatre, de veiller au bien-\u00eatre du plus grand nombre. Mais n\u2019est-ce pas faire abstraction du caract\u00e8re de classe de tout pouvoir politique ? Les pouvoirs de la 5\u00e8me R\u00e9publique, mis successivement en place dans le cadre de l\u2019alternance droite gauche, ne sont que les commis, les serviteurs z\u00e9l\u00e9s du grand capital et de la grande finance internationale. Hollande comme Sarkozy ont pour mission de veiller aux int\u00e9r\u00eats de cette classe dominante. Ils s\u2019en acquittent avec z\u00e8leCe constat fait, il convient d\u2019en tirer toutes les cons\u00e9quences. Et la toute premi\u00e8re est que les dirigeants politiques ne sont pas du tout pr\u00e9occup\u00e9s du bien public qui voudrait que l\u2019\u00e9conomie fonctionne pour le bien commun. Ce qui les motive, ce n\u2019est pas que le pays produise suffisamment de richesse et que celle-ci soit redistribu\u00e9e \u00e9quitablement pour assurer le bonheur de tous. Mais que le \u00ab taux de profit \u00bb, cette cat\u00e9gorie \u00e9conomique sans \u00e2me, soit suffisamment \u00e9lev\u00e9 pour \u00eatre attractif aux investisseurs.Or, le taux de profit du capital, pour le r\u00e9tablir ou l\u2019accro\u00eetre, il faut faire baisser la part des salaires. Tous les moyens sont bons \u00e0 cet usage. L\u2019aust\u00e9rit\u00e9 budg\u00e9taire en fait partie.Qui est d\u00e9sign\u00e9 comme responsable du d\u00e9ficit budg\u00e9taire et de l\u2019accroissement de la dette publique ?    Les budgets des administrations, et en tout premier lieu \u00ab la masse salariale \u00bb de ceux-ci, qu\u2019il convient alors de contracter, c&rsquo;est-\u00e0-dire de r\u00e9duire le nombre des emplois, des personnels de sant\u00e9, des enseignants, des policiers, etc. Ce qui a pour cons\u00e9quence de r\u00e9duire la part de la richesse globale redistribu\u00e9e aux classes populaires.    Les d\u00e9penses sociales, sant\u00e9, couverture sociale, retraites, allocations familiales, aides publiques, etc., toutes ces formes du revenu des classes populaires qui sont du salaire diff\u00e9r\u00e9. Les amputer, les r\u00e9duire par toutes sortes d\u2019artifices, les rogner, revient \u00e9galement \u00e0 faire baisser la part salariale dans la distribution de la richesse produite.On ne peut pas vouloir faire baisser la part salariale et les salaires sans r\u00e9duire le pouvoir d\u2019achat des salari\u00e9s et cons\u00e9quence m\u00e9caniquement induite, quand on veut faire baisser le pouvoir d\u2019achat des salaires, on ne peut ignorer que cela implique une r\u00e9duction de l\u2019activit\u00e9, voire la disparition de nombreuses petites entreprises et commerces. Autrement dit, qui veut l\u2019aust\u00e9rit\u00e9 et la baisse du co\u00fbt du travail veut aussi la r\u00e9cession de ce secteur de l\u2019activit\u00e9 \u00e9conomique qui travaille pour la consommation des m\u00e9nages. Cela signifie que les d\u00e9cideurs politiques et \u00e9conomiques qui font mine d\u2019\u00eatre surpris par le cours des choses sont en v\u00e9rit\u00e9 de fieff\u00e9s menteurs. Ce par quoi ils pr\u00e9tendent \u00eatre surpris, ils l\u2019ont sciemment voulu et pr\u00e9par\u00e9.La baisse massive du pouvoir d\u2019achat des salaires, et en v\u00e9rit\u00e9 une politique \u00e9conomique \u00ab Malthusienne \u00bb dans son essence, enti\u00e8rement consciente et pleinement assum\u00e9e par les d\u00e9cideurs, depuis Tatcher\/Reagan, par les dirigeants politiques occidentaux.Si l\u2019on veut augmenter le taux de profit du capital, c&rsquo;est-\u00e0-dire la part de la richesse sociale que celui-ci capte et s\u2019approprie, il n\u2019y a pas de secret, il faut dans la m\u00eame proportion, faire chuter la part des salaires dans le partage des richesses produites. N-avez-vous pas remarqu\u00e9 combien en ces temps \u00ab de crise \u00bb, le, on devrait dire les, secteur du luxe se porte \u00e0 merveille ?La r\u00e9cession est-elle une calamit\u00e9 \u00ab naturelle \u00bb qui s\u2019abat sur les peuples ? Pas vraiment. C\u2019est surtout une calamit\u00e9 cons\u00e9cutive aux dysfonctionnements du syst\u00e8me fou de l\u2019\u00e9conomie de march\u00e9. Mais, pas seulement. Ce peut-\u00eatre aussi un passage parfaitement assum\u00e9 par les dirigeants politiques et les d\u00e9cideurs \u00e9conomiques dans leur offensive de classe contre les salari\u00e9s, pour un nouveau partage des richesses toujours plus favorable au capital.L\u2019aust\u00e9rit\u00e9 g\u00e9n\u00e9ralis\u00e9e en Europe est une politique de violente agression sociale des bourgeoisies europ\u00e9ennes, contre les classes populaires.Patrick Seignon. \u00ab lavoiedessansvoix.fr \u00bb 28 octobre 2013.<\/p>\n","protected":false},"excerpt":{"rendered":"<p>QU\u2019EST-CE QUE L\u2019AUST\u00c9RIT\u00c9 ?Il nous est arriv\u00e9 d\u2019entendre, vous les avez probablement entendu comme nous, certains, parmi ceux-l\u00e0 Jean-Luc M\u00e9lenchon, [&hellip;]<\/p>\n","protected":false},"author":1,"featured_media":0,"comment_status":"open","ping_status":"open","sticky":false,"template":"","format":"standard","meta":{"sfsi_plus_gutenberg_text_before_share":"","sfsi_plus_gutenberg_show_text_before_share":"","sfsi_plus_gutenberg_icon_type":"","sfsi_plus_gutenberg_icon_alignemt":"","sfsi_plus_gutenburg_max_per_row":"","site-sidebar-layout":"default","site-content-layout":"","ast-site-content-layout":"default","site-content-style":"default","site-sidebar-style":"default","ast-global-header-display":"","ast-banner-title-visibility":"","ast-main-header-display":"","ast-hfb-above-header-display":"","ast-hfb-below-header-display":"","ast-hfb-mobile-header-display":"","site-post-title":"","ast-breadcrumbs-content":"","ast-featured-img":"","footer-sml-layout":"","ast-disable-related-posts":"","theme-transparent-header-meta":"","adv-header-id-meta":"","stick-header-meta":"","header-above-stick-meta":"","header-main-stick-meta":"","header-below-stick-meta":"","astra-migrate-meta-layouts":"default","ast-page-background-enabled":"default","ast-page-background-meta":{"desktop":{"background-color":"var(--ast-global-color-4)","background-image":"","background-repeat":"repeat","background-position":"center center","background-size":"auto","background-attachment":"scroll","background-type":"","background-media":"","overlay-type":"","overlay-color":"","overlay-opacity":"","overlay-gradient":""},"tablet":{"background-color":"","background-image":"","background-repeat":"repeat","background-position":"center center","background-size":"auto","background-attachment":"scroll","background-type":"","background-media":"","overlay-type":"","overlay-color":"","overlay-opacity":"","overlay-gradient":""},"mobile":{"background-color":"","background-image":"","background-repeat":"repeat","background-position":"center center","background-size":"auto","background-attachment":"scroll","background-type":"","background-media":"","overlay-type":"","overlay-color":"","overlay-opacity":"","overlay-gradient":""}},"ast-content-background-meta":{"desktop":{"background-color":"var(--ast-global-color-5)","background-image":"","background-repeat":"repeat","background-position":"center center","background-size":"auto","background-attachment":"scroll","background-type":"","background-media":"","overlay-type":"","overlay-color":"","overlay-opacity":"","overlay-gradient":""},"tablet":{"background-color":"var(--ast-global-color-5)","background-image":"","background-repeat":"repeat","background-position":"center center","background-size":"auto","background-attachment":"scroll","background-type":"","background-media":"","overlay-type":"","overlay-color":"","overlay-opacity":"","overlay-gradient":""},"mobile":{"background-color":"var(--ast-global-color-5)","background-image":"","background-repeat":"repeat","background-position":"center center","background-size":"auto","background-attachment":"scroll","background-type":"","background-media":"","overlay-type":"","overlay-color":"","overlay-opacity":"","overlay-gradient":""}},"footnotes":""},"categories":[16],"tags":[],"class_list":["post-1367","post","type-post","status-publish","format-standard","hentry","category-archives-cms"],"_links":{"self":[{"href":"https:\/\/lavoiedessansvoix.fr\/lavoie\/wp-json\/wp\/v2\/posts\/1367","targetHints":{"allow":["GET"]}}],"collection":[{"href":"https:\/\/lavoiedessansvoix.fr\/lavoie\/wp-json\/wp\/v2\/posts"}],"about":[{"href":"https:\/\/lavoiedessansvoix.fr\/lavoie\/wp-json\/wp\/v2\/types\/post"}],"author":[{"embeddable":true,"href":"https:\/\/lavoiedessansvoix.fr\/lavoie\/wp-json\/wp\/v2\/users\/1"}],"replies":[{"embeddable":true,"href":"https:\/\/lavoiedessansvoix.fr\/lavoie\/wp-json\/wp\/v2\/comments?post=1367"}],"version-history":[{"count":0,"href":"https:\/\/lavoiedessansvoix.fr\/lavoie\/wp-json\/wp\/v2\/posts\/1367\/revisions"}],"wp:attachment":[{"href":"https:\/\/lavoiedessansvoix.fr\/lavoie\/wp-json\/wp\/v2\/media?parent=1367"}],"wp:term":[{"taxonomy":"category","embeddable":true,"href":"https:\/\/lavoiedessansvoix.fr\/lavoie\/wp-json\/wp\/v2\/categories?post=1367"},{"taxonomy":"post_tag","embeddable":true,"href":"https:\/\/lavoiedessansvoix.fr\/lavoie\/wp-json\/wp\/v2\/tags?post=1367"}],"curies":[{"name":"wp","href":"https:\/\/api.w.org\/{rel}","templated":true}]}}