{"id":1364,"date":"2013-11-06T15:41:00","date_gmt":"2013-11-06T14:41:00","guid":{"rendered":"https:\/\/lavoiedessansvoix.fr\/lavoie\/2013\/11\/06\/archive-bonnets-rouges-et-bonnets-d-anes\/"},"modified":"2013-11-06T15:41:00","modified_gmt":"2013-11-06T14:41:00","slug":"archive-bonnets-rouges-et-bonnets-d-anes","status":"publish","type":"post","link":"https:\/\/lavoiedessansvoix.fr\/lavoie\/2013\/11\/06\/archive-bonnets-rouges-et-bonnets-d-anes\/","title":{"rendered":"BONNETS ROUGES ET BONNETS D\u2019\u00c2NES"},"content":{"rendered":"<p>BONNETS ROUGES ET BONNETS D\u2019\u00c2NESLe samedi 2 novembre, 30 000 personnes manifestaient \u00e0 Quimper, contre l\u2019\u00e9cotaxe et la casse industrielle. \u00ab Le rassemblement quimp\u00e9rois ne faisait pas l&rsquo;unanimit\u00e9 : les syndicats CGT, Solidaires et FSU, ainsi que EELV et le Front de gauche avaient appel\u00e9 \u00e0 leur propre manifestation, \u00e0 Carhaix (Finist\u00e8re). Elle s&rsquo;est d\u00e9roul\u00e9e dans le calme et a rassembl\u00e9 3000 personnes selon la CGT, 600, selon la pr\u00e9fecture. \u00bb (le Parisien, 3 novembre 2013). Mais pourquoi donc cet ostracisme contre la puissante et col\u00e9reuse mobilisation antifiscale de la Bretagne ? Le mouvement antifiscal a pris pour symbole le bonnet rouge. Par votre positionnement surprenant, ne craignez-vous pas mes amis d\u2019avoir m\u00e9rit\u00e9 le bonnet d\u2019\u00e2ne ?A mes amis, car ce sont tout de m\u00eame mes amis, je pose la question suivante. Vous vous insurgez contre la d\u00e9sindustrialisation, contre les d\u00e9localisations, contre la politique d\u2019aust\u00e9rit\u00e9 \u00ab r\u00e9cessionniste\u00bb, contre la \u00ab globalisation \u00e9conomique \u00bb m\u00e8re de tous ces maux. Vous affirmez vouloir d\u00e9fendre les droits et acquis sociaux que les gouvernements de droites et de gauches d\u00e9tricotent chacun son tour. Alors, ayant constat\u00e9, ce que vous subodoriez, que le gouvernement Hollande\/Ayrault, \u00e9tiquet\u00e9 \u00ab gauche \u00bb faisait la politique du capital financier, vous ne pouvez pas ne pas souhaiter une vaste mobilisation sociale qui t\u00e9taniserait l\u2019offensive r\u00e9actionnaire et antisociale.Comme il est arriv\u00e9 dans le pass\u00e9 que des mouvements lyc\u00e9ens ou \u00e9tudiants induisent des mobilisations ouvri\u00e8res, pourquoi n\u2019adviendrait-il pas que le mouvement antifiscal des Bretons mette le feu \u00e0 la poudri\u00e8re sociale qu\u2019est devenu notre pays ? Cette mobilisation, cette contre-offensive sociale, la souhaitez-vos vraiment ? Alors ne fallait-il pas s\u2019emparer de la contestation bretonne pour mettre le feu \u00e0 la prairie ? Ne faut-il pas avec les allumettes de la contestation antifiscale allumer ce grand mouvement social salvateur ?Or, nous constatons avec effarement que plut\u00f4t qu\u2019appeler vos forces, tous les ouvriers, les salari\u00e9s et les ch\u00f4meurs de France et de Navarre \u00e0 se joindre \u00e0 la province finist\u00e9rienne, vous faites s\u00e9cession. Vous appelez \u00e0 manifester s\u00e9par\u00e9ment et sur d\u2019autres revendications, au pr\u00e9texte que des patrons se reconnaissent bien s\u00fbr dans la revendication antifiscale, que celle-ci est soutenue et encourag\u00e9e par le  patronat et la droite,, vous la d\u00e9daignez. Pire vous ins\u00e9minez les germes de sa scission future, tracez en pointill\u00e9s les limites de sa propagation.Alors, faut-il en conclure que cette grande contre-offensive sociale tellement n\u00e9cessaire, que votre nature politique devrait vous faire souhaiter, vous ne la souhaitez pas en v\u00e9rit\u00e9 ? C\u2019est bien cela, il faut se rendre \u00e0 l\u2019\u00e9vidence. Vous ne la souhaitez pas. Tel est le sens de votre positionnement. Quand vous voyez que la mobilisation bretonne risque v\u00e9ritablement d\u2019allumer le feu, en pompiers avis\u00e9s vous allumez un contre-feu.Mais quel inconv\u00e9nient y a-t-il donc, si la mobilisation antimondialiste et anticapitaliste des salari\u00e9s utilise pour s\u2019affirmer, la courte \u00e9chelle que lui offre actuellement la mobilisation antifiscale des agriculteurs, artisans et petits patrons et des salari\u00e9s qui s\u2019y joignent. D\u00e9bord\u00e9e par la contestation globale des salari\u00e9s, celle-ci ne changera-t-elle pas de nature ? Et, serait-ce alors un mal, si des agriculteurs, des artisans et m\u00eame des petits patrons se reconnaissent encore dans ce mouvement ?Pour qu\u2019il ne prenne pas des allures r\u00e9actionnaires, il ne faut pas d\u00e9daigner le mouvement antifiscal, il faut en prendre la t\u00eate.Nous avons dit ici maintes fois que pour faire face \u00e0 la mont\u00e9e \u00e9lectorale du FN, la condition indispensable \u00e9tait l\u2019apparition d\u2019une v\u00e9ritable opposition de gauche, sans concessions, au gouvernement \u00ab de gauche \u00bb. Or, foin d\u2019une opposition sans concession, c\u2019est en fait au secours du gouvernement que vous volez en cette circonstance. Votre cr\u00e9do reste \u00ab la r\u00e9ussite du gouvernement de gauche \u00bb, m\u00eame lorsqu\u2019il est apparent que cette r\u00e9ussite \u00ab\u00e9ventuelle est celle en v\u00e9rit\u00e9 de la politique antisociale du capital financier, v\u00e9ritable donneur d\u2019ordre.Alors trahie (voir la r\u00e9forme des retraites), ni\u00e9e m\u00eame, la col\u00e8re populaire qui croit ne peut trouver d\u2019exutoire dans votre politique. Si vous persistez dans cette voie, la contestation sociale se fera sans vous, elle empruntera d\u2019autres canaux, elle vous passera \u00e0 c\u00f4t\u00e9 et peut-\u00eatre m\u00eame dessus. Et je vous le dis camarades, avec amertume, mais amicalement tout de m\u00eame, vous serez mal venus de vous en plaindre.Mardi 5 novembre 2013.<\/p>\n","protected":false},"excerpt":{"rendered":"<p>BONNETS ROUGES ET BONNETS D\u2019\u00c2NESLe samedi 2 novembre, 30 000 personnes manifestaient \u00e0 Quimper, contre l\u2019\u00e9cotaxe et la casse industrielle. [&hellip;]<\/p>\n","protected":false},"author":1,"featured_media":0,"comment_status":"open","ping_status":"open","sticky":false,"template":"","format":"standard","meta":{"sfsi_plus_gutenberg_text_before_share":"","sfsi_plus_gutenberg_show_text_before_share":"","sfsi_plus_gutenberg_icon_type":"","sfsi_plus_gutenberg_icon_alignemt":"","sfsi_plus_gutenburg_max_per_row":"","site-sidebar-layout":"default","site-content-layout":"","ast-site-content-layout":"default","site-content-style":"default","site-sidebar-style":"default","ast-global-header-display":"","ast-banner-title-visibility":"","ast-main-header-display":"","ast-hfb-above-header-display":"","ast-hfb-below-header-display":"","ast-hfb-mobile-header-display":"","site-post-title":"","ast-breadcrumbs-content":"","ast-featured-img":"","footer-sml-layout":"","ast-disable-related-posts":"","theme-transparent-header-meta":"","adv-header-id-meta":"","stick-header-meta":"","header-above-stick-meta":"","header-main-stick-meta":"","header-below-stick-meta":"","astra-migrate-meta-layouts":"default","ast-page-background-enabled":"default","ast-page-background-meta":{"desktop":{"background-color":"var(--ast-global-color-4)","background-image":"","background-repeat":"repeat","background-position":"center center","background-size":"auto","background-attachment":"scroll","background-type":"","background-media":"","overlay-type":"","overlay-color":"","overlay-opacity":"","overlay-gradient":""},"tablet":{"background-color":"","background-image":"","background-repeat":"repeat","background-position":"center center","background-size":"auto","background-attachment":"scroll","background-type":"","background-media":"","overlay-type":"","overlay-color":"","overlay-opacity":"","overlay-gradient":""},"mobile":{"background-color":"","background-image":"","background-repeat":"repeat","background-position":"center center","background-size":"auto","background-attachment":"scroll","background-type":"","background-media":"","overlay-type":"","overlay-color":"","overlay-opacity":"","overlay-gradient":""}},"ast-content-background-meta":{"desktop":{"background-color":"var(--ast-global-color-5)","background-image":"","background-repeat":"repeat","background-position":"center center","background-size":"auto","background-attachment":"scroll","background-type":"","background-media":"","overlay-type":"","overlay-color":"","overlay-opacity":"","overlay-gradient":""},"tablet":{"background-color":"var(--ast-global-color-5)","background-image":"","background-repeat":"repeat","background-position":"center center","background-size":"auto","background-attachment":"scroll","background-type":"","background-media":"","overlay-type":"","overlay-color":"","overlay-opacity":"","overlay-gradient":""},"mobile":{"background-color":"var(--ast-global-color-5)","background-image":"","background-repeat":"repeat","background-position":"center center","background-size":"auto","background-attachment":"scroll","background-type":"","background-media":"","overlay-type":"","overlay-color":"","overlay-opacity":"","overlay-gradient":""}},"footnotes":""},"categories":[16],"tags":[],"class_list":["post-1364","post","type-post","status-publish","format-standard","hentry","category-archives-cms"],"_links":{"self":[{"href":"https:\/\/lavoiedessansvoix.fr\/lavoie\/wp-json\/wp\/v2\/posts\/1364","targetHints":{"allow":["GET"]}}],"collection":[{"href":"https:\/\/lavoiedessansvoix.fr\/lavoie\/wp-json\/wp\/v2\/posts"}],"about":[{"href":"https:\/\/lavoiedessansvoix.fr\/lavoie\/wp-json\/wp\/v2\/types\/post"}],"author":[{"embeddable":true,"href":"https:\/\/lavoiedessansvoix.fr\/lavoie\/wp-json\/wp\/v2\/users\/1"}],"replies":[{"embeddable":true,"href":"https:\/\/lavoiedessansvoix.fr\/lavoie\/wp-json\/wp\/v2\/comments?post=1364"}],"version-history":[{"count":0,"href":"https:\/\/lavoiedessansvoix.fr\/lavoie\/wp-json\/wp\/v2\/posts\/1364\/revisions"}],"wp:attachment":[{"href":"https:\/\/lavoiedessansvoix.fr\/lavoie\/wp-json\/wp\/v2\/media?parent=1364"}],"wp:term":[{"taxonomy":"category","embeddable":true,"href":"https:\/\/lavoiedessansvoix.fr\/lavoie\/wp-json\/wp\/v2\/categories?post=1364"},{"taxonomy":"post_tag","embeddable":true,"href":"https:\/\/lavoiedessansvoix.fr\/lavoie\/wp-json\/wp\/v2\/tags?post=1364"}],"curies":[{"name":"wp","href":"https:\/\/api.w.org\/{rel}","templated":true}]}}