{"id":1363,"date":"2013-11-06T15:48:00","date_gmt":"2013-11-06T14:48:00","guid":{"rendered":"https:\/\/lavoiedessansvoix.fr\/lavoie\/2013\/11\/06\/archive-et-si-nous-nous-repetions\/"},"modified":"2013-11-06T15:48:00","modified_gmt":"2013-11-06T14:48:00","slug":"archive-et-si-nous-nous-repetions","status":"publish","type":"post","link":"https:\/\/lavoiedessansvoix.fr\/lavoie\/2013\/11\/06\/archive-et-si-nous-nous-repetions\/","title":{"rendered":"ET SI NOUS NOUS R\u00c9P\u00c9TIONS ?"},"content":{"rendered":"<p>REPOS DOMINICALET SI NOUS NOUS R\u00c9P\u00c9TIONS ?\u00ab Le 26 septembre, le tribunal de commerce de Bobigny avait condamn\u00e9 les deux enseignes \u00e0 fermer quinze de leurs magasins en \u00cele-de-France, \u00e0 la suite d\u2019une plainte de leur concurrent Bricorama, sous peine d\u2019une astreinte de 120 000 euros par magasin et par dimanche ouvert. \u00bb(figaro.fr)ceux-ci ayant brav\u00e9 la d\u00e9cision du tribunal, une vive pol\u00e9mique s\u2019en \u00e9tait suivie dans laquelle plusieurs membres du gouvernement s\u2019illustr\u00e8rent par la fermet\u00e9 de leurs propos, d\u00e9fendant le \u00ab principe du repos dominical \u00bb. Leurs rodomontades nous avaient inspir\u00e9 les commentaires que voici. \u00ab\u00a0Nous ne transigerons pas sur le repos dominical\u00a0\u00bb, tonitrue Benoit Hamon ministre d\u00e9l\u00e9gu\u00e9 \u00e0 l&rsquo;\u00c9conomie sociale et solidaire et \u00e0 la Consommation. C\u2019\u00e9tait le 28 septembre. Le surlendemain \u00ab \u00c0 l&rsquo;issue d&rsquo;une r\u00e9union lundi \u00e0 Matignon entre le premier ministre, Jean-Marc Ayrault, et les ministres Sylvia Pinel (commerce), Michel Sapin (Travail), Beno\u00eet Hamon (Consommation) et Pierre Moscovici (\u00c9conomie), mission a \u00e9t\u00e9 confi\u00e9e \u00e0 Jean-Paul Bailly de faire des propositions de r\u00e9forme fin novembre. \u00bb (le Point.fr, 30 septembre 2013) Et bien s\u00fbr, comme Benoit Hamon l\u2019avant-veille, Michel Sapin, lundi matin, jure aussi ses \u00ab grands Dieux\u00bb qu\u2019il \u00ab ne s&rsquo;agit en aucun cas de \u00ab\u00a0toucher \u00e0 cette r\u00e8gle\u00a0\u00bb du repos dominical. \u00bb Et bien voil\u00e0, pr\u00e9c\u00e9dant les conclusions de la \u00ab mission Bailly \u00bb, la \u00ab justice \u00bb dont chacun sait \u00e0 quel point elle est ind\u00e9pendante, lui m\u00e2che le travail, d\u00e9roule le tapis sous ses pas, lui montre la voie.\u00ab La cour d\u2019appel de Paris a autoris\u00e9 mardi les enseignes de bricolage Leroy Merlin et Castorama \u00e0 rouvrir leurs magasins franciliens le dimanche, infirmant ainsi la d\u00e9cision de premi\u00e8re instance, \u00bb (Figaro.fr)Et bien s\u00fbr les \u00ab Sondeurs \u00bb en ajoutent une couche. \u00ab 69% des Fran\u00e7ais se d\u00e9clarent favorables \u00e0 l\u2019ouverture des magasins le dimanche, un chiffre qui monte \u00e0 82% en r\u00e9gion parisienne. \u00bbEt si l\u2019on avait pos\u00e9 \u00e0 ceux qui ont un emploi, la question suivante, seriez-vous d\u2019accord pour travailler le dimanche, qu\u2019auraient-ils r\u00e9pondu ? Probablement \u00ab non ! Si je travaille le dimanche je ne pourrai plus venir ce jour-l\u00e0 faire mes emplettes chez Leroy-Merlin \u00bb.Alors, apr\u00e8s cela, nous pouvons nous r\u00e9p\u00e9ter sans honte, mais avec dans la poitrine, d\u00e9j\u00e0 la br\u00fblure de la col\u00e8re. C\u2019\u00e9tait la conclusion de notre article du 2 octobre, plus que jamais nous pouvons affirmer qu\u2019elle r\u00e9sume ce que seront les conclusions de la \u00ab mission de Jean-Paul Bailly \u00bb :\u00ab Non bien s\u00fbr. C\u2019est bien vrai qu\u2019ils \u00ab n\u2019y toucheront pas. Fid\u00e8les \u00e0 leur m\u00e9thode ils la videront seulement de sa substance. Que croyez-vous donc que va faire la \u00ab mission Bailly \u00bb, sinon \u00e9tendre encore les d\u00e9rogations, tant, qu\u2019\u00e0 la fin c\u2019est la loi qui deviendra l\u2019exception. \u00bbPatrick Seignon. \u00ab lavoiedessansvoix.fr \u00bb Mercredi 6 novembre 2013.<\/p>\n","protected":false},"excerpt":{"rendered":"<p>REPOS DOMINICALET SI NOUS NOUS R\u00c9P\u00c9TIONS ?\u00ab Le 26 septembre, le tribunal de commerce de Bobigny avait condamn\u00e9 les deux [&hellip;]<\/p>\n","protected":false},"author":1,"featured_media":0,"comment_status":"open","ping_status":"open","sticky":false,"template":"","format":"standard","meta":{"sfsi_plus_gutenberg_text_before_share":"","sfsi_plus_gutenberg_show_text_before_share":"","sfsi_plus_gutenberg_icon_type":"","sfsi_plus_gutenberg_icon_alignemt":"","sfsi_plus_gutenburg_max_per_row":"","site-sidebar-layout":"default","site-content-layout":"","ast-site-content-layout":"default","site-content-style":"default","site-sidebar-style":"default","ast-global-header-display":"","ast-banner-title-visibility":"","ast-main-header-display":"","ast-hfb-above-header-display":"","ast-hfb-below-header-display":"","ast-hfb-mobile-header-display":"","site-post-title":"","ast-breadcrumbs-content":"","ast-featured-img":"","footer-sml-layout":"","ast-disable-related-posts":"","theme-transparent-header-meta":"","adv-header-id-meta":"","stick-header-meta":"","header-above-stick-meta":"","header-main-stick-meta":"","header-below-stick-meta":"","astra-migrate-meta-layouts":"default","ast-page-background-enabled":"default","ast-page-background-meta":{"desktop":{"background-color":"var(--ast-global-color-4)","background-image":"","background-repeat":"repeat","background-position":"center center","background-size":"auto","background-attachment":"scroll","background-type":"","background-media":"","overlay-type":"","overlay-color":"","overlay-opacity":"","overlay-gradient":""},"tablet":{"background-color":"","background-image":"","background-repeat":"repeat","background-position":"center center","background-size":"auto","background-attachment":"scroll","background-type":"","background-media":"","overlay-type":"","overlay-color":"","overlay-opacity":"","overlay-gradient":""},"mobile":{"background-color":"","background-image":"","background-repeat":"repeat","background-position":"center center","background-size":"auto","background-attachment":"scroll","background-type":"","background-media":"","overlay-type":"","overlay-color":"","overlay-opacity":"","overlay-gradient":""}},"ast-content-background-meta":{"desktop":{"background-color":"var(--ast-global-color-5)","background-image":"","background-repeat":"repeat","background-position":"center center","background-size":"auto","background-attachment":"scroll","background-type":"","background-media":"","overlay-type":"","overlay-color":"","overlay-opacity":"","overlay-gradient":""},"tablet":{"background-color":"var(--ast-global-color-5)","background-image":"","background-repeat":"repeat","background-position":"center center","background-size":"auto","background-attachment":"scroll","background-type":"","background-media":"","overlay-type":"","overlay-color":"","overlay-opacity":"","overlay-gradient":""},"mobile":{"background-color":"var(--ast-global-color-5)","background-image":"","background-repeat":"repeat","background-position":"center center","background-size":"auto","background-attachment":"scroll","background-type":"","background-media":"","overlay-type":"","overlay-color":"","overlay-opacity":"","overlay-gradient":""}},"footnotes":""},"categories":[16],"tags":[],"class_list":["post-1363","post","type-post","status-publish","format-standard","hentry","category-archives-cms"],"_links":{"self":[{"href":"https:\/\/lavoiedessansvoix.fr\/lavoie\/wp-json\/wp\/v2\/posts\/1363","targetHints":{"allow":["GET"]}}],"collection":[{"href":"https:\/\/lavoiedessansvoix.fr\/lavoie\/wp-json\/wp\/v2\/posts"}],"about":[{"href":"https:\/\/lavoiedessansvoix.fr\/lavoie\/wp-json\/wp\/v2\/types\/post"}],"author":[{"embeddable":true,"href":"https:\/\/lavoiedessansvoix.fr\/lavoie\/wp-json\/wp\/v2\/users\/1"}],"replies":[{"embeddable":true,"href":"https:\/\/lavoiedessansvoix.fr\/lavoie\/wp-json\/wp\/v2\/comments?post=1363"}],"version-history":[{"count":0,"href":"https:\/\/lavoiedessansvoix.fr\/lavoie\/wp-json\/wp\/v2\/posts\/1363\/revisions"}],"wp:attachment":[{"href":"https:\/\/lavoiedessansvoix.fr\/lavoie\/wp-json\/wp\/v2\/media?parent=1363"}],"wp:term":[{"taxonomy":"category","embeddable":true,"href":"https:\/\/lavoiedessansvoix.fr\/lavoie\/wp-json\/wp\/v2\/categories?post=1363"},{"taxonomy":"post_tag","embeddable":true,"href":"https:\/\/lavoiedessansvoix.fr\/lavoie\/wp-json\/wp\/v2\/tags?post=1363"}],"curies":[{"name":"wp","href":"https:\/\/api.w.org\/{rel}","templated":true}]}}