{"id":1361,"date":"2013-11-09T02:12:00","date_gmt":"2013-11-09T01:12:00","guid":{"rendered":"https:\/\/lavoiedessansvoix.fr\/lavoie\/2013\/11\/09\/archive-l-eloquence-d-un-silence\/"},"modified":"2013-11-09T02:12:00","modified_gmt":"2013-11-09T01:12:00","slug":"archive-l-eloquence-d-un-silence","status":"publish","type":"post","link":"https:\/\/lavoiedessansvoix.fr\/lavoie\/2013\/11\/09\/archive-l-eloquence-d-un-silence\/","title":{"rendered":"L\u2019\u00c9LOQUENCE D\u2019UN SILENCE"},"content":{"rendered":"<p>L\u2019\u00c9LOQUENCE D\u2019UN SILENCE  La r\u00e9serve et le silence des quatre otages lib\u00e9r\u00e9s d\u2019Arlit lors de leur accueil officiel sur le tarmac de Villacoublay, avait surpris et donn\u00e9 lieu \u00e0 diverses suppositions, dont la moindre ne fut pas celle de Marine Le Pen, semblant d\u00e9duire de leur apparence physique, syndrome de Stockholm \u00e0 la cl\u00e9, une sorte de conversion islamiste de ceux-ci.  Daniel Larribe, l\u2019un des quatre hommes,  \u00e9tait le 4 novembre, l\u2019invit\u00e9 de David Pujadas, au 2O heures de \u00ab France 2 \u00bb. Il a d\u2019abord r\u00e9p\u00e9t\u00e9 qu\u2019ils n\u2019avaient pas \u00e9t\u00e9 mal trait\u00e9s. Qu\u2019ils avaient le m\u00eame r\u00e9gime alimentaire, simple et frugal, que leurs ravisseurs. Qu\u2019ils dormaient, comme ceux-ci, sur une couverture, \u00e0 m\u00eame le sol.  A la question, \u00ab avez-vous eu peur ? \u00bb son visage se contracte l\u00e9g\u00e8rement, son regard parait se perdre dans le vide, il fait une moue de la bouche et observe un silence de concentration.  &#8211;          \u00ab Ooh oui ! r\u00e9ponds-t-il.  &#8211;          Quand ?  &#8211;          Durand les bombardements de la France dans le massif des Iforas.  Puis il ajoute :  &#8211;          Quand nous sommes revenus dans la zone, on ne pouvait plus retrouver la grotte o\u00f9 nous nous abritions pr\u00e9c\u00e9demment.   &#8211;          Elle avait \u00e9t\u00e9 d\u00e9truite ?  &#8211;          D\u00e9truite. Reprends-t-il avec une mimique qui parait dire que le mot est faible.  Eh oui, ce dont les otages Fran\u00e7ais d\u2019Arlit ont eu peur ce sont surtout des bombardements de la France. Il est certes probables qu\u2019ils aient eu d\u2019autres peurs durant leurs trois ann\u00e9es de d\u00e9tention, mais la peur terreur qui hante leur m\u00e9moire, c\u2019est quand leur propre pays, nonobstant le danger de ses ressortissants a d\u00e9cid\u00e9 d\u2019atteindre quoiqu\u2019il en soit ses buts de guerre. La France \u00e0 cette heure, et ils l\u2019ont compris, les avait sacrifi\u00e9 \u00e0 \u00ab la raison d\u2019\u00e9tat \u00bb. La France ?.. Le Pr\u00e9sident de la r\u00e9publique, le ministre des affaires \u00e9trang\u00e8re, le ministre de la d\u00e9fense, ceux qui \u00e9taient l\u00e0 \u00e0 Villacoublay et qui eurent aim\u00e9 que les ex-otages les remercient du succ\u00e8s de leur intercession. Qui esp\u00e9raient secr\u00e8tement que cette lib\u00e9ration aurait un impact positif sur la c\u00f4te de popularit\u00e9 du Pr\u00e9sident.  La claire conscience de cette r\u00e9alit\u00e9 v\u00e9cue, n\u2019\u00e9tait-elle pas, \u00e0 elle seule suffisante \u00e0 expliquer la r\u00e9serve des \u00ab quatre \u00bb lors de leur arriv\u00e9e \u00e0 Villacoublay ? Ils se devaient d\u00e9j\u00e0 de faire bonne figure et \u00ab remercier la France \u00bb dont-ils savaient que quelques semaines avant, elle les avait, sans \u00e9tat d\u2019\u00e2me, pass\u00e9s \u00ab par pertes et profits \u00bb. N\u2019\u00e9tait-ce pas d\u00e9j\u00e0 beaucoup leur demander ? Que signifiait leur silence, leur refus de prendre la parole dans ce \u00ab meeting \u00bb \u00e0 la gloire de \u00ab leurs lib\u00e9rateurs \u00bb ? Mais songeaient plut\u00f4t, chers amis lecteurs, \u00e0 la grande impudence de ceux qui se pavanaient l\u00e0, revendiquaient les lauriers de l\u2019\u00e9v\u00e8nement, se donnaient le beau r\u00f4le en leur offrant le micro, ceux-l\u00e0 m\u00eame qui les auraient tout aussi bien \u00e9cras\u00e9s sous les bombes unissant dans la fraternit\u00e9 des martyrs leurs corps d\u00e9chiquet\u00e9s \u00e0 ceux de leurs ravisseurs.       9 novembre 2013.<\/p>\n","protected":false},"excerpt":{"rendered":"<p>L\u2019\u00c9LOQUENCE D\u2019UN SILENCE La r\u00e9serve et le silence des quatre otages lib\u00e9r\u00e9s d\u2019Arlit lors de leur accueil officiel sur le [&hellip;]<\/p>\n","protected":false},"author":1,"featured_media":0,"comment_status":"open","ping_status":"open","sticky":false,"template":"","format":"standard","meta":{"sfsi_plus_gutenberg_text_before_share":"","sfsi_plus_gutenberg_show_text_before_share":"","sfsi_plus_gutenberg_icon_type":"","sfsi_plus_gutenberg_icon_alignemt":"","sfsi_plus_gutenburg_max_per_row":"","site-sidebar-layout":"default","site-content-layout":"","ast-site-content-layout":"default","site-content-style":"default","site-sidebar-style":"default","ast-global-header-display":"","ast-banner-title-visibility":"","ast-main-header-display":"","ast-hfb-above-header-display":"","ast-hfb-below-header-display":"","ast-hfb-mobile-header-display":"","site-post-title":"","ast-breadcrumbs-content":"","ast-featured-img":"","footer-sml-layout":"","ast-disable-related-posts":"","theme-transparent-header-meta":"","adv-header-id-meta":"","stick-header-meta":"","header-above-stick-meta":"","header-main-stick-meta":"","header-below-stick-meta":"","astra-migrate-meta-layouts":"default","ast-page-background-enabled":"default","ast-page-background-meta":{"desktop":{"background-color":"var(--ast-global-color-4)","background-image":"","background-repeat":"repeat","background-position":"center center","background-size":"auto","background-attachment":"scroll","background-type":"","background-media":"","overlay-type":"","overlay-color":"","overlay-opacity":"","overlay-gradient":""},"tablet":{"background-color":"","background-image":"","background-repeat":"repeat","background-position":"center center","background-size":"auto","background-attachment":"scroll","background-type":"","background-media":"","overlay-type":"","overlay-color":"","overlay-opacity":"","overlay-gradient":""},"mobile":{"background-color":"","background-image":"","background-repeat":"repeat","background-position":"center center","background-size":"auto","background-attachment":"scroll","background-type":"","background-media":"","overlay-type":"","overlay-color":"","overlay-opacity":"","overlay-gradient":""}},"ast-content-background-meta":{"desktop":{"background-color":"var(--ast-global-color-5)","background-image":"","background-repeat":"repeat","background-position":"center center","background-size":"auto","background-attachment":"scroll","background-type":"","background-media":"","overlay-type":"","overlay-color":"","overlay-opacity":"","overlay-gradient":""},"tablet":{"background-color":"var(--ast-global-color-5)","background-image":"","background-repeat":"repeat","background-position":"center center","background-size":"auto","background-attachment":"scroll","background-type":"","background-media":"","overlay-type":"","overlay-color":"","overlay-opacity":"","overlay-gradient":""},"mobile":{"background-color":"var(--ast-global-color-5)","background-image":"","background-repeat":"repeat","background-position":"center center","background-size":"auto","background-attachment":"scroll","background-type":"","background-media":"","overlay-type":"","overlay-color":"","overlay-opacity":"","overlay-gradient":""}},"footnotes":""},"categories":[16],"tags":[],"class_list":["post-1361","post","type-post","status-publish","format-standard","hentry","category-archives-cms"],"_links":{"self":[{"href":"https:\/\/lavoiedessansvoix.fr\/lavoie\/wp-json\/wp\/v2\/posts\/1361","targetHints":{"allow":["GET"]}}],"collection":[{"href":"https:\/\/lavoiedessansvoix.fr\/lavoie\/wp-json\/wp\/v2\/posts"}],"about":[{"href":"https:\/\/lavoiedessansvoix.fr\/lavoie\/wp-json\/wp\/v2\/types\/post"}],"author":[{"embeddable":true,"href":"https:\/\/lavoiedessansvoix.fr\/lavoie\/wp-json\/wp\/v2\/users\/1"}],"replies":[{"embeddable":true,"href":"https:\/\/lavoiedessansvoix.fr\/lavoie\/wp-json\/wp\/v2\/comments?post=1361"}],"version-history":[{"count":0,"href":"https:\/\/lavoiedessansvoix.fr\/lavoie\/wp-json\/wp\/v2\/posts\/1361\/revisions"}],"wp:attachment":[{"href":"https:\/\/lavoiedessansvoix.fr\/lavoie\/wp-json\/wp\/v2\/media?parent=1361"}],"wp:term":[{"taxonomy":"category","embeddable":true,"href":"https:\/\/lavoiedessansvoix.fr\/lavoie\/wp-json\/wp\/v2\/categories?post=1361"},{"taxonomy":"post_tag","embeddable":true,"href":"https:\/\/lavoiedessansvoix.fr\/lavoie\/wp-json\/wp\/v2\/tags?post=1361"}],"curies":[{"name":"wp","href":"https:\/\/api.w.org\/{rel}","templated":true}]}}