{"id":1359,"date":"2013-11-12T02:21:00","date_gmt":"2013-11-12T01:21:00","guid":{"rendered":"https:\/\/lavoiedessansvoix.fr\/lavoie\/2013\/11\/12\/archive-un-renfort-inattendu-pour-la-voie-des-sans-voix\/"},"modified":"2013-11-12T02:21:00","modified_gmt":"2013-11-12T01:21:00","slug":"archive-un-renfort-inattendu-pour-la-voie-des-sans-voix","status":"publish","type":"post","link":"https:\/\/lavoiedessansvoix.fr\/lavoie\/2013\/11\/12\/archive-un-renfort-inattendu-pour-la-voie-des-sans-voix\/","title":{"rendered":"UN RENFORT INATTENDU  POUR \u00ab LA VOIE DES SANS VOIX \u00bb"},"content":{"rendered":"<p>UN RENFORT INATTENDU POUR \u00ab LA VOIE DES SANS VOIX \u00bb    Nous avons publi\u00e9 le 5, un article intitul\u00e9 \u00ab BONNETS ROUGES ET BONNETS D\u2019\u00c2NE \u00bb, dans lequel nous discutions avec la CGT et le \u00ab Front de gauche \u00bb qui avaient appel\u00e9 \u00e0 une manifestation \u00ab de gauche \u00bb \u00e0 Carhaix le 2 novembre pour marquer leur diff\u00e9rence avec les \u00ab Bonnets rouges \u00bb qui manifestaient ce jour-l\u00e0 \u00e0 Quimper.\u00ab Pour qu\u2019il ne prenne pas des allures r\u00e9actionnaires, il ne faut pas d\u00e9daigner le mouvement antifiscal, il faut en prendre la t\u00eate. \u00bb \u00e9crivions-nous. Et nous ajoutions : \u00ab Nous avons dit ici maintes fois que pour faire face \u00e0 la mont\u00e9e \u00e9lectorale du FN, la condition indispensable \u00e9tait l\u2019apparition d\u2019une v\u00e9ritable opposition de gauche, sans concessions, au gouvernement \u00ab de gauche \u00bb. Or, foin d\u2019une opposition sans concession, c\u2019est en fait au secours du gouvernement que vous volez en cette circonstance. \u00bb\u2026 \u00ab Alors trahie (voir la r\u00e9forme des retraites), ni\u00e9e m\u00eame, la col\u00e8re populaire qui croit ne peut trouver d\u2019exutoire dans votre politique. Si vous persistez dans cette voie, la contestation sociale se fera sans vous, elle empruntera d\u2019autres canaux, elle vous passera \u00e0 c\u00f4t\u00e9 et peut-\u00eatre m\u00eame dessus. Et je vous le dis camarades, avec amertume, mais amicalement tout de m\u00eame, vous serez mal venus de vous en plaindre. \u00bbEh bien, nous n\u2019aurons pas l\u2019immodestie de pr\u00e9tendre que la lecture de notre article y soit pour quoi que ce soit, il n\u2019en reste pas moins que certain se sont manifest\u00e9 depuis pour dire \u00ab la \u00ab\u00a0r\u00e9volte citoyenne\u00a0\u00bb des \u00ab\u00a0Bonnets rouges\u00a0\u00bb bretons est un mouvement \u00ab\u00a0plut\u00f4t r\u00e9confortant \u00bb S\u00e9gol\u00e8ne Royal,  (dimanche 10 novembre dans l&rsquo;\u00e9mission Le suppl\u00e9ment politique sur Canal+. Source, RTL.fr). En lui d\u00e9cernant le titre honorable de \u00ab r\u00e9volte citoyenne \u00bb, l\u2019ex, justifie le mouvement quand d\u2019autres l\u2019ostracisent.Bon certes, nous n\u2019irons pas jusqu\u2019\u00e0 pr\u00e9tendre que les intentions de S\u00e9gol\u00e8ne Royal sont d\u00e9pourvues d\u2019intentions politiciennes. Bien que celle-ci ait d\u00e9clar\u00e9 \u00ab\u00a0Moi je pr\u00e9f\u00e8re des peuples en mouvement \u00e0 des peuples apathiques et qui se disent &lsquo;on n&rsquo;a plus rien \u00e0 faire ni m\u00eame \u00e0 revendiquer&rsquo; nous ne sommes pas dupes. Il y a loin encore pour que celle-ci puisse acc\u00e9der \u00e0 la qualit\u00e9 de \u00ab Passionaria \u00bb. Il faudrait \u00e0 cette fin que S\u00e9gol\u00e8ne fasse encore un petit effort, qu\u2019elle n\u2019aime pas seulement \u00ab le mouvement \u00bb mais la r\u00e9volution, qu\u2019elle n\u2019aime pas seulement les r\u00e9volutions \u00ab exotiques \u00bb, mais la r\u00e9volution ici. Or, telle n\u2019est pas, semble-t-il, la fin qu\u2019elle recherche. \u00ab Interrog\u00e9e sur ses ambitions, notamment l&rsquo;hypoth\u00e8se d&rsquo;une entr\u00e9e au gouvernement, elle a d\u00e9clar\u00e9 : \u00ab\u00a0il faut \u00eatre pr\u00eat quoi qu&rsquo;il arrive\u00a0\u00bb. Ajoutant : \u00ab\u00a0Je serais pr\u00eate le moment venu si des opportunit\u00e9s se pr\u00e9sentent. \u00bbIl n\u2019en reste pas moins, qu\u2019elles que soient ses limites, que cette r\u00e9action nouvelle qui lui fait \u00e9cho,  conforte notre argumentaire, et contribue \u00e0 souligner la grande perspicacit\u00e9 qui est celle de \u00ab LA VOIE DES SANS VOIX \u00bb. A l\u2019heure ou des acteurs politiques importants de la majorit\u00e9 se livrent ainsi \u00e0 de grandes man\u0153uvres politiciennes avec l\u2019intention \u00e9vidente de \u00ab surfer \u00bb sur le mouvement, le mouvement syndical et la gauche de la gauche, eux, devraient-ils se crisper dans leur autisme \u00e0 son \u00e9gard, se priver de sa force d\u2019entrainement ?  12 novembre 2013.<\/p>\n","protected":false},"excerpt":{"rendered":"<p>UN RENFORT INATTENDU POUR \u00ab LA VOIE DES SANS VOIX \u00bb Nous avons publi\u00e9 le 5, un article intitul\u00e9 \u00ab [&hellip;]<\/p>\n","protected":false},"author":1,"featured_media":0,"comment_status":"open","ping_status":"open","sticky":false,"template":"","format":"standard","meta":{"sfsi_plus_gutenberg_text_before_share":"","sfsi_plus_gutenberg_show_text_before_share":"","sfsi_plus_gutenberg_icon_type":"","sfsi_plus_gutenberg_icon_alignemt":"","sfsi_plus_gutenburg_max_per_row":"","site-sidebar-layout":"default","site-content-layout":"","ast-site-content-layout":"default","site-content-style":"default","site-sidebar-style":"default","ast-global-header-display":"","ast-banner-title-visibility":"","ast-main-header-display":"","ast-hfb-above-header-display":"","ast-hfb-below-header-display":"","ast-hfb-mobile-header-display":"","site-post-title":"","ast-breadcrumbs-content":"","ast-featured-img":"","footer-sml-layout":"","ast-disable-related-posts":"","theme-transparent-header-meta":"","adv-header-id-meta":"","stick-header-meta":"","header-above-stick-meta":"","header-main-stick-meta":"","header-below-stick-meta":"","astra-migrate-meta-layouts":"default","ast-page-background-enabled":"default","ast-page-background-meta":{"desktop":{"background-color":"var(--ast-global-color-4)","background-image":"","background-repeat":"repeat","background-position":"center center","background-size":"auto","background-attachment":"scroll","background-type":"","background-media":"","overlay-type":"","overlay-color":"","overlay-opacity":"","overlay-gradient":""},"tablet":{"background-color":"","background-image":"","background-repeat":"repeat","background-position":"center center","background-size":"auto","background-attachment":"scroll","background-type":"","background-media":"","overlay-type":"","overlay-color":"","overlay-opacity":"","overlay-gradient":""},"mobile":{"background-color":"","background-image":"","background-repeat":"repeat","background-position":"center center","background-size":"auto","background-attachment":"scroll","background-type":"","background-media":"","overlay-type":"","overlay-color":"","overlay-opacity":"","overlay-gradient":""}},"ast-content-background-meta":{"desktop":{"background-color":"var(--ast-global-color-5)","background-image":"","background-repeat":"repeat","background-position":"center center","background-size":"auto","background-attachment":"scroll","background-type":"","background-media":"","overlay-type":"","overlay-color":"","overlay-opacity":"","overlay-gradient":""},"tablet":{"background-color":"var(--ast-global-color-5)","background-image":"","background-repeat":"repeat","background-position":"center center","background-size":"auto","background-attachment":"scroll","background-type":"","background-media":"","overlay-type":"","overlay-color":"","overlay-opacity":"","overlay-gradient":""},"mobile":{"background-color":"var(--ast-global-color-5)","background-image":"","background-repeat":"repeat","background-position":"center center","background-size":"auto","background-attachment":"scroll","background-type":"","background-media":"","overlay-type":"","overlay-color":"","overlay-opacity":"","overlay-gradient":""}},"footnotes":""},"categories":[16],"tags":[],"class_list":["post-1359","post","type-post","status-publish","format-standard","hentry","category-archives-cms"],"_links":{"self":[{"href":"https:\/\/lavoiedessansvoix.fr\/lavoie\/wp-json\/wp\/v2\/posts\/1359","targetHints":{"allow":["GET"]}}],"collection":[{"href":"https:\/\/lavoiedessansvoix.fr\/lavoie\/wp-json\/wp\/v2\/posts"}],"about":[{"href":"https:\/\/lavoiedessansvoix.fr\/lavoie\/wp-json\/wp\/v2\/types\/post"}],"author":[{"embeddable":true,"href":"https:\/\/lavoiedessansvoix.fr\/lavoie\/wp-json\/wp\/v2\/users\/1"}],"replies":[{"embeddable":true,"href":"https:\/\/lavoiedessansvoix.fr\/lavoie\/wp-json\/wp\/v2\/comments?post=1359"}],"version-history":[{"count":0,"href":"https:\/\/lavoiedessansvoix.fr\/lavoie\/wp-json\/wp\/v2\/posts\/1359\/revisions"}],"wp:attachment":[{"href":"https:\/\/lavoiedessansvoix.fr\/lavoie\/wp-json\/wp\/v2\/media?parent=1359"}],"wp:term":[{"taxonomy":"category","embeddable":true,"href":"https:\/\/lavoiedessansvoix.fr\/lavoie\/wp-json\/wp\/v2\/categories?post=1359"},{"taxonomy":"post_tag","embeddable":true,"href":"https:\/\/lavoiedessansvoix.fr\/lavoie\/wp-json\/wp\/v2\/tags?post=1359"}],"curies":[{"name":"wp","href":"https:\/\/api.w.org\/{rel}","templated":true}]}}