{"id":1358,"date":"2013-11-12T02:26:00","date_gmt":"2013-11-12T01:26:00","guid":{"rendered":"https:\/\/lavoiedessansvoix.fr\/lavoie\/2013\/11\/12\/archive-crispations-au-sommet-de-l-etat\/"},"modified":"2013-11-12T02:26:00","modified_gmt":"2013-11-12T01:26:00","slug":"archive-crispations-au-sommet-de-l-etat","status":"publish","type":"post","link":"https:\/\/lavoiedessansvoix.fr\/lavoie\/2013\/11\/12\/archive-crispations-au-sommet-de-l-etat\/","title":{"rendered":"CRISPATIONS AU SOMMET DE L\u2019\u00c9TAT"},"content":{"rendered":"<p>CRISPATIONS AU SOMMET DE L\u2019\u00c9TAT    (Nous prions nos visiteurs de bien vouloir nous en excuser, mais erreur de manipulation de notre part, nos 5 articles, publi\u00e9s depuis le 8 novembre, n&rsquo;\u00e9taient pas vraiment en ligne. Nous venons de r\u00e9parer cette erreur \u00e0 l&rsquo;instant. Mardi 12 novembre 2013 \u00e0 8 heures 35.)Hier lors du passage du convoi pr\u00e9sidentiel, \u00e0 la fin de la c\u00e9r\u00e9monie officielle du centenaire de leur \u00ab Grande Guerre \u00bb, des hu\u00e9es et des sifflets ont retentis.Certes nous ne partageons pas les motivations qui animaient semble-t-il ces manifestants.Il n\u2019en reste pas moins que proc\u00e9der \u00e0 des interpellations de citoyens \u00e0 de tels motifs, constitue nous parait-il une premi\u00e8re dans notre pays, depuis bien longtemps, et t\u00e9moigne de la crispation actuelle de l\u2019ex\u00e9cutif.Quant \u00e0 l\u2019argument \u00ab du respect des morts de la grande Guerre \u00bb nous le r\u00e9futons sans m\u00e9nagement. Nous l\u2019avons dit dans notre article d\u2019hier, 11 novembre. Les responsables politiques du moment voudraient, au nom du respect \u00ab des morts pour la France \u00bb, t\u00e9taniser la fronde actuelle en appelant les Fran\u00e7ais \u00e0 se ressourcer dans une unit\u00e9 nationale \u00e9molliente. Mais nos a\u00efeux ne sont pas morts pour la France, ils sont morts pour l\u2019enrichissement de quelques grandes familles, pour la satisfaction des vis\u00e9es imp\u00e9rialistes. Nous n\u2019avons pas lieu de nous taire mais de hurler bien plut\u00f4t. Le silence n\u2019est pas de rigueur, il nous apparait bien plus judicieux de faire \u00e9cho aux voies p\u00e9titoires de l\u2019Histoire.  12 novembre 2013.<\/p>\n","protected":false},"excerpt":{"rendered":"<p>CRISPATIONS AU SOMMET DE L\u2019\u00c9TAT (Nous prions nos visiteurs de bien vouloir nous en excuser, mais erreur de manipulation de [&hellip;]<\/p>\n","protected":false},"author":1,"featured_media":0,"comment_status":"open","ping_status":"open","sticky":false,"template":"","format":"standard","meta":{"sfsi_plus_gutenberg_text_before_share":"","sfsi_plus_gutenberg_show_text_before_share":"","sfsi_plus_gutenberg_icon_type":"","sfsi_plus_gutenberg_icon_alignemt":"","sfsi_plus_gutenburg_max_per_row":"","site-sidebar-layout":"default","site-content-layout":"","ast-site-content-layout":"default","site-content-style":"default","site-sidebar-style":"default","ast-global-header-display":"","ast-banner-title-visibility":"","ast-main-header-display":"","ast-hfb-above-header-display":"","ast-hfb-below-header-display":"","ast-hfb-mobile-header-display":"","site-post-title":"","ast-breadcrumbs-content":"","ast-featured-img":"","footer-sml-layout":"","ast-disable-related-posts":"","theme-transparent-header-meta":"","adv-header-id-meta":"","stick-header-meta":"","header-above-stick-meta":"","header-main-stick-meta":"","header-below-stick-meta":"","astra-migrate-meta-layouts":"default","ast-page-background-enabled":"default","ast-page-background-meta":{"desktop":{"background-color":"var(--ast-global-color-4)","background-image":"","background-repeat":"repeat","background-position":"center center","background-size":"auto","background-attachment":"scroll","background-type":"","background-media":"","overlay-type":"","overlay-color":"","overlay-opacity":"","overlay-gradient":""},"tablet":{"background-color":"","background-image":"","background-repeat":"repeat","background-position":"center center","background-size":"auto","background-attachment":"scroll","background-type":"","background-media":"","overlay-type":"","overlay-color":"","overlay-opacity":"","overlay-gradient":""},"mobile":{"background-color":"","background-image":"","background-repeat":"repeat","background-position":"center center","background-size":"auto","background-attachment":"scroll","background-type":"","background-media":"","overlay-type":"","overlay-color":"","overlay-opacity":"","overlay-gradient":""}},"ast-content-background-meta":{"desktop":{"background-color":"var(--ast-global-color-5)","background-image":"","background-repeat":"repeat","background-position":"center center","background-size":"auto","background-attachment":"scroll","background-type":"","background-media":"","overlay-type":"","overlay-color":"","overlay-opacity":"","overlay-gradient":""},"tablet":{"background-color":"var(--ast-global-color-5)","background-image":"","background-repeat":"repeat","background-position":"center center","background-size":"auto","background-attachment":"scroll","background-type":"","background-media":"","overlay-type":"","overlay-color":"","overlay-opacity":"","overlay-gradient":""},"mobile":{"background-color":"var(--ast-global-color-5)","background-image":"","background-repeat":"repeat","background-position":"center center","background-size":"auto","background-attachment":"scroll","background-type":"","background-media":"","overlay-type":"","overlay-color":"","overlay-opacity":"","overlay-gradient":""}},"footnotes":""},"categories":[16],"tags":[],"class_list":["post-1358","post","type-post","status-publish","format-standard","hentry","category-archives-cms"],"_links":{"self":[{"href":"https:\/\/lavoiedessansvoix.fr\/lavoie\/wp-json\/wp\/v2\/posts\/1358","targetHints":{"allow":["GET"]}}],"collection":[{"href":"https:\/\/lavoiedessansvoix.fr\/lavoie\/wp-json\/wp\/v2\/posts"}],"about":[{"href":"https:\/\/lavoiedessansvoix.fr\/lavoie\/wp-json\/wp\/v2\/types\/post"}],"author":[{"embeddable":true,"href":"https:\/\/lavoiedessansvoix.fr\/lavoie\/wp-json\/wp\/v2\/users\/1"}],"replies":[{"embeddable":true,"href":"https:\/\/lavoiedessansvoix.fr\/lavoie\/wp-json\/wp\/v2\/comments?post=1358"}],"version-history":[{"count":0,"href":"https:\/\/lavoiedessansvoix.fr\/lavoie\/wp-json\/wp\/v2\/posts\/1358\/revisions"}],"wp:attachment":[{"href":"https:\/\/lavoiedessansvoix.fr\/lavoie\/wp-json\/wp\/v2\/media?parent=1358"}],"wp:term":[{"taxonomy":"category","embeddable":true,"href":"https:\/\/lavoiedessansvoix.fr\/lavoie\/wp-json\/wp\/v2\/categories?post=1358"},{"taxonomy":"post_tag","embeddable":true,"href":"https:\/\/lavoiedessansvoix.fr\/lavoie\/wp-json\/wp\/v2\/tags?post=1358"}],"curies":[{"name":"wp","href":"https:\/\/api.w.org\/{rel}","templated":true}]}}