{"id":1357,"date":"2013-11-13T09:55:00","date_gmt":"2013-11-13T08:55:00","guid":{"rendered":"https:\/\/lavoiedessansvoix.fr\/lavoie\/2013\/11\/13\/archive-discussion-avec-jean-claude-mailly-pourquoi-les-syndicats-de-salaries-boudent-il\/"},"modified":"2013-11-13T09:55:00","modified_gmt":"2013-11-13T08:55:00","slug":"archive-discussion-avec-jean-claude-mailly-pourquoi-les-syndicats-de-salaries-boudent-il","status":"publish","type":"post","link":"https:\/\/lavoiedessansvoix.fr\/lavoie\/2013\/11\/13\/archive-discussion-avec-jean-claude-mailly-pourquoi-les-syndicats-de-salaries-boudent-il\/","title":{"rendered":"DISCUSSION AVEC JEAN-CLAUDE MAILLY   POURQUOI LES SYNDICATS DE SALARIES BOUDENT-ILS LE MOUVEMENT ANTI-FISCAL ?"},"content":{"rendered":"<p>DISCUSSION AVEC JEAN-CLAUDE MAILLY  POURQUOI LES SYNDICATS DE SALARIES BOUDENT-ILS LE MOUVEMENT ANTI-FISCAL ?     Nous avons not\u00e9 le 6 novembre, \u00ab Bonnets rouges et bonnets d\u2019\u00e2ne \u00bb nous adressant \u00e0 la CGT et \u00ab au Front de gauche, \u00ab nous constatons avec effarement que plut\u00f4t qu\u2019appeler vos forces, tous les ouvriers, les salari\u00e9s et les ch\u00f4meurs de France et de Navarre \u00e0 se joindre \u00e0 la province finist\u00e9rienne, vous faites s\u00e9cession. Vous appelez \u00e0 manifester s\u00e9par\u00e9ment et sur d\u2019autres revendications, au pr\u00e9texte que des patrons se reconnaissent bien s\u00fbr dans la revendication antifiscale, que celle-ci est soutenue et encourag\u00e9e par le patronat et la droite,, vous la d\u00e9daignez. Pire vous ins\u00e9minez les germes de sa scission future, tracez en pointill\u00e9s les limites de sa propagation. \u00bb  Or, depuis, Jean-Claude Mailly y est all\u00e9 lui aussi de son renfort au camp de l\u2019ostracisme syndical \u00e0 l\u2019endroit du mouvement antifiscal. \u00ab Il juge que \u00ab\u00a0le r\u00f4le d&rsquo;un syndicat, c&rsquo;est bien de d\u00e9fendre les int\u00e9r\u00eats des salari\u00e9s\u00a0\u00bb, et non d&rsquo;\u00eatre dans une logique \u00ab\u00a0toutes classes sociales confondues\u00a0\u00bb. \u00ab\u00a0En tant que syndicat, nous nous repr\u00e9sentons les salari\u00e9s, l&rsquo;int\u00e9r\u00eat des salari\u00e9s. Nous, on est sur les questions de salaires, d&#8217;emploi, on n&rsquo;est pas sur autre chose.\u00a0\u00bb (Le Point.fr 10\/11\/2013)  Jean-Claude Mailly se repli l\u00e0 sur une d\u00e9finition fort restrictive de l\u2019action syndicale : l\u2019emploi et les salaires. Est-ce pour mieux faire oublier que lui-m\u00eame et ses amis de la CGT qui avaient du temps de Sarkozy, r\u00e9ussit une puissante mobilisation contre la r\u00e9forme des retraites, se sont bien gard\u00e9s cette fois, de provoquer la moindre mobilisation, se limitant \u00e0 accompagner le deuxi\u00e8me volet de cette r\u00e9forme qui aggrave encore celle de Sarkozy\/\u2026.  Mais nous ne sommes pas dupes, nous ne prenons pas au pied de la lettre la d\u00e9claration du secr\u00e9taire g\u00e9n\u00e9ral de la CGT-FO. Les directions de la quasi-totalit\u00e9 des syndicats de salari\u00e9s, bien au-del\u00e0 des seules questions d\u2019emploi et de salaire, s\u2019inscrivent en faux, et nous le savons, contre la \u00ab politique d\u2019aust\u00e9rit\u00e9 du gouvernement, qui est r\u00e9cessionniste et p\u00e8se au bout du compte tr\u00e8s lourdement sur les plus d\u00e9munis. D\u2019ailleurs, Jean-Claude Mailly se d\u00e9ment lui-m\u00eame aussit\u00f4t quand il ajoute \u00ab \u00ab&#8201;Tout le monde a bien compris qu\u2019il y a un vrai probl\u00e8me de politique \u00e9conomique au niveau national et au niveau europ\u00e9en&#8201;\u00bb, \u00ab&#8201;le probl\u00e8me aujourd\u2019hui n\u2019est pas un probl\u00e8me breton et r\u00e9gionaliste parce que si on rentre l\u00e0-dedans, autant dire qu\u2019on n\u2019a plus de R\u00e9publique. Le probl\u00e8me se pose sur l\u2019ensemble du territoire. Il d\u00e9nonce une nouvelle fois la logique d\u2019aust\u00e9rit\u00e9 en appelant \u00e0 une \u00ab&#8201;grande r\u00e9forme fiscale&#8201;\u00bb plut\u00f4t que du \u00ab&#8201;touchisme fiscal&#8201;\u00bb (dimanche 10, \u00ab Les Echos.fr \u00bb)  Qu\u2019est-ce  en effet que \u00ab l\u2019accroissement de la pression fiscale ? \u00bb N\u2019est-ce pas pr\u00e9cis\u00e9ment un des volets et non des moindre de la politique d\u2019aust\u00e9rit\u00e9. L\u2019\u00e9cotaxe, la TVA augment\u00e9e, se r\u00e9percuteront n\u00e9cessairement sur les prix des biens et des services. Qui les paiera en d\u00e9finitive sinon les petites gens, les salari\u00e9s, les ouvriers, ceux qui parce qu\u2019ils ne cr\u00e8vent pas de faim sont aujourd\u2019hui appel\u00e9s \u00ab les classes moyennes \u00bb ? Nos syndicalistes ne protestaient-ils pas sous le quinquennat pr\u00e9c\u00e9dent, quand fut envisag\u00e9e l\u2019augmentation de la TVA, que s\u2019\u00e9tait l\u2019imp\u00f4t le plus injuste ? Alors, Alors ! Comment peut-on \u00e0 la fois d\u00e9noncer l\u2019aust\u00e9rit\u00e9, et refuser de se joindre \u00e0 ceux qui s\u2019y opposent par le mouvement antifiscal actuel ?  Voil\u00e0 que les salari\u00e9s trouvent un renfort inattendu qui pourrait s\u2019ils s\u2019y joignaient, contraindre le gouvernement \u00e0 changer de cap. Et ils devraient s\u2019en priver, faire la fine bouche ? On pourrait gagner, mais on ne le veut pas avec vous messieurs les petits patrons. Nous pr\u00e9f\u00e9rons vous faire perdre et perdre avec vous, pour le plus grand profit des multinationales de la Banque et du capital financier. En voil\u00e0 une logique imparable et qui fait froid dans le dos.  Cela est-il aussi incompr\u00e9hensible qu\u2019il n\u2019y a l\u2019air ?  Malheureusement non. Ces syndicalistes et responsables politiques de la \u00ab gauche de la gauche \u00bb qui font la moue sur le mouvement des bonnets rouge en se donnant des airs intransigeants \u00ab classe contre classe \u00bb, ont en v\u00e9rit\u00e9 perdu toutes r\u00e9f\u00e9rences et culture de classe. Leurs r\u00e9f\u00e9rences politiques, leurs rep\u00e8res, ce ne sont pas ceux \u00ab des classes sociales, ouvriers\/salari\u00e9s contre patrons, ce sont des \u00ab camps politiciens \u00bb \u00ab droite et gauche \u00bb. Ils sont \u00ab la gauche \u00bb ils s\u2019identifient \u00e0 elle, et pour ce qu\u2019ils appellent \u00ab son succ\u00e8s \u00bb ils sont dispos\u00e9s si sa s\u2019av\u00e8re n\u00e9cessaire \u00e0 renier tous leurs principes et \u00e0 trahir tous leurs mandants. Pourquoi refusent-ils d\u2019unir leurs forces syndicalistes \u00e0 celles du mouvement antifiscal ? Pour diviser le front de la contestation, pour tenter d\u2019en enrayer la progression. Dans les mots ils critiquent l\u2019action gouvernementale, mais au bout du compte, dans les faits, ils volent au secours du gouvernement. Leur  \u00ab cr\u00e9do reste \u00ab la r\u00e9ussite du gouvernement de gauche \u00bb, m\u00eame lorsqu\u2019il est apparent que cette r\u00e9ussite \u00ab\u00e9ventuelle est celle en v\u00e9rit\u00e9 de la politique antisociale du capital financier son v\u00e9ritable donneur d\u2019ordre. (notre article : \u00ab Bonnets rouges et bonnets d\u2019\u00e2ne \u00bb 10\/11)  13 novembre 2013.<\/p>\n","protected":false},"excerpt":{"rendered":"<p>DISCUSSION AVEC JEAN-CLAUDE MAILLY POURQUOI LES SYNDICATS DE SALARIES BOUDENT-ILS LE MOUVEMENT ANTI-FISCAL ? Nous avons not\u00e9 le 6 novembre, [&hellip;]<\/p>\n","protected":false},"author":1,"featured_media":0,"comment_status":"open","ping_status":"open","sticky":false,"template":"","format":"standard","meta":{"sfsi_plus_gutenberg_text_before_share":"","sfsi_plus_gutenberg_show_text_before_share":"","sfsi_plus_gutenberg_icon_type":"","sfsi_plus_gutenberg_icon_alignemt":"","sfsi_plus_gutenburg_max_per_row":"","site-sidebar-layout":"default","site-content-layout":"","ast-site-content-layout":"default","site-content-style":"default","site-sidebar-style":"default","ast-global-header-display":"","ast-banner-title-visibility":"","ast-main-header-display":"","ast-hfb-above-header-display":"","ast-hfb-below-header-display":"","ast-hfb-mobile-header-display":"","site-post-title":"","ast-breadcrumbs-content":"","ast-featured-img":"","footer-sml-layout":"","ast-disable-related-posts":"","theme-transparent-header-meta":"","adv-header-id-meta":"","stick-header-meta":"","header-above-stick-meta":"","header-main-stick-meta":"","header-below-stick-meta":"","astra-migrate-meta-layouts":"default","ast-page-background-enabled":"default","ast-page-background-meta":{"desktop":{"background-color":"var(--ast-global-color-4)","background-image":"","background-repeat":"repeat","background-position":"center center","background-size":"auto","background-attachment":"scroll","background-type":"","background-media":"","overlay-type":"","overlay-color":"","overlay-opacity":"","overlay-gradient":""},"tablet":{"background-color":"","background-image":"","background-repeat":"repeat","background-position":"center center","background-size":"auto","background-attachment":"scroll","background-type":"","background-media":"","overlay-type":"","overlay-color":"","overlay-opacity":"","overlay-gradient":""},"mobile":{"background-color":"","background-image":"","background-repeat":"repeat","background-position":"center center","background-size":"auto","background-attachment":"scroll","background-type":"","background-media":"","overlay-type":"","overlay-color":"","overlay-opacity":"","overlay-gradient":""}},"ast-content-background-meta":{"desktop":{"background-color":"var(--ast-global-color-5)","background-image":"","background-repeat":"repeat","background-position":"center center","background-size":"auto","background-attachment":"scroll","background-type":"","background-media":"","overlay-type":"","overlay-color":"","overlay-opacity":"","overlay-gradient":""},"tablet":{"background-color":"var(--ast-global-color-5)","background-image":"","background-repeat":"repeat","background-position":"center center","background-size":"auto","background-attachment":"scroll","background-type":"","background-media":"","overlay-type":"","overlay-color":"","overlay-opacity":"","overlay-gradient":""},"mobile":{"background-color":"var(--ast-global-color-5)","background-image":"","background-repeat":"repeat","background-position":"center center","background-size":"auto","background-attachment":"scroll","background-type":"","background-media":"","overlay-type":"","overlay-color":"","overlay-opacity":"","overlay-gradient":""}},"footnotes":""},"categories":[16],"tags":[],"class_list":["post-1357","post","type-post","status-publish","format-standard","hentry","category-archives-cms"],"_links":{"self":[{"href":"https:\/\/lavoiedessansvoix.fr\/lavoie\/wp-json\/wp\/v2\/posts\/1357","targetHints":{"allow":["GET"]}}],"collection":[{"href":"https:\/\/lavoiedessansvoix.fr\/lavoie\/wp-json\/wp\/v2\/posts"}],"about":[{"href":"https:\/\/lavoiedessansvoix.fr\/lavoie\/wp-json\/wp\/v2\/types\/post"}],"author":[{"embeddable":true,"href":"https:\/\/lavoiedessansvoix.fr\/lavoie\/wp-json\/wp\/v2\/users\/1"}],"replies":[{"embeddable":true,"href":"https:\/\/lavoiedessansvoix.fr\/lavoie\/wp-json\/wp\/v2\/comments?post=1357"}],"version-history":[{"count":0,"href":"https:\/\/lavoiedessansvoix.fr\/lavoie\/wp-json\/wp\/v2\/posts\/1357\/revisions"}],"wp:attachment":[{"href":"https:\/\/lavoiedessansvoix.fr\/lavoie\/wp-json\/wp\/v2\/media?parent=1357"}],"wp:term":[{"taxonomy":"category","embeddable":true,"href":"https:\/\/lavoiedessansvoix.fr\/lavoie\/wp-json\/wp\/v2\/categories?post=1357"},{"taxonomy":"post_tag","embeddable":true,"href":"https:\/\/lavoiedessansvoix.fr\/lavoie\/wp-json\/wp\/v2\/tags?post=1357"}],"curies":[{"name":"wp","href":"https:\/\/api.w.org\/{rel}","templated":true}]}}