{"id":1356,"date":"2013-11-15T06:25:00","date_gmt":"2013-11-15T05:25:00","guid":{"rendered":"https:\/\/lavoiedessansvoix.fr\/lavoie\/2013\/11\/15\/archive-silence-on-crie\/"},"modified":"2013-11-15T06:25:00","modified_gmt":"2013-11-15T05:25:00","slug":"archive-silence-on-crie","status":"publish","type":"post","link":"https:\/\/lavoiedessansvoix.fr\/lavoie\/2013\/11\/15\/archive-silence-on-crie\/","title":{"rendered":"SILENCE ON CRIE !"},"content":{"rendered":"<p>SILENCE ON CRIE !     Les c\u00e9r\u00e9monies du centenaire, cela va durer un an. Une ann\u00e9e durant laquelle ils vont nous r\u00e9p\u00e9ter les m\u00eames antiennes avec deux objectifs, ne jamais all\u00e9 au fond de la v\u00e9rit\u00e9 et instrumentaliser la trag\u00e9die du pass\u00e9 pour faire taire les p\u00e9titions du pr\u00e9sent. A leur instar, nous reviendrons souvent sur le sujet pour faire entendre le \u00ab cri du peuple \u00bb, que \u00e7a leur plaise ou non.  Il y en \u00ab des \u00bb, qui se taisent, cois, sid\u00e9r\u00e9s, ou ignorants. Nous ne les en bl\u00e2mons pas. Quoique nous en soyons d\u00e9sol\u00e9s. Mais ceux qui savent et gardent leur libre arbitre, comment pourraient-ils se cantonner au silence devant tant de crimes et d\u2019horreurs. Comment peut-on accepter le diktat des cyniques qui veulent l\u2019imposer aujourd\u2019hui. Anniversaires, Jubil\u00e9s, Centenaires, sont des moments forts qui rythment et convoquent la m\u00e9moire. La m\u00e9moire c\u2019est se souvenir, mais c\u2019est expliquer aussi et comprendre et s\u2019indigner. Aujourd\u2019hui sous le joug \u00ab d\u2019un pr\u00e9tendu respect m\u00e9moriel \u00bb comme hier sous celui de la censure de guerre, la m\u00e9moire active et la raison devraient-elles abdiquer ? Honorer les morts \u00e0 notre sens c\u2019est leur rendre raison. Quand nous pensons \u00e0 \u00ab la grande guerre \u00bb, comme ils disent, la naus\u00e9e nous viennent et la col\u00e8re, et celles-ci nous ordonnent de crier.  Les \u00ab ma\u00eetres du silence \u00bb invoquent le respect des morts, l\u2019admiration et le recueillement poignant \u00e0 la m\u00e9moire des soldats qui se sont sacrifi\u00e9s pour la France. Mais qu\u2019est-ce donc le sacrifice des poilus pour la patrie, qui devrait tant nous contraindre au silence ? Sacrifice ? Oui bien s\u00fbr ils ont \u00e9t\u00e9 sacrifi\u00e9s, comme des moutons offerts en un  holocauste g\u00e9ant \u00ab au veau d\u2019or \u00bb sur les autels de la nation de \u00ab Douaumont \u00bb du \u00ab Chemin des dames \u00bb et d\u2019ailleurs.   Morts pour la France ? Pas seulement. Morts pour le Tsar, pour le Kaiser, pour Victor-Emmanuel, pour Fran\u00e7ois-Joseph. Russes, allemands, Italiens, Fran\u00e7ais, Anglais ou Autrichiens, Ils ont tous \u00e9taient sacrifi\u00e9s aux m\u00eames raisons de la cupidit\u00e9 sans limites des rois et des maitres de forges des patrons de la mine et de la banque. Nous honorons, oui, nous honorons ces millions de victimes, les morts de toutes les nations. Nos grands-p\u00e8res ? Nos a\u00efeux ? Histoire ancienne ? Non pas, ni grands-p\u00e8res ni a\u00efeux, nos fr\u00e8res, notre sang, notre g\u00e9henne, histoire br\u00fblante. Ils \u00e9taient jeunes en ce temps-l\u00e0, ils \u00e9taient la fleur des nations que \u00ab leurs mar\u00e2tres Patries \u00bb ont broy\u00e9e en boue f\u00e9tide p\u00e9trie de terre d\u2019eau de sang d\u2019excr\u00e9ments et d\u2019entrailles.  \u00ab Morts pour la France \u00bb ? Allez donc ! Avez-vous seulement song\u00e9 combien ce pr\u00e9dicat est \u00e0 la fois abusif et exclusif ? C\u2019est la formule impos\u00e9e du d\u00e9ni d\u2019Histoire. Elle dit qu\u2019ils sont morts pour quelque choses de positif, elle reformule la justification de l\u2019injustifiable. Ceux qui r\u00e9clament le silence au nom de la m\u00e9moire des \u00ab morts pour la France \u00bb, sont en v\u00e9rit\u00e9 dans le pr\u00e9sent et pour le futur les complices m\u00e9moriaux des bourreaux des peuples de ce temps.  15 novembre 2013.<\/p>\n","protected":false},"excerpt":{"rendered":"<p>SILENCE ON CRIE ! Les c\u00e9r\u00e9monies du centenaire, cela va durer un an. Une ann\u00e9e durant laquelle ils vont nous [&hellip;]<\/p>\n","protected":false},"author":1,"featured_media":0,"comment_status":"open","ping_status":"open","sticky":false,"template":"","format":"standard","meta":{"sfsi_plus_gutenberg_text_before_share":"","sfsi_plus_gutenberg_show_text_before_share":"","sfsi_plus_gutenberg_icon_type":"","sfsi_plus_gutenberg_icon_alignemt":"","sfsi_plus_gutenburg_max_per_row":"","site-sidebar-layout":"default","site-content-layout":"","ast-site-content-layout":"default","site-content-style":"default","site-sidebar-style":"default","ast-global-header-display":"","ast-banner-title-visibility":"","ast-main-header-display":"","ast-hfb-above-header-display":"","ast-hfb-below-header-display":"","ast-hfb-mobile-header-display":"","site-post-title":"","ast-breadcrumbs-content":"","ast-featured-img":"","footer-sml-layout":"","ast-disable-related-posts":"","theme-transparent-header-meta":"","adv-header-id-meta":"","stick-header-meta":"","header-above-stick-meta":"","header-main-stick-meta":"","header-below-stick-meta":"","astra-migrate-meta-layouts":"default","ast-page-background-enabled":"default","ast-page-background-meta":{"desktop":{"background-color":"var(--ast-global-color-4)","background-image":"","background-repeat":"repeat","background-position":"center center","background-size":"auto","background-attachment":"scroll","background-type":"","background-media":"","overlay-type":"","overlay-color":"","overlay-opacity":"","overlay-gradient":""},"tablet":{"background-color":"","background-image":"","background-repeat":"repeat","background-position":"center center","background-size":"auto","background-attachment":"scroll","background-type":"","background-media":"","overlay-type":"","overlay-color":"","overlay-opacity":"","overlay-gradient":""},"mobile":{"background-color":"","background-image":"","background-repeat":"repeat","background-position":"center center","background-size":"auto","background-attachment":"scroll","background-type":"","background-media":"","overlay-type":"","overlay-color":"","overlay-opacity":"","overlay-gradient":""}},"ast-content-background-meta":{"desktop":{"background-color":"var(--ast-global-color-5)","background-image":"","background-repeat":"repeat","background-position":"center center","background-size":"auto","background-attachment":"scroll","background-type":"","background-media":"","overlay-type":"","overlay-color":"","overlay-opacity":"","overlay-gradient":""},"tablet":{"background-color":"var(--ast-global-color-5)","background-image":"","background-repeat":"repeat","background-position":"center center","background-size":"auto","background-attachment":"scroll","background-type":"","background-media":"","overlay-type":"","overlay-color":"","overlay-opacity":"","overlay-gradient":""},"mobile":{"background-color":"var(--ast-global-color-5)","background-image":"","background-repeat":"repeat","background-position":"center center","background-size":"auto","background-attachment":"scroll","background-type":"","background-media":"","overlay-type":"","overlay-color":"","overlay-opacity":"","overlay-gradient":""}},"footnotes":""},"categories":[16],"tags":[],"class_list":["post-1356","post","type-post","status-publish","format-standard","hentry","category-archives-cms"],"_links":{"self":[{"href":"https:\/\/lavoiedessansvoix.fr\/lavoie\/wp-json\/wp\/v2\/posts\/1356","targetHints":{"allow":["GET"]}}],"collection":[{"href":"https:\/\/lavoiedessansvoix.fr\/lavoie\/wp-json\/wp\/v2\/posts"}],"about":[{"href":"https:\/\/lavoiedessansvoix.fr\/lavoie\/wp-json\/wp\/v2\/types\/post"}],"author":[{"embeddable":true,"href":"https:\/\/lavoiedessansvoix.fr\/lavoie\/wp-json\/wp\/v2\/users\/1"}],"replies":[{"embeddable":true,"href":"https:\/\/lavoiedessansvoix.fr\/lavoie\/wp-json\/wp\/v2\/comments?post=1356"}],"version-history":[{"count":0,"href":"https:\/\/lavoiedessansvoix.fr\/lavoie\/wp-json\/wp\/v2\/posts\/1356\/revisions"}],"wp:attachment":[{"href":"https:\/\/lavoiedessansvoix.fr\/lavoie\/wp-json\/wp\/v2\/media?parent=1356"}],"wp:term":[{"taxonomy":"category","embeddable":true,"href":"https:\/\/lavoiedessansvoix.fr\/lavoie\/wp-json\/wp\/v2\/categories?post=1356"},{"taxonomy":"post_tag","embeddable":true,"href":"https:\/\/lavoiedessansvoix.fr\/lavoie\/wp-json\/wp\/v2\/tags?post=1356"}],"curies":[{"name":"wp","href":"https:\/\/api.w.org\/{rel}","templated":true}]}}