{"id":1355,"date":"2013-11-18T02:57:00","date_gmt":"2013-11-18T01:57:00","guid":{"rendered":"https:\/\/lavoiedessansvoix.fr\/lavoie\/2013\/11\/18\/archive-croissance-la-propagande-mensongere\/"},"modified":"2013-11-18T02:57:00","modified_gmt":"2013-11-18T01:57:00","slug":"archive-croissance-la-propagande-mensongere","status":"publish","type":"post","link":"https:\/\/lavoiedessansvoix.fr\/lavoie\/2013\/11\/18\/archive-croissance-la-propagande-mensongere\/","title":{"rendered":"CROISSANCE ? LA PROPAGANDE MENSONG\u00c8RE"},"content":{"rendered":"<p>CROISSANCE ? LA PROPAGANDE MENSONG\u00c8RE   Deuxi\u00e8me trimestre 2013, plus 0,1 pour cent de \u00ab croissance \u00bb. Autant dire, rien, si on le rapporte \u00e0 l\u2019accroissement de la population. Mais qu\u2019importe, il faut tenir la France en haleine. Tant que persiste la croyance en une embellie prochaine, le risque de cataclysme social reste limit\u00e9. Pour le gouvernement (si s\u2019en \u00e9tait un autre, de droite, ce serait pareil) pour les m\u00e9dias qui le secondent, pour les acteurs \u00e9conomiques qui le commanditent, m\u00eame au pied du mur, l\u2019optimisme est de commande. Aussi, se chiffre insignifiant, + 0,1 %, donna-t-il en son temps, l\u2019occasion aux \u00e9conomistes, aux m\u00e9dias papier et audiovisuels, aux chroniqueurs politiques et \u00e9conomiques de tous genre, de faire des gorges chaudes avec  \u00ab la croissance retrouv\u00e9e \u00bb. Fran\u00e7ois Hollande, le capitaine de p\u00e9dalo que le \u00ab syst\u00e8me \u00bb a propuls\u00e9 \u00e0 la barre du navire France, se r\u00e9v\u00e8lerait-il, en mati\u00e8re de navigation \u00e9conomique, un autodidacte de g\u00e9nie ? La question bien qu\u2019idiote \u00e9tait s\u00e9rieusement pos\u00e9e, par d&rsquo;autres bien entendu.  Il faut dire que les chiffres truqu\u00e9s du ch\u00f4mage avaient alors contribu\u00e9 aussi \u00e0 donner du cr\u00e9dit \u00e0 la th\u00e8se d\u2019une embellie et d\u2019une sortie de crise prochaine. C\u2019\u00e9tait m\u00eame d\u00e9j\u00e0 fait, pour le premier ministre Jean-Marc Ayrault, qui \u00e0 ce pr\u00e9texte, r\u00e9pondant \u00e0 la grogne sociale, pr\u00eachait la patience.    Mais patatras !  Derniers trimestre 2013, c\u2019est d\u00e9j\u00e0 finit. \u00ab Dans ses derni\u00e8res pr\u00e9visions diffus\u00e9es ce jeudi soir, l&rsquo;Insee pr\u00e9voit une stagnation du PIB au troisi\u00e8me trimestre, mais une hausse de 0,4 % au quatri\u00e8me. \u00bb commentait \u00ab Les Echos.fr \u00bb en octobre. Or, les chiffres viennent de tomber, ils ne sont pas bons, non pas croissance m\u00eame faible, mais recul. \u00abLe Produit int\u00e9rieur brut (PIB) s&rsquo;est l\u00e9g\u00e8rement repli\u00e9 au troisi\u00e8me trimestre (-0,1%), selon les chiffres de l&rsquo;Insee publi\u00e9s ce jeudi. (Les Echos.fr. 14\/11\/2013). Certes, \u00ab Le ministre de l&rsquo;Economie se veut rassurant, estimant que ce n&rsquo;est pas \u00ab\u00a0un indicateur de d\u00e9clin \u00bb. Pourtant, sur toile de fond de fronde sociale l\u2019inqui\u00e9tude gagne les rangs socialistes et les commentateurs se font plus prudents ou plus critiques..    Nous \u00e9tions bien plus r\u00e9alistes. Nous \u00e9crivions le 27 octobre (\u00ab Echos parlant qu\u2019en bruit on m\u00e8ne \u00bb) \u00ab Les r\u00e9sultats ? Mais quels r\u00e9sultats autres esp\u00e8re-t-on vraiment quand on pratique une politique de r\u00e9cession \u00e9conomique. Car, qu\u2019est-ce \u00ab l\u2019am\u00e9lioration annonc\u00e9e de la comp\u00e9titivit\u00e9 des entreprises \u00bb sinon une politique de r\u00e9cession brutale et pleinement assum\u00e9e. Am\u00e9liorer \u00ab la comp\u00e9titivit\u00e9 \u00bb cela signifie en clair, r\u00e9duire la part salariale dans le partage de la richesse produite. Cela ne peut aller sans r\u00e9tr\u00e9cissement cons\u00e9cutif du march\u00e9 int\u00e9rieur, particuli\u00e8rement celui li\u00e9 \u00e0 la consommation populaire, et la baisse d\u2019activit\u00e9 des secteurs \u00e9conomiques, agricoles, distribution, industrie agroalimentaire, et industries des biens de consommation courants, avec \u00e0 la cl\u00e9, effet boule de neige, des fermetures d\u2019entreprises et encore plus de pertes d\u2019emplois. \u00bb    Comp\u00e9titivit\u00e9 signifie r\u00e9cession de la masse salariale. Or les ostrogots qui nous gouvernent et tentent de nous \u00ab bourrer le mou \u00bb pr\u00e9tendaient pr\u00e9cis\u00e9ment que c\u2019\u00e9tait la consommation des m\u00e9nages qui allait soutenir cette croissance illusoire. Et pour se faire l\u2019INSEE comptait, non sur la progression du pouvoir d\u2019achat mais sur \u00ab le d\u00e9blocage de l\u2019\u00e9pargne salariale et l\u2019anticipation d\u2019achat de voitures en amont du durcissement du malus au 1er janvier. \u00bb. Les petits Fran\u00e7ais \u00e9taient invit\u00e9s \u00e0 puiser dans leurs r\u00e9serves. Mais une autre r\u00e9v\u00e9lation r\u00e9cente vient ajouter une couche \u00e0 la morosit\u00e9 qui gagne du terrain. \u00ab Malgr\u00e9 le Perco, l&rsquo;\u00e9pargne salariale d\u00e9\u00e7oit les attentes \u00bb (Par Les \u00c9chos 13\/11) En effet, les sommes distribu\u00e9es aux salari\u00e9s \u00e0 ce titre, ont recul\u00e9es de 4,2 % en 2011. La tendance est \u00e0 la baisse, bien s\u00fbr, comme celle de l\u2019activit\u00e9 \u00e9conomique.  \u00ab Le d\u00e9blocage de l&rsquo;\u00e9pargne salariale instaur\u00e9 en 2013 par le gouvernement Ayrault pour relancer la consommation, (soulign\u00e9 par nous, lvdsv) ne rencontre pas le succ\u00e8s escompt\u00e9. En effet, selon les experts du Club de l&rsquo;\u00e9pargne salarial, seuls 1,5 \u00e0 2 milliards d&rsquo;euros auront \u00e9t\u00e9 d\u00e9bloqu\u00e9s d&rsquo;ici \u00e0 fin d\u00e9cembre alors que l&rsquo;ex\u00e9cutif tablait sur le double. \u00bb    Pour conclure ce chapitre, la fin de la r\u00e9cession annonc\u00e9, le retour de la croissance, l\u2019inversion de la courbe du ch\u00f4mage en fin d\u2019ann\u00e9e, ne sont que des mots qui rel\u00e8vent de la propagande mensong\u00e8re, pour tromper le bon peuple et tenter d\u2019endiguer la col\u00e8re qui enfle.    Mais il y a plus encore. \u00ab La croissance \u00bb, comme concept \u00e9conomique est elle-m\u00eame devenue un leurre \u00e0 l\u2019usage des peuples. Nous vous en entretiendrons mercredi 20 novembre.    Lundi 18 novembre 2013.<\/p>\n","protected":false},"excerpt":{"rendered":"<p>CROISSANCE ? LA PROPAGANDE MENSONG\u00c8RE Deuxi\u00e8me trimestre 2013, plus 0,1 pour cent de \u00ab croissance \u00bb. Autant dire, rien, si [&hellip;]<\/p>\n","protected":false},"author":1,"featured_media":0,"comment_status":"open","ping_status":"open","sticky":false,"template":"","format":"standard","meta":{"sfsi_plus_gutenberg_text_before_share":"","sfsi_plus_gutenberg_show_text_before_share":"","sfsi_plus_gutenberg_icon_type":"","sfsi_plus_gutenberg_icon_alignemt":"","sfsi_plus_gutenburg_max_per_row":"","site-sidebar-layout":"default","site-content-layout":"","ast-site-content-layout":"default","site-content-style":"default","site-sidebar-style":"default","ast-global-header-display":"","ast-banner-title-visibility":"","ast-main-header-display":"","ast-hfb-above-header-display":"","ast-hfb-below-header-display":"","ast-hfb-mobile-header-display":"","site-post-title":"","ast-breadcrumbs-content":"","ast-featured-img":"","footer-sml-layout":"","ast-disable-related-posts":"","theme-transparent-header-meta":"","adv-header-id-meta":"","stick-header-meta":"","header-above-stick-meta":"","header-main-stick-meta":"","header-below-stick-meta":"","astra-migrate-meta-layouts":"default","ast-page-background-enabled":"default","ast-page-background-meta":{"desktop":{"background-color":"var(--ast-global-color-4)","background-image":"","background-repeat":"repeat","background-position":"center center","background-size":"auto","background-attachment":"scroll","background-type":"","background-media":"","overlay-type":"","overlay-color":"","overlay-opacity":"","overlay-gradient":""},"tablet":{"background-color":"","background-image":"","background-repeat":"repeat","background-position":"center center","background-size":"auto","background-attachment":"scroll","background-type":"","background-media":"","overlay-type":"","overlay-color":"","overlay-opacity":"","overlay-gradient":""},"mobile":{"background-color":"","background-image":"","background-repeat":"repeat","background-position":"center center","background-size":"auto","background-attachment":"scroll","background-type":"","background-media":"","overlay-type":"","overlay-color":"","overlay-opacity":"","overlay-gradient":""}},"ast-content-background-meta":{"desktop":{"background-color":"var(--ast-global-color-5)","background-image":"","background-repeat":"repeat","background-position":"center center","background-size":"auto","background-attachment":"scroll","background-type":"","background-media":"","overlay-type":"","overlay-color":"","overlay-opacity":"","overlay-gradient":""},"tablet":{"background-color":"var(--ast-global-color-5)","background-image":"","background-repeat":"repeat","background-position":"center center","background-size":"auto","background-attachment":"scroll","background-type":"","background-media":"","overlay-type":"","overlay-color":"","overlay-opacity":"","overlay-gradient":""},"mobile":{"background-color":"var(--ast-global-color-5)","background-image":"","background-repeat":"repeat","background-position":"center center","background-size":"auto","background-attachment":"scroll","background-type":"","background-media":"","overlay-type":"","overlay-color":"","overlay-opacity":"","overlay-gradient":""}},"footnotes":""},"categories":[16],"tags":[],"class_list":["post-1355","post","type-post","status-publish","format-standard","hentry","category-archives-cms"],"_links":{"self":[{"href":"https:\/\/lavoiedessansvoix.fr\/lavoie\/wp-json\/wp\/v2\/posts\/1355","targetHints":{"allow":["GET"]}}],"collection":[{"href":"https:\/\/lavoiedessansvoix.fr\/lavoie\/wp-json\/wp\/v2\/posts"}],"about":[{"href":"https:\/\/lavoiedessansvoix.fr\/lavoie\/wp-json\/wp\/v2\/types\/post"}],"author":[{"embeddable":true,"href":"https:\/\/lavoiedessansvoix.fr\/lavoie\/wp-json\/wp\/v2\/users\/1"}],"replies":[{"embeddable":true,"href":"https:\/\/lavoiedessansvoix.fr\/lavoie\/wp-json\/wp\/v2\/comments?post=1355"}],"version-history":[{"count":0,"href":"https:\/\/lavoiedessansvoix.fr\/lavoie\/wp-json\/wp\/v2\/posts\/1355\/revisions"}],"wp:attachment":[{"href":"https:\/\/lavoiedessansvoix.fr\/lavoie\/wp-json\/wp\/v2\/media?parent=1355"}],"wp:term":[{"taxonomy":"category","embeddable":true,"href":"https:\/\/lavoiedessansvoix.fr\/lavoie\/wp-json\/wp\/v2\/categories?post=1355"},{"taxonomy":"post_tag","embeddable":true,"href":"https:\/\/lavoiedessansvoix.fr\/lavoie\/wp-json\/wp\/v2\/tags?post=1355"}],"curies":[{"name":"wp","href":"https:\/\/api.w.org\/{rel}","templated":true}]}}