{"id":1354,"date":"2013-11-18T17:51:00","date_gmt":"2013-11-18T16:51:00","guid":{"rendered":"https:\/\/lavoiedessansvoix.fr\/lavoie\/2013\/11\/18\/archive-rediffuse-apocalypse-hitler-reste-une-uvre-de-falsification-de-l-histoire\/"},"modified":"2013-11-18T17:51:00","modified_gmt":"2013-11-18T16:51:00","slug":"archive-rediffuse-apocalypse-hitler-reste-une-uvre-de-falsification-de-l-histoire","status":"publish","type":"post","link":"https:\/\/lavoiedessansvoix.fr\/lavoie\/2013\/11\/18\/archive-rediffuse-apocalypse-hitler-reste-une-uvre-de-falsification-de-l-histoire\/","title":{"rendered":"REDIFFUSE, \u00ab APOCALYPSE HITLER \u00bb, RESTE  UNE \u0152UVRE DE FALSIFICATION DE L\u2019HISTOIRE"},"content":{"rendered":"<p>REDIFFUSE, \u00ab APOCALYPSE HITLER \u00bb, RESTE,UNE \u0152UVRE DE FALSIFICATION DE L\u2019HISTOIRE          Demain soir, mardi 19 novembre \u00e0 20 heures 30, toujours sur \u00ab France 2 \u00bb sera rediffus\u00e9 le documentaire de Mathieu Kassovitz : \u00ab Apocalypse Hitler \u00bb. A la suite de sa premi\u00e8re diffusion, le 25 octobre 2011, sur la m\u00eame chaine, nous avions \u00e9crit un article intitul\u00e9 \u00ab Apocalypse Hitler \u2013 Une \u0153uvre de falsification de l\u2019histoire \u00bb. Nous l\u2019avons relu ce soir. Nous n\u2019avons pas trouv\u00e9e la moindre id\u00e9e, dont nous puissions nous repentir, pas un seul mot qui m\u00e9rita d\u2019\u00eatre chang\u00e9. Nous n\u2019avons pas lieu d\u2019\u00e9crire \u00e0 ce m\u00eame sujet un article nouveau. Celui d\u2019ao\u00fbt 2011 suffit. Nous ne r\u00e9sistons pas \u00e0 l\u2019id\u00e9e de le faire partager encore \u00e0 tous nos visiteurs, comme un article d\u2019actualit\u00e9. Nous le retirerons du CMS, en fin de semaine. Vous pourrez continuer de le consulter dans \u00ab Forum \u00bb \u00e0 la rubrique \u00ab Histoire et m\u00e9moire \u00bb o\u00f9 il figure d\u00e9j\u00e0.  PS. 18 novembre 2013.  \u00ab APOCALYPSE HITLER \u00bb,UNE \u0152UVRE DE FALSIFICATION DE L\u2019HISTOIRE  Rien que des documents d\u2019\u00e9poque, coloris\u00e9s pour leur donner un attrait t\u00e9l\u00e9visuel nouveau. Tous authentiques, seuls ont \u00e9t\u00e9 \u00e9cart\u00e9s ceux relatent des faits non av\u00e9r\u00e9s. \u00ab Les auteurs ont pour ambition de retracer l\u2019irr\u00e9sistible ascension d\u2019Adolf Hitler \u00bb\u2026 \u00catre au plus pr\u00e8s de la r\u00e9alit\u00e9 historique pour mieux la pervertir, telle est la conviction que nous avons form\u00e9e en regardant le documentaire de Mathieu Kassovitz diffus\u00e9 mardi soir 25 octobre, sur \u00ab France 2 \u00bb.  Nous ne ferons aucune objection bien s\u00fbr \u00e0 propos des images d\u2019archives pr\u00e9sent\u00e9es, leur valeur historique ne saurait \u00eatre contest\u00e9e. Le probl\u00e8me r\u00e9side ailleurs, dans les silences, dans les non-dits, dans les faits historiquement av\u00e9r\u00e9s dont les documents pourtant existants ont \u00e9t\u00e9 volontairement \u00e9cart\u00e9s, tordus ou falsifi\u00e9s par le commentaire.  \u00ab L\u2019Allemagne d\u2019alors, nous disent \u00e0 peu pr\u00e8s les auteurs, \u00e9tait une r\u00e9publique, mais cette jeune r\u00e9publique devait faire face \u00e0 une r\u00e9volution (P.. de r\u00e9volution qui fout la zizanie) qui sera r\u00e9prim\u00e9e par les \u00ab corps francs \u00bb. Or, la r\u00e9alit\u00e9 est l\u00e9g\u00e8rement diff\u00e9rente. C\u2019est \u00e0 la r\u00e9volution que la r\u00e9publique doit d\u2019exister, car avant la r\u00e9volution spartakiste de 1919, qui n\u2019est en v\u00e9rit\u00e9 que le rebond de la pr\u00e9c\u00e9dente, il y eut la r\u00e9volution de 1918, celle des \u00ab conseils ouvriers \u00bb que les sociaux-d\u00e9mocrates allemands tent\u00e8rent de finir dans la R\u00e9publique de Weimar. Et ce que ne dit pas non plus le documentaire, c\u2019est que la d\u00e9cision de mettre fin \u00e0 la guerre de l\u2019autre c\u00f4t\u00e9 du Rhin fut la cons\u00e9quence directe de cette premi\u00e8re r\u00e9volution allemande. D\u2019o\u00f9 la haine d\u2019Hitler pour ce qu\u2019il appelle \u00ab la honte de novembre \u00bb..  La r\u00e9volution spartakiste fut r\u00e9prim\u00e9e par les \u00ab corps francs \u00bb. Ce que tait le documentaire, c\u2019est que ceux-ci furent cr\u00e9\u00e9s \u00e0 l\u2019initiative de Gustav Noske, ministre social-d\u00e9mocrate de l\u2019int\u00e9rieur, et qu\u2019une large part des effectifs des corps francs passeront quelques ann\u00e9es plus tard aux SA. En fait, ce que les auteurs \u00e9ludent, c\u2019est l\u2019action ouvertement contre-r\u00e9volutionnaire des sociaux-d\u00e9mocrates et donc leurs responsabilit\u00e9s directes, non contestable, dans les d\u00e9faites successives de la r\u00e9volution allemande. D\u00e9faites qui ont ouvert la carri\u00e8re \u00e0 l\u2019hitl\u00e9risme, ont fait un \u00ab possible \u00bb de ce qui dans le cas contraire serait rest\u00e9 marginal, r\u00e9sistible en tout cas comme le disait Bertolt Brecht. Avec cet oubli, les auteurs avaient-ils pour intention de m\u00e9nager les sociaux-d\u00e9mocrates d\u2019aujourd\u2019hui, tout au moins ceux qui se disent tels ?  Enfin, dans la deuxi\u00e8me partie du documentaire, les auteurs occultent, dans la nomination d\u2019Hitler \u00e0 la chancellerie, le r\u00f4le du parti catholique \u00ab Zentrum \u00bb, dont il n\u2019est pas dit un seul mot. Von Papen, son dirigeant embl\u00e9matique est pass\u00e9 aux oubliettes de l\u2019histoire. Or, ce dernier fut lui-m\u00eame nomm\u00e9 vice-chancelier d\u2019Hitler, fonction qu\u2019il occupa de janvier 1933 \u00e0 ao\u00fbt 1934. Ce n\u2019est pas comme le sugg\u00e8re le commentaire, parce que Hindenburg ne savait plus qui nommer d\u2019autre qu\u2019il se r\u00e9solut par lassitude et d\u00e9faut, \u00e0 nommer Adolf Hitler. C\u2019est parce que des tractations avaient eut lieu au plus haut niveau \u00e0 l\u2019instigation de Von Papen et du Zentrum, avec l\u2019appui de la nonciature du Cardinal Pacelli, futur Pie XII, et avec l\u2019aval du Vatican et de Pie XI. En \u00e9change de leur intercession, Hitler leur avait promis la conclusion d\u2019un concordat entre l\u2019Allemagne et le Vatican* \u00e0 l\u2019image de celui que Mussolini avait conclu avec le pape Pie XI en 1929. Les auteurs ont-ils voulu taire la lourde responsabilit\u00e9 de l\u2019\u00e9glise dans \u00ab l\u2019ascension \u00e9vitable\u00bb du nazisme allemand ?  Avec tous \u00ab ces oublis \u00bb, l\u2019\u0153uvre perd toute cr\u00e9dibilit\u00e9 historique. Elle n\u2019est plus qu\u2019un montage suppl\u00e9mentaire de falsification de l\u2019histoire, une \u0153uvre de propagande pour la d\u00e9fense d\u2019une th\u00e8se r\u00e9ductrice selon laquelle l\u2019hitl\u00e9risme se r\u00e9sume \u00e0 \u00ab la d\u00e9mence de Hitler et \u00e0 son antis\u00e9mitisme obsessionnel\u00bb. Le titre m\u00eame de l\u2019\u0153uvre propos\u00e9e t\u00e9moigne de cette vision r\u00e9ductrice de l\u2019Histoire : \u00ab APOCALYPSE HITLER \u00bb ? L\u2019apocalypse ce n\u2019est pas Hitler. Il en est certes un des acteurs, parmi de nombreux autres. Mais l\u2019Apocalypse c\u2019est plut\u00f4t le \u00ab capitalisme \u00bb qui se sentant mis en danger par la mont\u00e9e r\u00e9volutionnaire internationale, n\u2019h\u00e9site pas \u00e0 avoir recours aux solutions les plus extr\u00eames : Hitler n\u2019est pas plus fou, pas plus particulier que cela, seulement un acteur de l\u2019histoire parmi d\u2019autres.  On se condamne en effet, \u00e0 ne rien comprendre \u00e0 cette p\u00e9riode historique en g\u00e9n\u00e9ral, \u00e0 la mont\u00e9e en puissance du nazisme allemand et \u00e0 l\u2019ascension d\u2019Hitler, si on les isole du contexte international dans lequel ces \u00e9v\u00e8nements se sont produits. Or c\u2019est pr\u00e9cis\u00e9ment ce que font les auteurs du documentaire sign\u00e9 par Mathieu Kassovitz.  En effet, au-del\u00e0 m\u00eame du contexte int\u00e9rieur allemand, de r\u00e9volutions et r\u00e9pressions contrer\u00e9volutionnaires sanglantes, que les auteurs \u00e9ludent partiellement, il y a le fond international, de la question sans quoi il n\u2019est pas possible de comprendre quoi que ce soit \u00e0 la mont\u00e9e des fascismes partout en Europe au lendemain de la Premi\u00e8re Guerre mondiale. A fortiori \u00e0 la mont\u00e9e en puissance du fascisme allemand. Or, le fond, c\u2019est la victoire de la r\u00e9volution russe d\u2019octobre 1917, et la puissante pouss\u00e9e r\u00e9volutionnaire mondiale qui s\u2019en est suivit. L\u2019installation du r\u00e9gime d\u2019extr\u00eame droite antis\u00e9mite de l\u2019Amiral Horty en Hongrie, par la mission fran\u00e7aise du G\u00e9n\u00e9ral Berthelot, fait suite \u00e0 la r\u00e9volution rat\u00e9e des conseils ouvriers de Bella Kun, et dans l\u2019esprit de ses instigateurs elle a pour objet de verrouiller la progression des Soviets vers l\u2019Europe de l\u2019Ouest, via l\u2019empire austro-hongrois d\u00e9membr\u00e9. La mont\u00e9e et la victoire des fascistes font r\u00e9ponse \u00e0 la situation pr\u00e9r\u00e9volutionnaire de 1920 dans l\u2019Italie o\u00f9 le Parti socialiste avait adh\u00e9r\u00e9 en entier, \u00e0 l\u2019internationale communiste. La r\u00e9volution allemande de 1918 fut elle-m\u00eame la cons\u00e9quence induite des fraternisations sur le front russe, puis acc\u00e9l\u00e9r\u00e9 par la paix s\u00e9par\u00e9e que sign\u00e8rent les bolch\u00e9viques avec l\u2019Allemagne imp\u00e9riale.  Le commentaire nous dit qu\u2019Hitler a \u00ab ciment\u00e9 son pouvoir avec l\u2019antis\u00e9mitisme \u00bb, c\u2019est en v\u00e9rit\u00e9 dans la lutte contre \u00ab le front rouge \u00bb, contre la r\u00e9volution ouvri\u00e8re, contre la r\u00e9volution russe et le communisme international, que s\u2019est forg\u00e9 et consolid\u00e9 le pouvoir hitl\u00e9rien. Le juif, plus que pour l\u2019argent et \u00ab le complot international \u00bb est avant tout cibl\u00e9, comme \u00ab jud\u00e9o-bolchevik\u00bb en raison de l\u2019engagement massif de ceux-ci dans le mouvement communiste international ; et dans toutes les r\u00e9volutions en cours.  Patrick Seignon. Mercredi 31 ao\u00fbt 2011.  * Celui-ci sera en effet sign\u00e9 le 20 juillet 1933, soit moins de six mois apr\u00e8s l\u2019accession d\u2019Hitler \u00e0 la chancellerie.<\/p>\n","protected":false},"excerpt":{"rendered":"<p>REDIFFUSE, \u00ab APOCALYPSE HITLER \u00bb, RESTE,UNE \u0152UVRE DE FALSIFICATION DE L\u2019HISTOIRE Demain soir, mardi 19 novembre \u00e0 20 heures 30, [&hellip;]<\/p>\n","protected":false},"author":1,"featured_media":0,"comment_status":"open","ping_status":"open","sticky":false,"template":"","format":"standard","meta":{"sfsi_plus_gutenberg_text_before_share":"","sfsi_plus_gutenberg_show_text_before_share":"","sfsi_plus_gutenberg_icon_type":"","sfsi_plus_gutenberg_icon_alignemt":"","sfsi_plus_gutenburg_max_per_row":"","site-sidebar-layout":"default","site-content-layout":"","ast-site-content-layout":"default","site-content-style":"default","site-sidebar-style":"default","ast-global-header-display":"","ast-banner-title-visibility":"","ast-main-header-display":"","ast-hfb-above-header-display":"","ast-hfb-below-header-display":"","ast-hfb-mobile-header-display":"","site-post-title":"","ast-breadcrumbs-content":"","ast-featured-img":"","footer-sml-layout":"","ast-disable-related-posts":"","theme-transparent-header-meta":"","adv-header-id-meta":"","stick-header-meta":"","header-above-stick-meta":"","header-main-stick-meta":"","header-below-stick-meta":"","astra-migrate-meta-layouts":"default","ast-page-background-enabled":"default","ast-page-background-meta":{"desktop":{"background-color":"var(--ast-global-color-4)","background-image":"","background-repeat":"repeat","background-position":"center center","background-size":"auto","background-attachment":"scroll","background-type":"","background-media":"","overlay-type":"","overlay-color":"","overlay-opacity":"","overlay-gradient":""},"tablet":{"background-color":"","background-image":"","background-repeat":"repeat","background-position":"center center","background-size":"auto","background-attachment":"scroll","background-type":"","background-media":"","overlay-type":"","overlay-color":"","overlay-opacity":"","overlay-gradient":""},"mobile":{"background-color":"","background-image":"","background-repeat":"repeat","background-position":"center center","background-size":"auto","background-attachment":"scroll","background-type":"","background-media":"","overlay-type":"","overlay-color":"","overlay-opacity":"","overlay-gradient":""}},"ast-content-background-meta":{"desktop":{"background-color":"var(--ast-global-color-5)","background-image":"","background-repeat":"repeat","background-position":"center center","background-size":"auto","background-attachment":"scroll","background-type":"","background-media":"","overlay-type":"","overlay-color":"","overlay-opacity":"","overlay-gradient":""},"tablet":{"background-color":"var(--ast-global-color-5)","background-image":"","background-repeat":"repeat","background-position":"center center","background-size":"auto","background-attachment":"scroll","background-type":"","background-media":"","overlay-type":"","overlay-color":"","overlay-opacity":"","overlay-gradient":""},"mobile":{"background-color":"var(--ast-global-color-5)","background-image":"","background-repeat":"repeat","background-position":"center center","background-size":"auto","background-attachment":"scroll","background-type":"","background-media":"","overlay-type":"","overlay-color":"","overlay-opacity":"","overlay-gradient":""}},"footnotes":""},"categories":[16],"tags":[],"class_list":["post-1354","post","type-post","status-publish","format-standard","hentry","category-archives-cms"],"_links":{"self":[{"href":"https:\/\/lavoiedessansvoix.fr\/lavoie\/wp-json\/wp\/v2\/posts\/1354","targetHints":{"allow":["GET"]}}],"collection":[{"href":"https:\/\/lavoiedessansvoix.fr\/lavoie\/wp-json\/wp\/v2\/posts"}],"about":[{"href":"https:\/\/lavoiedessansvoix.fr\/lavoie\/wp-json\/wp\/v2\/types\/post"}],"author":[{"embeddable":true,"href":"https:\/\/lavoiedessansvoix.fr\/lavoie\/wp-json\/wp\/v2\/users\/1"}],"replies":[{"embeddable":true,"href":"https:\/\/lavoiedessansvoix.fr\/lavoie\/wp-json\/wp\/v2\/comments?post=1354"}],"version-history":[{"count":0,"href":"https:\/\/lavoiedessansvoix.fr\/lavoie\/wp-json\/wp\/v2\/posts\/1354\/revisions"}],"wp:attachment":[{"href":"https:\/\/lavoiedessansvoix.fr\/lavoie\/wp-json\/wp\/v2\/media?parent=1354"}],"wp:term":[{"taxonomy":"category","embeddable":true,"href":"https:\/\/lavoiedessansvoix.fr\/lavoie\/wp-json\/wp\/v2\/categories?post=1354"},{"taxonomy":"post_tag","embeddable":true,"href":"https:\/\/lavoiedessansvoix.fr\/lavoie\/wp-json\/wp\/v2\/tags?post=1354"}],"curies":[{"name":"wp","href":"https:\/\/api.w.org\/{rel}","templated":true}]}}