{"id":1353,"date":"2013-11-20T03:07:00","date_gmt":"2013-11-20T02:07:00","guid":{"rendered":"https:\/\/lavoiedessansvoix.fr\/lavoie\/2013\/11\/20\/archive-le-leurre-de-la-croissance\/"},"modified":"2013-11-20T03:07:00","modified_gmt":"2013-11-20T02:07:00","slug":"archive-le-leurre-de-la-croissance","status":"publish","type":"post","link":"https:\/\/lavoiedessansvoix.fr\/lavoie\/2013\/11\/20\/archive-le-leurre-de-la-croissance\/","title":{"rendered":"LE LEURRE DE LA CROISSANCE"},"content":{"rendered":"<p>LE LEURRE DE LA CROISSANCE    Nous avons dit pr\u00e9c\u00e9demment, (\u00ab Croissance ? La propagande mensong\u00e8re \u00bb)  que \u00ab La fin de la r\u00e9cession annonc\u00e9e, le retour de la croissance, l\u2019inversion de la courbe du ch\u00f4mage en fin d\u2019ann\u00e9e, ne sont que des mots qui rel\u00e8vent de la propagande mensong\u00e8re, pour tromper \u00ab le bon peuple \u00bb et tenter d\u2019endiguer la col\u00e8re qui enfle. \u00bb Et nous annoncions qu\u2019il y avait plus, que le \u00ab concept m\u00eame de \u00ab la croissance \u00bb, ind\u00e9pendamment des r\u00e9sultats \u00e9conomiques du moment, bons ou mauvais, \u00e9tait devenu un leurre \u00e0 l\u2019usage des peuples.Quand les peuples dans leur ensemble, ou des fractions de ceux-ci, se plaignent des difficult\u00e9s qui sont leurs, de l\u2019insuffisance des salaires, de la pression fiscale, du ch\u00f4mage, des d\u00e9localisations, de la chert\u00e9 de la vie, etc., ils ont coutume de leur r\u00e9pondre que c\u2019est \u00ab la crise \u00bb, que les marges des entreprises sont insuffisantes, etc., et que pour accroitre leur bien-\u00eatre, il faut \u00ab relancer \u00bb la machine \u00e9conomique, que c\u2019est la \u00ab croissance \u00bb qui sera g\u00e9n\u00e9ratrice d\u2019emplois et de revenus. La \u00ab croissance \u00bb serait donc la panac\u00e9e de l\u2019\u00e9conomie capitaliste, le rem\u00e8de \u00e0 tous les maux dont souffrent les classes laborieuses de la soci\u00e9t\u00e9.Cette id\u00e9e est tellement r\u00e9pandue, pour un peu on pourrait imaginer qu\u2019elle rel\u00e8ve de la \u00ab v\u00e9rit\u00e9 r\u00e9v\u00e9l\u00e9e \u00bb. Tellement commun\u00e9ment admise que \u00ab l\u2019id\u00e9ologie de gauche \u00bb en a fait de longtemps sa religion et de la \u00ab relance \u00bb son cr\u00e9do. Dans les ann\u00e9es 70, \u00ab Le programme commun de gouvernement de la gauche \u00bb, faisait de la \u00ab croissance \u00bb le point d\u2019orgue de sa politique \u00e9conomique : \u00ab Conscient des obstacles l\u00e9gu\u00e9s par la domination capitaliste,\u2026 le gouvernement maintiendra des \u00e9quilibres financiers en s\u2019appuyant sur une nouvelle logique de la croissance. \u00bb \u00ab La logique capitaliste du profit et de l\u2019exportation engendre en effet une croissance d\u00e9s\u00e9quilibr\u00e9e, qui n\u2019assure pas la satisfaction des besoins fondamentaux\u2026. Le d\u00e9veloppement de la d\u00e9mocratie \u00e9conomique et politique,\u2026, permettra d\u2019instaurer une autre logique \u2013 celle d\u2019une croissance \u00e9quilibr\u00e9e au service du plus grand nombre. \u00bb \u00ab Cette croissance nouvelle assurera un essor consid\u00e9rable\u2026 \u00bb (Editions Sociales. Page 139). N\u2019est-ce pas d\u2019ailleurs \u00e0 cet \u00e9clairage aussi qu\u2019il convient d\u2019appr\u00e9cier l\u2019opposition de principe de \u00ab la gauche maintenue \u00bb (non gouvernementale) \u00e0 toute politique de rigueur, g\u00e9n\u00e9ratrice de r\u00e9cession. Or, pour \u00eatre commun\u00e9ment admise, cette id\u00e9e n\u2019en est pas moins fausse et contre-productive.Les travailleurs, les salari\u00e9s, ne seraient fond\u00e9s, \u00e0 cette aune, \u00e0 r\u00e9clamer de meilleurs salaires, une meilleure protections sociale, des cr\u00e9ations d\u2019emplois, qu\u2019\u00e0 la condition expresse qu\u2019ils fassent tourner plus et plus fort, l\u2019\u00e9conomie capitaliste. Pas de croissance pas d\u2019adoucissement \u00e0 escompter de la condition salariale. A l\u2019\u00e9chelle sociale tout enti\u00e8re, (\u00e0 l\u2019\u00e9chelle macro\u00e9conomique) cela n\u2019est rien moins que la transcription de l\u2019orduri\u00e8re formule individualiste de Sarkozy, \u00ab travailler plus pour gagner plus \u00bb.Je vous interpelle, chers amis visiteurs. N\u2019avez-vous jamais song\u00e9 \u00e0 l\u2019enflure du verbe qui s\u2019exprime dans ce postulat de la \u00ab croissance \u00bb, comme objectif permanent de l\u2019\u00e9conomie, et aux calamit\u00e9s qui en d\u00e9coulent ? La population Fran\u00e7aise, et m\u00eame mondiale cro\u00eet, il convient d\u2019assurer les ressources de tous les nouveaux individus qui peuplent les nations, mais un grand nombre d\u2019entre eux vit \u00ab chichement \u00bb voire m\u00eame en dessous du seuil de pauvret\u00e9. C\u2019est avec raison qu\u2019ils ont le droit de r\u00e9clamer l\u2019accroissement de leurs revenus. Et on leur r\u00e9pond, cela n\u2019est possible que si l\u2019\u00e9conomie croit. C\u2019est une fuite en avant sans fin. Comment l\u2019\u00e9conomie mondiale pourrait-elle croitre toujours, sans mettre en p\u00e9ril les ressources naturelles, l\u2019environnement, les grands \u00e9quilibres plan\u00e9taires ? En v\u00e9rit\u00e9, il y a une autre r\u00e9ponse aux dol\u00e9ances populaires. L\u2019\u00e9conomie mondiale telle qu\u2019elle est, produit d\u00e9j\u00e0 beaucoup de biens et de richesses qui suffiraient largement \u00e0 assurer le bien-\u00eatre de tous, \u00e0 la condition  qu\u2019ils soient mieux r\u00e9partis, que le partage de la richesse produite, entre travail et capital soit r\u00e9\u00e9quilibr\u00e9 au profit du travail. Or c\u2019est pr\u00e9cis\u00e9ment de cela que les classes dirigeantes de la soci\u00e9t\u00e9, et leur personnel politique ne veulent surtout pas entendre parler. Le th\u00e8me de \u00ab la croissance \u00bb a pour fonction de d\u00e9tourner les regards de cette option en les fixant ailleurs, sur la \u00ab sant\u00e9 de l\u2019\u00e9conomie \u00bb (capitaliste) sur ses  \u00e9lucubrations prom\u00e9th\u00e9ennes de \u00ab croissance infinie \u00bb. C\u2019est en ce sens que \u00ab la croissance \u00bb est un leurre.\u2026 Contr\u00f4ler le partage de la richesse n\u2019est pas qu\u2019une question d\u2019\u00e9quit\u00e9, c\u2019est le passage oblig\u00e9 pour rendre \u00e0 \u00ab l\u2019homme \u00bb la maitrise d\u2019une machine folle dont il est l\u2019objet.  L\u2019\u00e9conomie capitaliste est source d\u2019ali\u00e9nation. L\u2019\u00e9conomie raisonn\u00e9e est promesse de lib\u00e9ration  La course effr\u00e9n\u00e9e au profit, pour le profit, sans aucuns rapports avec les besoins r\u00e9els de l\u2019humanit\u00e9, est g\u00e9n\u00e9ratrice de gaspillages cyclop\u00e9ens. Maitriser, raisonner l\u2019\u00e9conomie pour mettre fin \u00e0 cette gabegie d\u00e9gagerait des richesses colossales actuellement utilis\u00e9es en pures pertes ou futilit\u00e9s que l\u2019on pourrait mettre au service du bien commun (Nous traiterons de la gabegie capitaliste dans un prochain article.),La question fondamentale de nos soci\u00e9t\u00e9s, ce n\u2019est pas la croissance c\u2019est le partage des richesses.Est-ce \u00e0 dire qu\u2019il ne faut pas et jamais de \u00ab croissance \u00bb ? Non bien s\u00fbr ! Mais alors une croissance raisonn\u00e9e. Quoiqu\u2019il en soit, en l\u2019\u00e9tat actuel des choses, la \u00ab croissance \u00bb \u00e0 elle seule ne peut rien r\u00e9gler des mis\u00e8res du monde aussi longtemps que les accapareurs capitaliste s\u2019arrogent la part du lion et ne laisse que des miettes aux classes populaires. C\u2019est donc bien cette question du partage qu\u2019il convient de replacer au centre des pr\u00e9occupations. Ceux qui se retranchent derri\u00e8re \u00ab la croissance \u00bb, en appellent \u00e0 \u00ab la relance \u00bb, sciemment ou inconsciemment, contribuent par ce leurre \u00e0 d\u00e9tourner l\u2019attention et la revendication populaire de ce qui doit-\u00eatre sa priorit\u00e9 et sa premi\u00e8re exigence.Mercredi 20 novembre 2013.<\/p>\n","protected":false},"excerpt":{"rendered":"<p>LE LEURRE DE LA CROISSANCE Nous avons dit pr\u00e9c\u00e9demment, (\u00ab Croissance ? La propagande mensong\u00e8re \u00bb) que \u00ab La fin [&hellip;]<\/p>\n","protected":false},"author":1,"featured_media":0,"comment_status":"open","ping_status":"open","sticky":false,"template":"","format":"standard","meta":{"sfsi_plus_gutenberg_text_before_share":"","sfsi_plus_gutenberg_show_text_before_share":"","sfsi_plus_gutenberg_icon_type":"","sfsi_plus_gutenberg_icon_alignemt":"","sfsi_plus_gutenburg_max_per_row":"","site-sidebar-layout":"default","site-content-layout":"","ast-site-content-layout":"default","site-content-style":"default","site-sidebar-style":"default","ast-global-header-display":"","ast-banner-title-visibility":"","ast-main-header-display":"","ast-hfb-above-header-display":"","ast-hfb-below-header-display":"","ast-hfb-mobile-header-display":"","site-post-title":"","ast-breadcrumbs-content":"","ast-featured-img":"","footer-sml-layout":"","ast-disable-related-posts":"","theme-transparent-header-meta":"","adv-header-id-meta":"","stick-header-meta":"","header-above-stick-meta":"","header-main-stick-meta":"","header-below-stick-meta":"","astra-migrate-meta-layouts":"default","ast-page-background-enabled":"default","ast-page-background-meta":{"desktop":{"background-color":"var(--ast-global-color-4)","background-image":"","background-repeat":"repeat","background-position":"center center","background-size":"auto","background-attachment":"scroll","background-type":"","background-media":"","overlay-type":"","overlay-color":"","overlay-opacity":"","overlay-gradient":""},"tablet":{"background-color":"","background-image":"","background-repeat":"repeat","background-position":"center center","background-size":"auto","background-attachment":"scroll","background-type":"","background-media":"","overlay-type":"","overlay-color":"","overlay-opacity":"","overlay-gradient":""},"mobile":{"background-color":"","background-image":"","background-repeat":"repeat","background-position":"center center","background-size":"auto","background-attachment":"scroll","background-type":"","background-media":"","overlay-type":"","overlay-color":"","overlay-opacity":"","overlay-gradient":""}},"ast-content-background-meta":{"desktop":{"background-color":"var(--ast-global-color-5)","background-image":"","background-repeat":"repeat","background-position":"center center","background-size":"auto","background-attachment":"scroll","background-type":"","background-media":"","overlay-type":"","overlay-color":"","overlay-opacity":"","overlay-gradient":""},"tablet":{"background-color":"var(--ast-global-color-5)","background-image":"","background-repeat":"repeat","background-position":"center center","background-size":"auto","background-attachment":"scroll","background-type":"","background-media":"","overlay-type":"","overlay-color":"","overlay-opacity":"","overlay-gradient":""},"mobile":{"background-color":"var(--ast-global-color-5)","background-image":"","background-repeat":"repeat","background-position":"center center","background-size":"auto","background-attachment":"scroll","background-type":"","background-media":"","overlay-type":"","overlay-color":"","overlay-opacity":"","overlay-gradient":""}},"footnotes":""},"categories":[16],"tags":[],"class_list":["post-1353","post","type-post","status-publish","format-standard","hentry","category-archives-cms"],"_links":{"self":[{"href":"https:\/\/lavoiedessansvoix.fr\/lavoie\/wp-json\/wp\/v2\/posts\/1353","targetHints":{"allow":["GET"]}}],"collection":[{"href":"https:\/\/lavoiedessansvoix.fr\/lavoie\/wp-json\/wp\/v2\/posts"}],"about":[{"href":"https:\/\/lavoiedessansvoix.fr\/lavoie\/wp-json\/wp\/v2\/types\/post"}],"author":[{"embeddable":true,"href":"https:\/\/lavoiedessansvoix.fr\/lavoie\/wp-json\/wp\/v2\/users\/1"}],"replies":[{"embeddable":true,"href":"https:\/\/lavoiedessansvoix.fr\/lavoie\/wp-json\/wp\/v2\/comments?post=1353"}],"version-history":[{"count":0,"href":"https:\/\/lavoiedessansvoix.fr\/lavoie\/wp-json\/wp\/v2\/posts\/1353\/revisions"}],"wp:attachment":[{"href":"https:\/\/lavoiedessansvoix.fr\/lavoie\/wp-json\/wp\/v2\/media?parent=1353"}],"wp:term":[{"taxonomy":"category","embeddable":true,"href":"https:\/\/lavoiedessansvoix.fr\/lavoie\/wp-json\/wp\/v2\/categories?post=1353"},{"taxonomy":"post_tag","embeddable":true,"href":"https:\/\/lavoiedessansvoix.fr\/lavoie\/wp-json\/wp\/v2\/tags?post=1353"}],"curies":[{"name":"wp","href":"https:\/\/api.w.org\/{rel}","templated":true}]}}